{"id":9792,"date":"2019-10-27T15:38:53","date_gmt":"2019-10-27T15:38:53","guid":{"rendered":"https:\/\/jorgezanoni.com.br\/2019\/?p=9792"},"modified":"2019-10-27T15:44:15","modified_gmt":"2019-10-27T15:44:15","slug":"marceneiro-realiza-sonho-e-constroi-fusca-conversivel-de-madeira-no-interior-de-sp","status":"publish","type":"post","link":"https:\/\/jorgezanoni.com.br\/2019\/marceneiro-realiza-sonho-e-constroi-fusca-conversivel-de-madeira-no-interior-de-sp\/","title":{"rendered":"Marceneiro realiza sonho e constr\u00f3i Fusca convers\u00edvel de madeira no interior de SP"},"content":{"rendered":"<h2 class=\"content-head__subtitle\" style=\"text-align: justify;\"><strong>Carro foi desenhado e constru\u00eddo por Lu\u00eds Ant\u00f4nio dos Santos, de Santa F\u00e9 do Sul (SP). Projeto demorou cerca de um ano para ser conclu\u00eddo.<\/strong><\/h2>\n<div class=\"mc-column content-text active-extra-styles \" data-block-type=\"unstyled\" data-block-weight=\"34\" data-block-id=\"2\">\n<p class=\"content-text__container \" style=\"text-align: justify;\" data-track-category=\"Link no Texto\" data-track-links=\"\">Entre um trabalho e outro, o marceneiro Lu\u00eds Ant\u00f4nio dos Santos, morador de Santa F\u00e9 do Sul (SP), encontrou tempo suficiente para construir com as pr\u00f3prias m\u00e3os um Fusca convers\u00edvel inteiro de madeira.<\/p>\n<\/div>\n<div class=\"wall protected-content\">\n<div class=\"mc-column content-text active-extra-styles \" style=\"text-align: justify;\" data-block-type=\"unstyled\" data-block-weight=\"25\" data-block-id=\"3\">\n<p class=\"content-text__container \" data-track-category=\"Link no Texto\" data-track-links=\"\">Mas se engana quem pensa que o ve\u00edculo \u00e9 de brinquedo ou em miniatura. O ve\u00edculo tem motor, bancos, retrovisores, buzina e anda normalmente.<\/p>\n<\/div>\n<div class=\"mc-column content-text active-extra-styles \" data-block-type=\"unstyled\" data-block-weight=\"28\" data-block-id=\"4\">\n<p class=\"content-text__container \" style=\"text-align: justify;\" data-track-category=\"Link no Texto\" data-track-links=\"\">De acordo com Lu\u00eds, a ideia nasceu da vontade de unir a profiss\u00e3o e as habilidades para realizar o sonho, que nasceu h\u00e1 mais de 10 anos.<\/p>\n<p class=\"content-text__container \" style=\"text-align: justify;\" data-track-category=\"Link no Texto\" data-track-links=\"\">&#8220;<span style=\"font-style: italic; text-align: center;\">Como sou marceneiro, pensei em fazer o carro. Ent\u00e3o, fiz as contas e percebi que dava para tirar do papel. No come\u00e7o, era para fazer uma carruagem, mas mudei de ideia e resolvi fazer um carro\u201d, afirma Lu\u00eds.<\/span><\/p>\n<p style=\"text-align: justify;\" data-track-category=\"Link no Texto\" data-track-links=\"\"><img loading=\"lazy\" decoding=\"async\" class=\"alignnone size-full wp-image-9793\" src=\"https:\/\/jorgezanoni.com.br\/2019\/wp-content\/uploads\/2019\/10\/fusca1.jpg\" alt=\"\" width=\"1200\" height=\"900\" srcset=\"https:\/\/jorgezanoni.com.br\/2019\/wp-content\/uploads\/2019\/10\/fusca1.jpg 1200w, https:\/\/jorgezanoni.com.br\/2019\/wp-content\/uploads\/2019\/10\/fusca1-300x225.jpg 300w, https:\/\/jorgezanoni.com.br\/2019\/wp-content\/uploads\/2019\/10\/fusca1-768x576.jpg 768w, https:\/\/jorgezanoni.com.br\/2019\/wp-content\/uploads\/2019\/10\/fusca1-1024x768.jpg 1024w, https:\/\/jorgezanoni.com.br\/2019\/wp-content\/uploads\/2019\/10\/fusca1-80x60.jpg 80w, https:\/\/jorgezanoni.com.br\/2019\/wp-content\/uploads\/2019\/10\/fusca1-265x198.jpg 265w, https:\/\/jorgezanoni.com.br\/2019\/wp-content\/uploads\/2019\/10\/fusca1-696x522.jpg 696w, https:\/\/jorgezanoni.com.br\/2019\/wp-content\/uploads\/2019\/10\/fusca1-1068x801.jpg 1068w, https:\/\/jorgezanoni.com.br\/2019\/wp-content\/uploads\/2019\/10\/fusca1-560x420.jpg 560w\" sizes=\"auto, (max-width: 1200px) 100vw, 1200px\" \/>Detalhes do fusca convers\u00edvel constru\u00eddo por marceneiro em Santa F\u00e9 do Sul \u2014 Foto: Reprodu\u00e7\u00e3o\/TV TEM<\/p>\n<div class=\"mc-column content-text active-extra-styles \" style=\"text-align: justify;\" data-block-type=\"unstyled\" data-block-weight=\"46\" data-block-id=\"8\">\n<p class=\"content-text__container \" data-track-category=\"Link no Texto\" data-track-links=\"\">Ao longo de um ano, o marceneiro utilizou o tempo livre que possu\u00eda para transformar as chapas de madeira em um carro convers\u00edvel. O chassi usado no projeto veio de um Fusca que Lu\u00eds ganhou de uma prima como forma de pagamento por um servi\u00e7o.<\/p>\n<\/div>\n<div class=\"mc-column content-text active-extra-styles \" data-block-type=\"unstyled\" data-block-weight=\"44\" data-block-id=\"9\">\n<p class=\"content-text__container \" style=\"text-align: justify;\" data-track-category=\"Link no Texto\" data-track-links=\"\">\u201c\u00c9 tudo de madeira maci\u00e7a. Ainda faltam alguns detalhes, mas quando o vi quase pronto, achei muito legal. A maioria n\u00e3o acreditava. Aqueles que acreditavam n\u00e3o sabiam como seria feito. Ver alguma coisa que voc\u00ea inventou e fez, \u00e9 muito bacana\u201d, diz Lu\u00eds.<\/p>\n<p style=\"text-align: justify;\" data-track-category=\"Link no Texto\" data-track-links=\"\"><img loading=\"lazy\" decoding=\"async\" class=\"alignnone size-full wp-image-9794\" src=\"https:\/\/jorgezanoni.com.br\/2019\/wp-content\/uploads\/2019\/10\/fusca2.jpg\" alt=\"\" width=\"1200\" height=\"675\" srcset=\"https:\/\/jorgezanoni.com.br\/2019\/wp-content\/uploads\/2019\/10\/fusca2.jpg 1200w, https:\/\/jorgezanoni.com.br\/2019\/wp-content\/uploads\/2019\/10\/fusca2-300x169.jpg 300w, https:\/\/jorgezanoni.com.br\/2019\/wp-content\/uploads\/2019\/10\/fusca2-768x432.jpg 768w, https:\/\/jorgezanoni.com.br\/2019\/wp-content\/uploads\/2019\/10\/fusca2-1024x576.jpg 1024w, https:\/\/jorgezanoni.com.br\/2019\/wp-content\/uploads\/2019\/10\/fusca2-696x392.jpg 696w, https:\/\/jorgezanoni.com.br\/2019\/wp-content\/uploads\/2019\/10\/fusca2-1068x601.jpg 1068w, https:\/\/jorgezanoni.com.br\/2019\/wp-content\/uploads\/2019\/10\/fusca2-747x420.jpg 747w\" sizes=\"auto, (max-width: 1200px) 100vw, 1200px\" \/>Lu\u00eds construiu o carro a partir do chassi do fusca que trocou com uma prima \u2014 Foto: Reprodu\u00e7\u00e3o\/TV TEM<\/p>\n<div class=\"mc-column content-text active-extra-styles \" style=\"text-align: justify;\" data-block-type=\"unstyled\" data-block-weight=\"41\" data-block-id=\"12\">\n<p class=\"content-text__container \" data-track-category=\"Link no Texto\" data-track-links=\"\">Poucas pessoas conhecem o Fusca, pois ele ainda n\u00e3o saiu do s\u00edtio da fam\u00edlia, j\u00e1 que Lu\u00eds ainda est\u00e1 tentando regulariz\u00e1-lo junto aos \u00f3rg\u00e3os competentes. Contudo, os que tiveram contato com o carro afirmam que nunca viram algo parecido.<\/p>\n<\/div>\n<div class=\"mc-column content-text active-extra-styles \" data-block-type=\"unstyled\" data-block-weight=\"30\" data-block-id=\"13\">\n<p class=\"content-text__container \" style=\"text-align: justify;\" data-track-category=\"Link no Texto\" data-track-links=\"\">\u201cFicou muito bom mesmo. Muito lindo. Eu mesma, nunca tinha visto. N\u00f3s vemos em miniatura, n\u00e9? Agora em tamanho natural \u00e9 dif\u00edcil\u201d, diz a vendedora D\u00e9bora Fonseca de Oliveira.<\/p>\n<div class=\"mc-column content-text active-extra-styles \" style=\"text-align: justify;\" data-block-type=\"unstyled\" data-block-weight=\"28\" data-block-id=\"15\">\n<p class=\"content-text__container \" data-track-category=\"Link no Texto\" data-track-links=\"\">Se para a vendedora, o sentimento foi de surpresa ao ver o Fusca convers\u00edvel pela primeira vez, as tr\u00eas filhas do marceneiro alegam que se sentem orgulhosas.<\/p>\n<\/div>\n<div class=\"mc-column content-text active-extra-styles \" data-block-type=\"unstyled\" data-block-weight=\"28\" data-block-id=\"16\">\n<p class=\"content-text__container \" style=\"text-align: justify;\" data-track-category=\"Link no Texto\" data-track-links=\"\">\u201cOlha o carro como est\u00e1. O pessoal fica impressionado. Pergunta se ele realmente anda. \u00c9 bem legal\u201d, afirma uma das tr\u00eas filhas do marceneiro, Debora dos Santos.<\/p>\n<p style=\"text-align: justify;\" data-track-category=\"Link no Texto\" data-track-links=\"\"><img loading=\"lazy\" decoding=\"async\" class=\"alignnone size-full wp-image-9795\" src=\"https:\/\/jorgezanoni.com.br\/2019\/wp-content\/uploads\/2019\/10\/Fusca3.jpg\" alt=\"\" width=\"1200\" height=\"675\" srcset=\"https:\/\/jorgezanoni.com.br\/2019\/wp-content\/uploads\/2019\/10\/Fusca3.jpg 1200w, https:\/\/jorgezanoni.com.br\/2019\/wp-content\/uploads\/2019\/10\/Fusca3-300x169.jpg 300w, https:\/\/jorgezanoni.com.br\/2019\/wp-content\/uploads\/2019\/10\/Fusca3-768x432.jpg 768w, https:\/\/jorgezanoni.com.br\/2019\/wp-content\/uploads\/2019\/10\/Fusca3-1024x576.jpg 1024w, https:\/\/jorgezanoni.com.br\/2019\/wp-content\/uploads\/2019\/10\/Fusca3-696x392.jpg 696w, https:\/\/jorgezanoni.com.br\/2019\/wp-content\/uploads\/2019\/10\/Fusca3-1068x601.jpg 1068w, https:\/\/jorgezanoni.com.br\/2019\/wp-content\/uploads\/2019\/10\/Fusca3-747x420.jpg 747w\" sizes=\"auto, (max-width: 1200px) 100vw, 1200px\" \/>Lu\u00eds desenhou e colocou em pr\u00e1tica o projeto em Santa F\u00e9 do Sul \u2014 Foto: Reprodu\u00e7\u00e3o\/TV TEM<\/p>\n<p style=\"text-align: justify;\" data-track-category=\"Link no Texto\" data-track-links=\"\">Fonte: https:\/\/g1.globo.com\/sp\/sao-jose-do-rio-preto-aracatuba\/noticia\/2019\/10\/27\/marceneiro-realiza-sonho-e-constroi-fusca-conversivel-de-madeira-no-interior-de-sp-video.ghtml<\/p>\n<\/div>\n<\/div>\n<\/div>\n<\/div>\n<\/div>\n","protected":false},"excerpt":{"rendered":"<p>Carro foi desenhado e constru\u00eddo por Lu\u00eds Ant\u00f4nio dos Santos, de Santa F\u00e9 do Sul (SP). Projeto demorou cerca de um ano para ser conclu\u00eddo. Entre um trabalho e outro, o marceneiro Lu\u00eds Ant\u00f4nio dos Santos, morador de Santa F\u00e9 do Sul (SP), encontrou tempo suficiente para construir com as pr\u00f3prias m\u00e3os um Fusca convers\u00edvel [&hellip;]<\/p>\n","protected":false},"author":1,"featured_media":9796,"comment_status":"closed","ping_status":"open","sticky":false,"template":"","format":"standard","meta":{"footnotes":""},"categories":[114,110],"tags":[],"class_list":["post-9792","post","type-post","status-publish","format-standard","has-post-thumbnail","hentry","category-geralecomercio","category-noticiasdestaque"],"_links":{"self":[{"href":"https:\/\/jorgezanoni.com.br\/2019\/wp-json\/wp\/v2\/posts\/9792","targetHints":{"allow":["GET"]}}],"collection":[{"href":"https:\/\/jorgezanoni.com.br\/2019\/wp-json\/wp\/v2\/posts"}],"about":[{"href":"https:\/\/jorgezanoni.com.br\/2019\/wp-json\/wp\/v2\/types\/post"}],"author":[{"embeddable":true,"href":"https:\/\/jorgezanoni.com.br\/2019\/wp-json\/wp\/v2\/users\/1"}],"replies":[{"embeddable":true,"href":"https:\/\/jorgezanoni.com.br\/2019\/wp-json\/wp\/v2\/comments?post=9792"}],"version-history":[{"count":0,"href":"https:\/\/jorgezanoni.com.br\/2019\/wp-json\/wp\/v2\/posts\/9792\/revisions"}],"wp:featuredmedia":[{"embeddable":true,"href":"https:\/\/jorgezanoni.com.br\/2019\/wp-json\/wp\/v2\/media\/9796"}],"wp:attachment":[{"href":"https:\/\/jorgezanoni.com.br\/2019\/wp-json\/wp\/v2\/media?parent=9792"}],"wp:term":[{"taxonomy":"category","embeddable":true,"href":"https:\/\/jorgezanoni.com.br\/2019\/wp-json\/wp\/v2\/categories?post=9792"},{"taxonomy":"post_tag","embeddable":true,"href":"https:\/\/jorgezanoni.com.br\/2019\/wp-json\/wp\/v2\/tags?post=9792"}],"curies":[{"name":"wp","href":"https:\/\/api.w.org\/{rel}","templated":true}]}}