{"id":97882,"date":"2025-09-05T22:05:08","date_gmt":"2025-09-05T22:05:08","guid":{"rendered":"https:\/\/jorgezanoni.com.br\/2019\/?p=97882"},"modified":"2025-09-05T22:05:08","modified_gmt":"2025-09-05T22:05:08","slug":"suicidio-quando-a-dor-quer-silencio-e-nao-o-fim-da-vida-por-cidinha-pascoaloto","status":"publish","type":"post","link":"https:\/\/jorgezanoni.com.br\/2019\/suicidio-quando-a-dor-quer-silencio-e-nao-o-fim-da-vida-por-cidinha-pascoaloto\/","title":{"rendered":"\u201cSuic\u00eddio: Quando a Dor Quer Sil\u00eancio, e N\u00e3o o Fim da Vida\u201d  (por Cidinha Pascoaloto)"},"content":{"rendered":"<p style=\"text-align: justify;\">O suic\u00eddio \u00e9 resultado de \u00a0v\u00e1rias causas envolvendo combina\u00e7\u00f5es de fatores emocionais, psicol\u00f3gicos, sociais e em alguns casos biol\u00f3gicos. Depress\u00e3o, ansiedade, transtornos mentais, uso abusivo de subst\u00e2ncias, situa\u00e7\u00f5es de viol\u00eancia, luto, isolamento social e dificuldades financeiras s\u00e3o alguns dos elementos que podem fragilizar a vontade de viver.<\/p>\n<p style=\"text-align: justify;\">\u00a0Mas ser\u00e1 que a pessoa realmente quer morrer? Na maioria dos casos, n\u00e3o. O que ela deseja \u00e9 dar fim a uma dor emocional t\u00e3o intensa que parece insuport\u00e1vel. O suic\u00eddio, nesse contexto, surge como uma tentativa de silenciar o sofrimento\u00a0 e n\u00e3o a vida.<\/p>\n<p style=\"text-align: justify;\">Em muitos casos a pessoa em risco d\u00e1 sinais verbais e n\u00e3o verbais de que precisa de ajuda. As mudan\u00e7as repentinas de comportamentos ou humor, falar sobre morte ou falta de sentido na vida, se afasta \u00a0dos amigos e familiares, deixa de fazer atividades que antes gostava, deixa de\u00a0 se cuidar, demonstra comportamento de risco e express\u00f5es de desesperos.<\/p>\n<p style=\"text-align: justify;\">Esses sinais devem ser levados a s\u00e9rio. Ouvir com valida\u00e7\u00e3o os sentimentos do paciente \u00e9 fundamental. Sem fazer julgamentos desnecess\u00e1rios.Voc\u00ea deve falar abertamente sobre o suic\u00eddio, \u00e9 importante e n\u00e3o incentiva a pessoa se matar. Escutar com aten\u00e7\u00e3o, perguntar com cuidado, oferecer companhia,\u00a0 ajuda\u00a0 a pessoa enfrentar a \u00a0dor e suavisa o sofrimento.<\/p>\n<p style=\"text-align: justify;\">\u00a0\u00c9 fundamental se colocar no lugar da pessoa que pensa em se matar, sem preconceito e compreens\u00e3o. Saber conversar com algu\u00e9m suicida pode ser um desfio emocional e delicado, mas vale falar sobre os valores que a pessoa tem. Voc\u00ea pode fazer diferen\u00e7a na vida de uma pessoa que est\u00e1 enfrentando uma crise existencial.<\/p>\n<p style=\"text-align: justify;\">O que voc\u00ea pode dizer para quem quer\u00a0 tirar a vida? Estou aqui para te ouvir, sinto muito pelo que voc\u00ea est\u00e1 sentindo, mas voc\u00ea n\u00e3o precisa passar isso sozinho, O que posso fazer agora para ajuda-lo? Suic\u00eddio \u00e9 o ato de causar a pr\u00f3pria morte de forma planejada.<\/p>\n<p><img loading=\"lazy\" decoding=\"async\" class=\"alignnone size-full wp-image-97883\" src=\"https:\/\/jorgezanoni.com.br\/2019\/wp-content\/uploads\/2025\/09\/Cidinha-Pascoaloto.jpg\" alt=\"\" width=\"339\" height=\"480\" srcset=\"https:\/\/jorgezanoni.com.br\/2019\/wp-content\/uploads\/2025\/09\/Cidinha-Pascoaloto.jpg 339w, https:\/\/jorgezanoni.com.br\/2019\/wp-content\/uploads\/2025\/09\/Cidinha-Pascoaloto-212x300.jpg 212w, https:\/\/jorgezanoni.com.br\/2019\/wp-content\/uploads\/2025\/09\/Cidinha-Pascoaloto-297x420.jpg 297w\" sizes=\"auto, (max-width: 339px) 100vw, 339px\" \/><\/p>\n<p>Cidinha Pascoaloto-Psic\u00f3loga, CRP 06\/158174. Presencial e online<\/p>\n<p>\ud83d\udcde (18) 99725-6418<\/p>\n<p><a href=\"http:\/\/www.facebook.com\/cidinha.pascoaloto\">www.facebook.com\/cidinha.pascoaloto<\/a><\/p>\n<p><a href=\"https:\/\/www.instagram.com\/cidinhapsicologa?igsh=MXM1NWNodzd5bzN4bA%3D%3D\">Cidinha Pascoaloto (@cidinhapsicologa) \u2022 Fotos e v\u00eddeos do Instagram<\/a><\/p>\n","protected":false},"excerpt":{"rendered":"<p>O suic\u00eddio \u00e9 resultado de \u00a0v\u00e1rias causas envolvendo combina\u00e7\u00f5es de fatores emocionais, psicol\u00f3gicos, sociais e em alguns casos biol\u00f3gicos. Depress\u00e3o, ansiedade, transtornos mentais, uso abusivo de subst\u00e2ncias, situa\u00e7\u00f5es de viol\u00eancia, luto, isolamento social e dificuldades financeiras s\u00e3o alguns dos elementos que podem fragilizar a vontade de viver. \u00a0Mas ser\u00e1 que a pessoa realmente quer morrer? [&hellip;]<\/p>\n","protected":false},"author":1,"featured_media":97884,"comment_status":"closed","ping_status":"open","sticky":false,"template":"","format":"standard","meta":{"footnotes":""},"categories":[175],"tags":[],"class_list":["post-97882","post","type-post","status-publish","format-standard","has-post-thumbnail","hentry","category-artigos"],"_links":{"self":[{"href":"https:\/\/jorgezanoni.com.br\/2019\/wp-json\/wp\/v2\/posts\/97882","targetHints":{"allow":["GET"]}}],"collection":[{"href":"https:\/\/jorgezanoni.com.br\/2019\/wp-json\/wp\/v2\/posts"}],"about":[{"href":"https:\/\/jorgezanoni.com.br\/2019\/wp-json\/wp\/v2\/types\/post"}],"author":[{"embeddable":true,"href":"https:\/\/jorgezanoni.com.br\/2019\/wp-json\/wp\/v2\/users\/1"}],"replies":[{"embeddable":true,"href":"https:\/\/jorgezanoni.com.br\/2019\/wp-json\/wp\/v2\/comments?post=97882"}],"version-history":[{"count":1,"href":"https:\/\/jorgezanoni.com.br\/2019\/wp-json\/wp\/v2\/posts\/97882\/revisions"}],"predecessor-version":[{"id":97885,"href":"https:\/\/jorgezanoni.com.br\/2019\/wp-json\/wp\/v2\/posts\/97882\/revisions\/97885"}],"wp:featuredmedia":[{"embeddable":true,"href":"https:\/\/jorgezanoni.com.br\/2019\/wp-json\/wp\/v2\/media\/97884"}],"wp:attachment":[{"href":"https:\/\/jorgezanoni.com.br\/2019\/wp-json\/wp\/v2\/media?parent=97882"}],"wp:term":[{"taxonomy":"category","embeddable":true,"href":"https:\/\/jorgezanoni.com.br\/2019\/wp-json\/wp\/v2\/categories?post=97882"},{"taxonomy":"post_tag","embeddable":true,"href":"https:\/\/jorgezanoni.com.br\/2019\/wp-json\/wp\/v2\/tags?post=97882"}],"curies":[{"name":"wp","href":"https:\/\/api.w.org\/{rel}","templated":true}]}}