{"id":9775,"date":"2019-10-27T14:42:16","date_gmt":"2019-10-27T14:42:16","guid":{"rendered":"https:\/\/jorgezanoni.com.br\/2019\/?p=9775"},"modified":"2019-10-27T14:42:16","modified_gmt":"2019-10-27T14:42:16","slug":"dia-de-finados-cemiterio-local-atendera-em-horario-ampliado","status":"publish","type":"post","link":"https:\/\/jorgezanoni.com.br\/2019\/dia-de-finados-cemiterio-local-atendera-em-horario-ampliado\/","title":{"rendered":"Dia de Finados. Cemit\u00e9rio local atender\u00e1 em hor\u00e1rio ampliado"},"content":{"rendered":"<h2 class=\"jeg_post_subtitle\" style=\"text-align: justify;\"><strong>No s\u00e1bado, 2, ser\u00e3o celebradas duas missas; movimenta\u00e7\u00e3o j\u00e1 come\u00e7a ficar maior.<\/strong><\/h2>\n<p style=\"text-align: justify;\">No dia de Finados, 2 de novembro, o cemit\u00e9rio municipal funcionar\u00e1 em hor\u00e1rio diferenciado para atender os visitantes. Conforme a Diretoria de Comunica\u00e7\u00e3o da municipalidade, o campo santo estar\u00e1 aberto das 6h \u00e0s 18h. O expediente normal \u00e9 das 7h \u00e0s 17h.<\/p>\n<div class=\"jeg_ad jeg_ad_article jnews_content_inline_ads  \" style=\"text-align: justify;\">\n<div class=\"ads-wrapper align-right \">\n<div class=\"ads_google_ads\">Tamb\u00e9m ressalta que o cemit\u00e9rio recebe servi\u00e7os de limpeza e obras devido \u00e0 data.<\/div>\n<\/div>\n<\/div>\n<p style=\"text-align: justify;\">A secretaria da igreja Matriz Nossa Senhora Aparecida informa que haver\u00e1 missas no cemit\u00e9rio local \u00e0s 7h e \u00e0s 9h. Na Matriz, a celebra\u00e7\u00e3o de s\u00e1bado, 2, ocorrer\u00e1 normalmente \u00e0s 19h.<\/p>\n<p style=\"text-align: justify;\">Nesta semana, a movimenta\u00e7\u00e3o no cemit\u00e9rio j\u00e1 foi maior se comparada aos dias anteriores. Devido \u00e0 proximidade da data que celebra o respeito aos mortos, muitos v\u00e3o limpar as sepulturas de seus familiares ou fazer melhorias.<\/p>\n<p style=\"text-align: justify;\">De olho em um extra nas finan\u00e7as, tamb\u00e9m h\u00e1 pessoas que prestam servi\u00e7os de limpeza ou reparos para deixar tudo pronto para a data.<\/p>\n<p style=\"text-align: justify;\"><img loading=\"lazy\" decoding=\"async\" class=\"alignnone size-full wp-image-9776\" src=\"https:\/\/jorgezanoni.com.br\/2019\/wp-content\/uploads\/2019\/10\/cemiterio.jpg\" alt=\"\" width=\"750\" height=\"375\" srcset=\"https:\/\/jorgezanoni.com.br\/2019\/wp-content\/uploads\/2019\/10\/cemiterio.jpg 750w, https:\/\/jorgezanoni.com.br\/2019\/wp-content\/uploads\/2019\/10\/cemiterio-300x150.jpg 300w, https:\/\/jorgezanoni.com.br\/2019\/wp-content\/uploads\/2019\/10\/cemiterio-696x348.jpg 696w\" sizes=\"auto, (max-width: 750px) 100vw, 750px\" \/>Melhorias em sepulturas antes do dia de Finados come\u00e7aram ser intensificadas esta semana (Vanessa Matsumoto\/JR)<\/p>\n<p>Fonte: Portal Regional<\/p>\n<p>&nbsp;<\/p>\n","protected":false},"excerpt":{"rendered":"<p>No s\u00e1bado, 2, ser\u00e3o celebradas duas missas; movimenta\u00e7\u00e3o j\u00e1 come\u00e7a ficar maior. No dia de Finados, 2 de novembro, o cemit\u00e9rio municipal funcionar\u00e1 em hor\u00e1rio diferenciado para atender os visitantes. Conforme a Diretoria de Comunica\u00e7\u00e3o da municipalidade, o campo santo estar\u00e1 aberto das 6h \u00e0s 18h. O expediente normal \u00e9 das 7h \u00e0s 17h. Tamb\u00e9m [&hellip;]<\/p>\n","protected":false},"author":1,"featured_media":9777,"comment_status":"closed","ping_status":"open","sticky":false,"template":"","format":"standard","meta":{"footnotes":""},"categories":[114,110],"tags":[],"class_list":["post-9775","post","type-post","status-publish","format-standard","has-post-thumbnail","hentry","category-geralecomercio","category-noticiasdestaque"],"_links":{"self":[{"href":"https:\/\/jorgezanoni.com.br\/2019\/wp-json\/wp\/v2\/posts\/9775","targetHints":{"allow":["GET"]}}],"collection":[{"href":"https:\/\/jorgezanoni.com.br\/2019\/wp-json\/wp\/v2\/posts"}],"about":[{"href":"https:\/\/jorgezanoni.com.br\/2019\/wp-json\/wp\/v2\/types\/post"}],"author":[{"embeddable":true,"href":"https:\/\/jorgezanoni.com.br\/2019\/wp-json\/wp\/v2\/users\/1"}],"replies":[{"embeddable":true,"href":"https:\/\/jorgezanoni.com.br\/2019\/wp-json\/wp\/v2\/comments?post=9775"}],"version-history":[{"count":0,"href":"https:\/\/jorgezanoni.com.br\/2019\/wp-json\/wp\/v2\/posts\/9775\/revisions"}],"wp:featuredmedia":[{"embeddable":true,"href":"https:\/\/jorgezanoni.com.br\/2019\/wp-json\/wp\/v2\/media\/9777"}],"wp:attachment":[{"href":"https:\/\/jorgezanoni.com.br\/2019\/wp-json\/wp\/v2\/media?parent=9775"}],"wp:term":[{"taxonomy":"category","embeddable":true,"href":"https:\/\/jorgezanoni.com.br\/2019\/wp-json\/wp\/v2\/categories?post=9775"},{"taxonomy":"post_tag","embeddable":true,"href":"https:\/\/jorgezanoni.com.br\/2019\/wp-json\/wp\/v2\/tags?post=9775"}],"curies":[{"name":"wp","href":"https:\/\/api.w.org\/{rel}","templated":true}]}}