{"id":97721,"date":"2025-08-28T21:51:02","date_gmt":"2025-08-28T21:51:02","guid":{"rendered":"https:\/\/jorgezanoni.com.br\/2019\/?p=97721"},"modified":"2025-08-28T21:51:02","modified_gmt":"2025-08-28T21:51:02","slug":"ao-usar-freio-moto-derrapa-e-mulher-cai-e-fica-ferida-na-jose-bonifacio-em-dracena","status":"publish","type":"post","link":"https:\/\/jorgezanoni.com.br\/2019\/ao-usar-freio-moto-derrapa-e-mulher-cai-e-fica-ferida-na-jose-bonifacio-em-dracena\/","title":{"rendered":"Ao usar freio moto derrapa e mulher cai e fica ferida na Jos\u00e9 Bonif\u00e1cio em Dracena"},"content":{"rendered":"<p style=\"text-align: justify;\"><strong>Acidente aconteceu no final da tarde desta quinta-feira (28) na Avenida Jos\u00e9 Bonif\u00e1cio, pr\u00f3ximo da esquina com a Rua Caramuru.<\/strong><\/p>\n<p style=\"text-align: justify;\">Segundo informa\u00e7\u00f5es obtidas no local pela reportagem do SITE JZ e TOP TV, uma mulher conduzia uma moto no sentido bairro-centro pela Jos\u00e9 Bonif\u00e1cio e um ve\u00edculo que estava \u00e0 sua frente deu seta que iroa virar a esquerda na Rua Caramuru. Para n\u00e3o bater no carro a condutora da motocicleta freiou e acabou derrapando e caindo ao solo. A pista estava molhada.<\/p>\n<p style=\"text-align: justify;\">Com o impacto que sofreu ao cair, ela teve ferimentos e foi socorrida por uma Unidade de Resgate do Corpo de Bombeiros ao Pronto Atendimento Municipal.<\/p>\n<p style=\"text-align: justify;\">Parab\u00e9ns para o condutor do ve\u00edculo Prisma que mesmo N\u00c3O estando envolvido no acidente, parou para ajudar a prestar socorro.<\/p>\n<p>N\u00e3o houve Boletim de Ocorr\u00eancias no local<\/p>\n<p><img loading=\"lazy\" decoding=\"async\" class=\"alignnone size-full wp-image-97722\" src=\"https:\/\/jorgezanoni.com.br\/2019\/wp-content\/uploads\/2025\/08\/j1.jpg\" alt=\"\" width=\"270\" height=\"480\" srcset=\"https:\/\/jorgezanoni.com.br\/2019\/wp-content\/uploads\/2025\/08\/j1.jpg 270w, https:\/\/jorgezanoni.com.br\/2019\/wp-content\/uploads\/2025\/08\/j1-169x300.jpg 169w, https:\/\/jorgezanoni.com.br\/2019\/wp-content\/uploads\/2025\/08\/j1-236x420.jpg 236w\" sizes=\"auto, (max-width: 270px) 100vw, 270px\" \/> <img loading=\"lazy\" decoding=\"async\" class=\"alignnone size-full wp-image-97723\" src=\"https:\/\/jorgezanoni.com.br\/2019\/wp-content\/uploads\/2025\/08\/j2.jpg\" alt=\"\" width=\"270\" height=\"480\" srcset=\"https:\/\/jorgezanoni.com.br\/2019\/wp-content\/uploads\/2025\/08\/j2.jpg 270w, https:\/\/jorgezanoni.com.br\/2019\/wp-content\/uploads\/2025\/08\/j2-169x300.jpg 169w, https:\/\/jorgezanoni.com.br\/2019\/wp-content\/uploads\/2025\/08\/j2-236x420.jpg 236w\" sizes=\"auto, (max-width: 270px) 100vw, 270px\" \/> \u00a0<img loading=\"lazy\" decoding=\"async\" class=\"alignnone size-full wp-image-97725\" src=\"https:\/\/jorgezanoni.com.br\/2019\/wp-content\/uploads\/2025\/08\/j4.jpg\" alt=\"\" width=\"853\" height=\"480\" srcset=\"https:\/\/jorgezanoni.com.br\/2019\/wp-content\/uploads\/2025\/08\/j4.jpg 853w, https:\/\/jorgezanoni.com.br\/2019\/wp-content\/uploads\/2025\/08\/j4-300x169.jpg 300w, https:\/\/jorgezanoni.com.br\/2019\/wp-content\/uploads\/2025\/08\/j4-768x432.jpg 768w, https:\/\/jorgezanoni.com.br\/2019\/wp-content\/uploads\/2025\/08\/j4-696x392.jpg 696w, https:\/\/jorgezanoni.com.br\/2019\/wp-content\/uploads\/2025\/08\/j4-746x420.jpg 746w\" sizes=\"auto, (max-width: 853px) 100vw, 853px\" \/><\/p>\n<p>Jorge Zanoni<\/p>\n","protected":false},"excerpt":{"rendered":"<p>Acidente aconteceu no final da tarde desta quinta-feira (28) na Avenida Jos\u00e9 Bonif\u00e1cio, pr\u00f3ximo da esquina com a Rua Caramuru. Segundo informa\u00e7\u00f5es obtidas no local pela reportagem do SITE JZ e TOP TV, uma mulher conduzia uma moto no sentido bairro-centro pela Jos\u00e9 Bonif\u00e1cio e um ve\u00edculo que estava \u00e0 sua frente deu seta que [&hellip;]<\/p>\n","protected":false},"author":1,"featured_media":97723,"comment_status":"closed","ping_status":"open","sticky":false,"template":"","format":"standard","meta":{"footnotes":""},"categories":[170,110],"tags":[],"class_list":["post-97721","post","type-post","status-publish","format-standard","has-post-thumbnail","hentry","category-acidentes","category-noticiasdestaque"],"_links":{"self":[{"href":"https:\/\/jorgezanoni.com.br\/2019\/wp-json\/wp\/v2\/posts\/97721","targetHints":{"allow":["GET"]}}],"collection":[{"href":"https:\/\/jorgezanoni.com.br\/2019\/wp-json\/wp\/v2\/posts"}],"about":[{"href":"https:\/\/jorgezanoni.com.br\/2019\/wp-json\/wp\/v2\/types\/post"}],"author":[{"embeddable":true,"href":"https:\/\/jorgezanoni.com.br\/2019\/wp-json\/wp\/v2\/users\/1"}],"replies":[{"embeddable":true,"href":"https:\/\/jorgezanoni.com.br\/2019\/wp-json\/wp\/v2\/comments?post=97721"}],"version-history":[{"count":1,"href":"https:\/\/jorgezanoni.com.br\/2019\/wp-json\/wp\/v2\/posts\/97721\/revisions"}],"predecessor-version":[{"id":97727,"href":"https:\/\/jorgezanoni.com.br\/2019\/wp-json\/wp\/v2\/posts\/97721\/revisions\/97727"}],"wp:featuredmedia":[{"embeddable":true,"href":"https:\/\/jorgezanoni.com.br\/2019\/wp-json\/wp\/v2\/media\/97723"}],"wp:attachment":[{"href":"https:\/\/jorgezanoni.com.br\/2019\/wp-json\/wp\/v2\/media?parent=97721"}],"wp:term":[{"taxonomy":"category","embeddable":true,"href":"https:\/\/jorgezanoni.com.br\/2019\/wp-json\/wp\/v2\/categories?post=97721"},{"taxonomy":"post_tag","embeddable":true,"href":"https:\/\/jorgezanoni.com.br\/2019\/wp-json\/wp\/v2\/tags?post=97721"}],"curies":[{"name":"wp","href":"https:\/\/api.w.org\/{rel}","templated":true}]}}