{"id":97709,"date":"2025-08-28T20:37:27","date_gmt":"2025-08-28T20:37:27","guid":{"rendered":"https:\/\/jorgezanoni.com.br\/2019\/?p=97709"},"modified":"2025-08-28T20:37:46","modified_gmt":"2025-08-28T20:37:46","slug":"acidnte-envolve-moto-e-dois-carros-na-vargas-em-dracena","status":"publish","type":"post","link":"https:\/\/jorgezanoni.com.br\/2019\/acidnte-envolve-moto-e-dois-carros-na-vargas-em-dracena\/","title":{"rendered":"Acidente envolve moto e dois carros na Vargas em Dracena"},"content":{"rendered":"<p style=\"text-align: justify;\"><strong>Fato foi registrado na esquina da Avenida Presidente Vargas com Rua Leordino da Silva Costa, no centro.<\/strong><\/p>\n<p style=\"text-align: justify;\">Segundo informa\u00e7\u00f5es obtidas no local pela reportagem do SITE JZ e TOP TV, uma moto pilotada por um jovem de 19 anos, fazia o sentido \u00fanico de dire\u00e7\u00e3o centro-bairro pela Vargas, quando um Chevrolet Tracker dirigida por uma mulher, cruzou a avenida pela Rua Leordino, sentido rodovia antiga linha f\u00e9rrea. Com o impacto da batida a motocicleta ficou desgovernada e atingiu um Honda Civic que estava estacionado.<\/p>\n<p style=\"text-align: justify;\">O condutor da moto sofreu diversas escoria\u00e7\u00f5es e foi socorrido por uma Unidade de Resgate do Corpo de Bombeiros ao Pronto Atendimento Municipal. A motorista n\u00e3o se feriu.<\/p>\n<p style=\"text-align: justify;\">As Pol\u00edcia Militar Motorizada e T\u00e9cnica, compareceram ao local para o registro do B.O e dados que ir\u00e3o apontar as causas do acidente.<\/p>\n<p><img loading=\"lazy\" decoding=\"async\" class=\"alignnone size-full wp-image-97715\" src=\"https:\/\/jorgezanoni.com.br\/2019\/wp-content\/uploads\/2025\/08\/6a6226ca-95e0-4237-b2a9-eeeb9fe3389c-1.jpg\" alt=\"\" width=\"270\" height=\"480\" srcset=\"https:\/\/jorgezanoni.com.br\/2019\/wp-content\/uploads\/2025\/08\/6a6226ca-95e0-4237-b2a9-eeeb9fe3389c-1.jpg 270w, https:\/\/jorgezanoni.com.br\/2019\/wp-content\/uploads\/2025\/08\/6a6226ca-95e0-4237-b2a9-eeeb9fe3389c-1-169x300.jpg 169w, https:\/\/jorgezanoni.com.br\/2019\/wp-content\/uploads\/2025\/08\/6a6226ca-95e0-4237-b2a9-eeeb9fe3389c-1-236x420.jpg 236w\" sizes=\"auto, (max-width: 270px) 100vw, 270px\" \/><img loading=\"lazy\" decoding=\"async\" class=\"alignnone size-full wp-image-97716\" src=\"https:\/\/jorgezanoni.com.br\/2019\/wp-content\/uploads\/2025\/08\/013d6b6b-8eda-49d1-8681-3d8359db0a23-1.jpg\" alt=\"\" width=\"853\" height=\"480\" srcset=\"https:\/\/jorgezanoni.com.br\/2019\/wp-content\/uploads\/2025\/08\/013d6b6b-8eda-49d1-8681-3d8359db0a23-1.jpg 853w, https:\/\/jorgezanoni.com.br\/2019\/wp-content\/uploads\/2025\/08\/013d6b6b-8eda-49d1-8681-3d8359db0a23-1-300x169.jpg 300w, https:\/\/jorgezanoni.com.br\/2019\/wp-content\/uploads\/2025\/08\/013d6b6b-8eda-49d1-8681-3d8359db0a23-1-768x432.jpg 768w, https:\/\/jorgezanoni.com.br\/2019\/wp-content\/uploads\/2025\/08\/013d6b6b-8eda-49d1-8681-3d8359db0a23-1-696x392.jpg 696w, https:\/\/jorgezanoni.com.br\/2019\/wp-content\/uploads\/2025\/08\/013d6b6b-8eda-49d1-8681-3d8359db0a23-1-746x420.jpg 746w\" sizes=\"auto, (max-width: 853px) 100vw, 853px\" \/><img loading=\"lazy\" decoding=\"async\" class=\"alignnone size-full wp-image-97717\" src=\"https:\/\/jorgezanoni.com.br\/2019\/wp-content\/uploads\/2025\/08\/177980a8-ef4e-48db-8deb-2384694730fa-1.jpg\" alt=\"\" width=\"270\" height=\"480\" srcset=\"https:\/\/jorgezanoni.com.br\/2019\/wp-content\/uploads\/2025\/08\/177980a8-ef4e-48db-8deb-2384694730fa-1.jpg 270w, https:\/\/jorgezanoni.com.br\/2019\/wp-content\/uploads\/2025\/08\/177980a8-ef4e-48db-8deb-2384694730fa-1-169x300.jpg 169w, https:\/\/jorgezanoni.com.br\/2019\/wp-content\/uploads\/2025\/08\/177980a8-ef4e-48db-8deb-2384694730fa-1-236x420.jpg 236w\" sizes=\"auto, (max-width: 270px) 100vw, 270px\" \/><\/p>\n<p>Jorge Zanoni<\/p>\n<p>&nbsp;<\/p>\n","protected":false},"excerpt":{"rendered":"<p>Fato foi registrado na esquina da Avenida Presidente Vargas com Rua Leordino da Silva Costa, no centro. Segundo informa\u00e7\u00f5es obtidas no local pela reportagem do SITE JZ e TOP TV, uma moto pilotada por um jovem de 19 anos, fazia o sentido \u00fanico de dire\u00e7\u00e3o centro-bairro pela Vargas, quando um Chevrolet Tracker dirigida por uma [&hellip;]<\/p>\n","protected":false},"author":1,"featured_media":97714,"comment_status":"closed","ping_status":"open","sticky":false,"template":"","format":"standard","meta":{"footnotes":""},"categories":[170,110],"tags":[],"class_list":["post-97709","post","type-post","status-publish","format-standard","has-post-thumbnail","hentry","category-acidentes","category-noticiasdestaque"],"_links":{"self":[{"href":"https:\/\/jorgezanoni.com.br\/2019\/wp-json\/wp\/v2\/posts\/97709","targetHints":{"allow":["GET"]}}],"collection":[{"href":"https:\/\/jorgezanoni.com.br\/2019\/wp-json\/wp\/v2\/posts"}],"about":[{"href":"https:\/\/jorgezanoni.com.br\/2019\/wp-json\/wp\/v2\/types\/post"}],"author":[{"embeddable":true,"href":"https:\/\/jorgezanoni.com.br\/2019\/wp-json\/wp\/v2\/users\/1"}],"replies":[{"embeddable":true,"href":"https:\/\/jorgezanoni.com.br\/2019\/wp-json\/wp\/v2\/comments?post=97709"}],"version-history":[{"count":2,"href":"https:\/\/jorgezanoni.com.br\/2019\/wp-json\/wp\/v2\/posts\/97709\/revisions"}],"predecessor-version":[{"id":97720,"href":"https:\/\/jorgezanoni.com.br\/2019\/wp-json\/wp\/v2\/posts\/97709\/revisions\/97720"}],"wp:featuredmedia":[{"embeddable":true,"href":"https:\/\/jorgezanoni.com.br\/2019\/wp-json\/wp\/v2\/media\/97714"}],"wp:attachment":[{"href":"https:\/\/jorgezanoni.com.br\/2019\/wp-json\/wp\/v2\/media?parent=97709"}],"wp:term":[{"taxonomy":"category","embeddable":true,"href":"https:\/\/jorgezanoni.com.br\/2019\/wp-json\/wp\/v2\/categories?post=97709"},{"taxonomy":"post_tag","embeddable":true,"href":"https:\/\/jorgezanoni.com.br\/2019\/wp-json\/wp\/v2\/tags?post=97709"}],"curies":[{"name":"wp","href":"https:\/\/api.w.org\/{rel}","templated":true}]}}