{"id":97706,"date":"2025-08-28T14:34:55","date_gmt":"2025-08-28T14:34:55","guid":{"rendered":"https:\/\/jorgezanoni.com.br\/2019\/?p=97706"},"modified":"2025-08-28T14:34:55","modified_gmt":"2025-08-28T14:34:55","slug":"governo-estadual-quer-assumir-servicos-de-agua-e-esgoto-dos-municipios","status":"publish","type":"post","link":"https:\/\/jorgezanoni.com.br\/2019\/governo-estadual-quer-assumir-servicos-de-agua-e-esgoto-dos-municipios\/","title":{"rendered":"Governo Estadual quer assumir servi\u00e7os de \u00e1gua e esgoto dos munic\u00edpios"},"content":{"rendered":"<p style=\"text-align: justify;\"><strong>EMDAEP n\u00e3o pode acabar. Programa que pode ser implantado, preocupa munic\u00edpios.<\/strong><\/p>\n<p style=\"text-align: justify;\">O governo estadual instituiu o programa Universaliza SP e quer que os munic\u00edpios se unam em cons\u00f3rcios regionais para gerenciamento dos servi\u00e7os de \u00e1gua de esgoto, cobrando tarifa \u00fanica. H\u00e1 rumores que no futuro o governo poder\u00e1 terceirizar os servi\u00e7os, acabando de vez com as empresas e departamentos de \u00e1gua e esgoto. Em troca as Prefeituras receberiam recursos para investimentos nas cidades.<\/p>\n<p style=\"text-align: justify;\">DRACENA N\u00c3O PODE MUDAR<\/p>\n<p style=\"text-align: justify;\">A Prefeitura de Dracena passou para o SAMAE (em 1977) e depois EMDAEP (em 1984) os servi\u00e7os de \u00e1gua e esgoto. S\u00e3o 48 anos de bons servi\u00e7os prestados, com tarifa bem abaixo da Sabesp, por exemplo. Agora, Prefeitura e C\u00e2mara devem resistir \u00e0s mudan\u00e7as e n\u00e3o acabar com a EMDAEP. O governo est\u00e1 pressionando de todas as formas para as cidades aderirem. Assunto t\u00e3o importante como esse n\u00e3o teve nenhuma abordagem p\u00fablica do Executivo e do Legislativo.<\/p>\n<p>Fonte: Bastidores da Not\u00edcia<\/p>\n<p style=\"text-align: justify;\">NOTA: O SITE JZ e TOP TV est\u00e3o \u00e0 disposi\u00e7\u00e3o do executivo e legislativo para discutir com \u00eanfase o assunto. Caso se confirme a vontade do gov\u00earno estadual, seria interessante ouvir a popula\u00e7\u00e3o e fazer manifesta\u00e7\u00f5es ao contr\u00e1rio. Pois temos pre\u00e7os e qualidade que satisfazem os moradores de Dracena.<\/p>\n<p>Foto da Capa \u00e9 de uma manifesta\u00e7\u00e3o que ocorreu h\u00e1 muitos anos quando a Sabesp foi cogitada para assumir os servi\u00e7os na &#8220;Cidade Milagre&#8221;<\/p>\n<p>Jorge Zanoni<\/p>\n<p>&nbsp;<\/p>\n","protected":false},"excerpt":{"rendered":"<p>EMDAEP n\u00e3o pode acabar. Programa que pode ser implantado, preocupa munic\u00edpios. O governo estadual instituiu o programa Universaliza SP e quer que os munic\u00edpios se unam em cons\u00f3rcios regionais para gerenciamento dos servi\u00e7os de \u00e1gua de esgoto, cobrando tarifa \u00fanica. H\u00e1 rumores que no futuro o governo poder\u00e1 terceirizar os servi\u00e7os, acabando de vez com [&hellip;]<\/p>\n","protected":false},"author":1,"featured_media":97707,"comment_status":"closed","ping_status":"open","sticky":false,"template":"","format":"standard","meta":{"footnotes":""},"categories":[179,184,110],"tags":[],"class_list":["post-97706","post","type-post","status-publish","format-standard","has-post-thumbnail","hentry","category-cidadeseregiao","category-dracena","category-noticiasdestaque"],"_links":{"self":[{"href":"https:\/\/jorgezanoni.com.br\/2019\/wp-json\/wp\/v2\/posts\/97706","targetHints":{"allow":["GET"]}}],"collection":[{"href":"https:\/\/jorgezanoni.com.br\/2019\/wp-json\/wp\/v2\/posts"}],"about":[{"href":"https:\/\/jorgezanoni.com.br\/2019\/wp-json\/wp\/v2\/types\/post"}],"author":[{"embeddable":true,"href":"https:\/\/jorgezanoni.com.br\/2019\/wp-json\/wp\/v2\/users\/1"}],"replies":[{"embeddable":true,"href":"https:\/\/jorgezanoni.com.br\/2019\/wp-json\/wp\/v2\/comments?post=97706"}],"version-history":[{"count":1,"href":"https:\/\/jorgezanoni.com.br\/2019\/wp-json\/wp\/v2\/posts\/97706\/revisions"}],"predecessor-version":[{"id":97708,"href":"https:\/\/jorgezanoni.com.br\/2019\/wp-json\/wp\/v2\/posts\/97706\/revisions\/97708"}],"wp:featuredmedia":[{"embeddable":true,"href":"https:\/\/jorgezanoni.com.br\/2019\/wp-json\/wp\/v2\/media\/97707"}],"wp:attachment":[{"href":"https:\/\/jorgezanoni.com.br\/2019\/wp-json\/wp\/v2\/media?parent=97706"}],"wp:term":[{"taxonomy":"category","embeddable":true,"href":"https:\/\/jorgezanoni.com.br\/2019\/wp-json\/wp\/v2\/categories?post=97706"},{"taxonomy":"post_tag","embeddable":true,"href":"https:\/\/jorgezanoni.com.br\/2019\/wp-json\/wp\/v2\/tags?post=97706"}],"curies":[{"name":"wp","href":"https:\/\/api.w.org\/{rel}","templated":true}]}}