{"id":97699,"date":"2025-08-28T01:03:27","date_gmt":"2025-08-28T01:03:27","guid":{"rendered":"https:\/\/jorgezanoni.com.br\/2019\/?p=97699"},"modified":"2025-08-28T01:03:27","modified_gmt":"2025-08-28T01:03:27","slug":"idosa-de-89-anos-e-encontrada-morta-em-residencia-no-jardim-santa-clara-em-dracena","status":"publish","type":"post","link":"https:\/\/jorgezanoni.com.br\/2019\/idosa-de-89-anos-e-encontrada-morta-em-residencia-no-jardim-santa-clara-em-dracena\/","title":{"rendered":"Idosa de 89 anos \u00e9 encontrada morta em resid\u00eancia no Jardim Santa Clara em Dracena"},"content":{"rendered":"<h2 style=\"text-align: justify;\"><strong>Vizinhos comunicaram a Pol\u00edcia Militar que havia forte saindo do im\u00f3vel.<\/strong><\/h2>\n<div class=\"glb-grid\"><main class=\"mc-body theme\"><\/p>\n<div class=\"mc-article-body\">\n<article>\n<div id=\"chunk-drbih\" style=\"text-align: justify;\">\n<div class=\"mc-column content-text active-extra-styles \" data-block-type=\"unstyled\" data-block-weight=\"32\" data-block-id=\"2\">\n<p class=\" content-text__container \" data-track-category=\"Link no Texto\" data-track-links=\"\" data-mrf-recirculation=\"Mat\u00e9ria - Links no Texto\">Uma mulher, de 88 anos, foi encontrada morta nesta quarta-feira (27), na resid\u00eancia onde morava sozinha, na Rua An\u00e1lia Franco, no Jardim Santa Clara. A Pol\u00edcia Civil registrou o caso como morte suspeita.<\/p>\n<\/div>\n<\/div>\n<div class=\"wall protected-content\">\n<div id=\"chunk-3q5jk\" style=\"text-align: justify;\">\n<div class=\"mc-column content-text active-extra-styles \" data-block-type=\"unstyled\" data-block-weight=\"27\" data-block-id=\"5\">\n<p class=\" content-text__container \" data-track-category=\"Link no Texto\" data-track-links=\"\" data-mrf-recirculation=\"Mat\u00e9ria - Links no Texto\">De acordo com as informa\u00e7\u00f5es repassadas pela Pol\u00edcia Civil, os vizinhos acionaram a Pol\u00edcia Militar ap\u00f3s perceberem um cheiro forte oriundo da casa onde a idosa residia.<\/p>\n<\/div>\n<\/div>\n<div id=\"chunk-1sbdf\" style=\"text-align: justify;\">\n<div class=\"mc-column content-text active-extra-styles \" data-block-type=\"unstyled\" data-block-weight=\"19\" data-block-id=\"6\">\n<p class=\" content-text__container \" data-track-category=\"Link no Texto\" data-track-links=\"\" data-mrf-recirculation=\"Mat\u00e9ria - Links no Texto\">Al\u00e9m disso, segundo a pol\u00edcia, os vizinhos j\u00e1 n\u00e3o notavam presen\u00e7a da mulher nos arredores da casa, havia alguns dias.<\/p>\n<\/div>\n<\/div>\n<div id=\"chunk-36jes\">\n<div class=\"mc-column content-text active-extra-styles \" data-block-type=\"unstyled\" data-block-weight=\"20\" data-block-id=\"7\">\n<p class=\" content-text__container \" style=\"text-align: justify;\" data-track-category=\"Link no Texto\" data-track-links=\"\" data-mrf-recirculation=\"Mat\u00e9ria - Links no Texto\">Ap\u00f3s o acionamento, os policiais militares encontraram o corpo da moradora j\u00e1 em estado avan\u00e7ado de decomposi\u00e7\u00e3o dentro do im\u00f3vel.<\/p>\n<div id=\"chunk-fn7rp\" style=\"text-align: justify;\">\n<div class=\"mc-column content-text active-extra-styles \" data-block-type=\"unstyled\" data-block-weight=\"11\" data-block-id=\"9\">\n<p class=\" content-text__container \" data-track-category=\"Link no Texto\" data-track-links=\"\" data-mrf-recirculation=\"Mat\u00e9ria - Links no Texto\">O Instituto de Criminal\u00edstica tamb\u00e9m foi acionado e compareceu ao local.<\/p>\n<\/div>\n<\/div>\n<div id=\"chunk-7ri8h\">\n<div class=\"mc-column content-text active-extra-styles \" data-block-type=\"unstyled\" data-block-weight=\"19\" data-block-id=\"10\">\n<p class=\" content-text__container \" style=\"text-align: justify;\" data-track-category=\"Link no Texto\" data-track-links=\"\" data-mrf-recirculation=\"Mat\u00e9ria - Links no Texto\">Um laudo necrosc\u00f3pico ser\u00e1 elaborado pelo Instituto M\u00e9dico Legal (IML) para determinar a causa e as circunst\u00e2ncias da morte.<\/p>\n<p data-track-category=\"Link no Texto\" data-track-links=\"\" data-mrf-recirculation=\"Mat\u00e9ria - Links no Texto\"><img loading=\"lazy\" decoding=\"async\" class=\"alignnone size-full wp-image-97700\" src=\"https:\/\/jorgezanoni.com.br\/2019\/wp-content\/uploads\/2025\/08\/z-vila-Telefone.jpg\" alt=\"\" width=\"320\" height=\"241\" srcset=\"https:\/\/jorgezanoni.com.br\/2019\/wp-content\/uploads\/2025\/08\/z-vila-Telefone.jpg 320w, https:\/\/jorgezanoni.com.br\/2019\/wp-content\/uploads\/2025\/08\/z-vila-Telefone-300x226.jpg 300w, https:\/\/jorgezanoni.com.br\/2019\/wp-content\/uploads\/2025\/08\/z-vila-Telefone-80x60.jpg 80w\" sizes=\"auto, (max-width: 320px) 100vw, 320px\" \/><\/p>\n<p data-track-category=\"Link no Texto\" data-track-links=\"\" data-mrf-recirculation=\"Mat\u00e9ria - Links no Texto\">Jorge Zanoni<\/p>\n<p data-track-category=\"Link no Texto\" data-track-links=\"\" data-mrf-recirculation=\"Mat\u00e9ria - Links no Texto\">Fotos de Internauta<\/p>\n<\/div>\n<\/div>\n<\/div>\n<\/div>\n<div id=\"chunk-742ko\">\n<div class=\"content-ads content-ads--reveal\" data-block-type=\"ads\" data-block-id=\"8\">\n<div id=\"banner_materia2\" class=\"tag-manager-publicidade-container tag-manager-publicidade-banner_materia2 tag-manager-publicidade-container--carregado tag-manager-publicidade-container--visivel\" data-google-query-id=\"CPqw9bqhrI8DFcQHuQYd0hUNkg\"><\/div>\n<\/div>\n<\/div>\n<\/div>\n<\/article>\n<\/div>\n<p><\/main><\/p>\n<div class=\"mc-bottom\" data-mrf-recirculation=\"Mat\u00e9ria - Mais do G1 (Feed)\">\n<div class=\"feed theme-border-color-primary\">\n<div class=\"theme\">\n<div id=\"bstn-launcher\" class=\"fore-posts-setted fore-posts-3 bsl-has-fore-posts bsl-has-items bsl-no-headline-variation bstn-channel-desktop bstn-api-multi-content bstn-tenant-g1\" data-buildversion=\"12.12.3\" data-folderversion=\"mr_435430\" data-namespace=\"dsframework\" data-jshash=\"2025074ebfc5537803477489a70e15792cacf3\" data-csshash=\"202507a77e97346cad4c22eea641d1ba1dc7f7\">\n<div id=\"bstn-fd-launcher\">\n<div class=\"feed-root\">\n<div id=\"feed-placeholder\" class=\"feed-placeholder\">\n<div class=\"_evt\">\n<div class=\"bstn-fd bstn-fd-csr bstn-fd-recommended\">\n<div class=\"_evg\">\n<div class=\"_evt\">\n<div class=\"bastian-page\" data-index=\"1\">\n<div class=\"_evg\">\n<div class=\"_evt\">\n<div class=\"bastian-feed-item\" data-type=\"materia\" data-index=\"3\">\n<div id=\"37e4e2e2-31f3-4767-84f1-6216f34a4b5d\" class=\"feed-post bstn-item-shape type-materia\">\n<div class=\"feed-post-body\">\n<div class=\"feed-post-metadata\"><\/div>\n<\/div>\n<\/div>\n<\/div>\n<\/div>\n<div class=\"_evt\">\n<div class=\"bastian-feed-item\" data-type=\"materia\" data-index=\"4\">\n<div id=\"d776d11cd3fefb37ddf3c744e510d427\" class=\"feed-post bstn-item-shape type-materia\">\n<div class=\"feed-post-body\">\n<div class=\"feed-post-header\"><\/div>\n<div class=\"feed-post-body-title gui-color-primary gui-color-hover \">\n<div class=\"_evt\"><\/div>\n<\/div>\n<\/div>\n<\/div>\n<\/div>\n<\/div>\n<\/div>\n<\/div>\n<\/div>\n<\/div>\n<\/div>\n<\/div>\n<\/div>\n<\/div>\n<\/div>\n<\/div>\n<\/div>\n<\/div>\n<\/div>\n<\/div>\n<h2 class=\"content-head__subtitle\"><\/h2>\n<h1 class=\"content-head__title\"><\/h1>\n","protected":false},"excerpt":{"rendered":"<p>Vizinhos comunicaram a Pol\u00edcia Militar que havia forte saindo do im\u00f3vel. Uma mulher, de 88 anos, foi encontrada morta nesta quarta-feira (27), na resid\u00eancia onde morava sozinha, na Rua An\u00e1lia Franco, no Jardim Santa Clara. A Pol\u00edcia Civil registrou o caso como morte suspeita. De acordo com as informa\u00e7\u00f5es repassadas pela Pol\u00edcia Civil, os vizinhos [&hellip;]<\/p>\n","protected":false},"author":1,"featured_media":97701,"comment_status":"closed","ping_status":"open","sticky":false,"template":"","format":"standard","meta":{"footnotes":""},"categories":[110,2],"tags":[],"class_list":["post-97699","post","type-post","status-publish","format-standard","has-post-thumbnail","hentry","category-noticiasdestaque","category-policial"],"_links":{"self":[{"href":"https:\/\/jorgezanoni.com.br\/2019\/wp-json\/wp\/v2\/posts\/97699","targetHints":{"allow":["GET"]}}],"collection":[{"href":"https:\/\/jorgezanoni.com.br\/2019\/wp-json\/wp\/v2\/posts"}],"about":[{"href":"https:\/\/jorgezanoni.com.br\/2019\/wp-json\/wp\/v2\/types\/post"}],"author":[{"embeddable":true,"href":"https:\/\/jorgezanoni.com.br\/2019\/wp-json\/wp\/v2\/users\/1"}],"replies":[{"embeddable":true,"href":"https:\/\/jorgezanoni.com.br\/2019\/wp-json\/wp\/v2\/comments?post=97699"}],"version-history":[{"count":1,"href":"https:\/\/jorgezanoni.com.br\/2019\/wp-json\/wp\/v2\/posts\/97699\/revisions"}],"predecessor-version":[{"id":97702,"href":"https:\/\/jorgezanoni.com.br\/2019\/wp-json\/wp\/v2\/posts\/97699\/revisions\/97702"}],"wp:featuredmedia":[{"embeddable":true,"href":"https:\/\/jorgezanoni.com.br\/2019\/wp-json\/wp\/v2\/media\/97701"}],"wp:attachment":[{"href":"https:\/\/jorgezanoni.com.br\/2019\/wp-json\/wp\/v2\/media?parent=97699"}],"wp:term":[{"taxonomy":"category","embeddable":true,"href":"https:\/\/jorgezanoni.com.br\/2019\/wp-json\/wp\/v2\/categories?post=97699"},{"taxonomy":"post_tag","embeddable":true,"href":"https:\/\/jorgezanoni.com.br\/2019\/wp-json\/wp\/v2\/tags?post=97699"}],"curies":[{"name":"wp","href":"https:\/\/api.w.org\/{rel}","templated":true}]}}