{"id":97681,"date":"2025-08-27T16:54:35","date_gmt":"2025-08-27T16:54:35","guid":{"rendered":"https:\/\/jorgezanoni.com.br\/2019\/?p=97681"},"modified":"2025-08-27T16:54:35","modified_gmt":"2025-08-27T16:54:35","slug":"policia-civil-age-rapido-e-esclarece-furto-e-abate-clandestino-de-gado-em-dracena","status":"publish","type":"post","link":"https:\/\/jorgezanoni.com.br\/2019\/policia-civil-age-rapido-e-esclarece-furto-e-abate-clandestino-de-gado-em-dracena\/","title":{"rendered":"Pol\u00edcia Civil age r\u00e1pido e esclarece furto e abate clandestino de gado em Dracena"},"content":{"rendered":"<p style=\"text-align: justify;\">A\u00e7\u00e3o do Grupo de Investiga\u00e7\u00e3o em \u00c1rea Rural (GIAR), com apoio de outras unidades policiais, resulta na apreens\u00e3o de carne bovina, arma de fogo e equipamentos em propriedade ligada ao suspeito.<\/p>\n<p style=\"text-align: justify;\">A Pol\u00edcia Civil do Estado de S\u00e3o Paulo, por interm\u00e9dio das Unidades Especializadas da DIG e DISE de Dracena, esclareceu nesta ter\u00e7a-feira (26) o crime de furto e abate clandestino de uma novilha em uma propriedade rural localizada no distrito de Jacipor\u00e3, munic\u00edpio de Dracena. A investiga\u00e7\u00e3o foi conduzida pelo Grupo de Investiga\u00e7\u00e3o em \u00c1rea Rural (GIAR) e contou com o apoio de policiais civis do 1\u00ba e 2\u00ba Distritos Policiais e do N\u00facleo Especial Criminal (Necrim).<\/p>\n<p style=\"text-align: justify;\">O caso teve in\u00edcio ap\u00f3s o registro de boletim de ocorr\u00eancia feito pela v\u00edtima, um produtor rural, que relatou o furto de uma novilha de aproximadamente 13 arrobas. Segundo informado, indiv\u00edduos ainda n\u00e3o identificados entraram no pasto a cavalo, mataram o animal, levaram a carne e enterraram as v\u00edsceras no local.<\/p>\n<p style=\"text-align: justify;\">De imediato, os agentes do GIAR iniciaram dilig\u00eancias, utilizando informa\u00e7\u00f5es privilegiadas e t\u00e9cnicas investigativas espec\u00edficas para crimes em \u00e1reas rurais. O trabalho r\u00e1pido e coordenado permitiu identificar um suspeito de 76 anos, j\u00e1 conhecido nos meios policiais pela pr\u00e1tica recorrente de delitos semelhantes e por outros antecedentes criminais.<\/p>\n<p style=\"text-align: justify;\">No im\u00f3vel ligado ao investigado, os policiais apreenderam aproximadamente 23 quilos de carne bovina j\u00e1 fracionada, uma espingarda sem numera\u00e7\u00e3o e de calibre indefinido, apetrechos para recarga de muni\u00e7\u00e3o, uma motosserra e uma lanterna. A Pol\u00edcia Cient\u00edfica foi acionada para realizar per\u00edcia no local e elaborar laudo t\u00e9cnico que subsidiar\u00e1 o inqu\u00e9rito policial.<\/p>\n<p style=\"text-align: justify;\">Apesar das dilig\u00eancias t\u00e1ticas empregadas, o suspeito n\u00e3o foi encontrado. Ind\u00edcios apontam que ele teria fugido antes da chegada da equipe policial, uma vez que o im\u00f3vel foi localizado aberto e desocupado.<\/p>\n<p style=\"text-align: justify;\">As investiga\u00e7\u00f5es continuam para apurar a participa\u00e7\u00e3o de poss\u00edveis comparsas e fortalecer o inqu\u00e9rito policial. O hist\u00f3rico criminal do investigado inclui diversos crimes, como furtos, posse e porte de arma de fogo, porte de arma branca, resist\u00eancia \u00e0 pris\u00e3o, uso de documento falso, les\u00e3o corporal, amea\u00e7a, associa\u00e7\u00e3o criminosa e tentativa de homic\u00eddio com emprego de arma de fogo.<\/p>\n<p style=\"text-align: justify;\">A Pol\u00edcia Civil ressalta que a atua\u00e7\u00e3o do GIAR, em conjunto com as demais unidades, tem como objetivo proteger os produtores rurais e coibir crimes que afetam diretamente a economia agr\u00edcola e a seguran\u00e7a alimentar, refor\u00e7ando o compromisso da institui\u00e7\u00e3o em combater de forma eficaz a criminalidade no campo.<\/p>\n<p>Fonte: Comunica\u00e7\u00e3o Social Pol\u00edcia Civil<\/p>\n","protected":false},"excerpt":{"rendered":"<p>A\u00e7\u00e3o do Grupo de Investiga\u00e7\u00e3o em \u00c1rea Rural (GIAR), com apoio de outras unidades policiais, resulta na apreens\u00e3o de carne bovina, arma de fogo e equipamentos em propriedade ligada ao suspeito. A Pol\u00edcia Civil do Estado de S\u00e3o Paulo, por interm\u00e9dio das Unidades Especializadas da DIG e DISE de Dracena, esclareceu nesta ter\u00e7a-feira (26) o [&hellip;]<\/p>\n","protected":false},"author":1,"featured_media":97682,"comment_status":"closed","ping_status":"open","sticky":false,"template":"","format":"standard","meta":{"footnotes":""},"categories":[110,2],"tags":[],"class_list":["post-97681","post","type-post","status-publish","format-standard","has-post-thumbnail","hentry","category-noticiasdestaque","category-policial"],"_links":{"self":[{"href":"https:\/\/jorgezanoni.com.br\/2019\/wp-json\/wp\/v2\/posts\/97681","targetHints":{"allow":["GET"]}}],"collection":[{"href":"https:\/\/jorgezanoni.com.br\/2019\/wp-json\/wp\/v2\/posts"}],"about":[{"href":"https:\/\/jorgezanoni.com.br\/2019\/wp-json\/wp\/v2\/types\/post"}],"author":[{"embeddable":true,"href":"https:\/\/jorgezanoni.com.br\/2019\/wp-json\/wp\/v2\/users\/1"}],"replies":[{"embeddable":true,"href":"https:\/\/jorgezanoni.com.br\/2019\/wp-json\/wp\/v2\/comments?post=97681"}],"version-history":[{"count":1,"href":"https:\/\/jorgezanoni.com.br\/2019\/wp-json\/wp\/v2\/posts\/97681\/revisions"}],"predecessor-version":[{"id":97683,"href":"https:\/\/jorgezanoni.com.br\/2019\/wp-json\/wp\/v2\/posts\/97681\/revisions\/97683"}],"wp:featuredmedia":[{"embeddable":true,"href":"https:\/\/jorgezanoni.com.br\/2019\/wp-json\/wp\/v2\/media\/97682"}],"wp:attachment":[{"href":"https:\/\/jorgezanoni.com.br\/2019\/wp-json\/wp\/v2\/media?parent=97681"}],"wp:term":[{"taxonomy":"category","embeddable":true,"href":"https:\/\/jorgezanoni.com.br\/2019\/wp-json\/wp\/v2\/categories?post=97681"},{"taxonomy":"post_tag","embeddable":true,"href":"https:\/\/jorgezanoni.com.br\/2019\/wp-json\/wp\/v2\/tags?post=97681"}],"curies":[{"name":"wp","href":"https:\/\/api.w.org\/{rel}","templated":true}]}}