{"id":97674,"date":"2025-08-27T16:00:08","date_gmt":"2025-08-27T16:00:08","guid":{"rendered":"https:\/\/jorgezanoni.com.br\/2019\/?p=97674"},"modified":"2025-08-27T16:00:08","modified_gmt":"2025-08-27T16:00:08","slug":"acidente-entre-carro-e-moto-em-avenida-na-vila-barros-em-dracena","status":"publish","type":"post","link":"https:\/\/jorgezanoni.com.br\/2019\/acidente-entre-carro-e-moto-em-avenida-na-vila-barros-em-dracena\/","title":{"rendered":"Acidente entre carro e moto em avenida na Vila Barros em Dracena"},"content":{"rendered":"<p style=\"text-align: justify;\"><strong>Fato foi registrado por volta das 12 H. desta quarta-feira (27) na esquina da Avenida dos Expedicion\u00e1rios com a Rua Antonio Rodrigues de Barros.<\/strong><\/p>\n<p style=\"text-align: justify;\">Segundo informa\u00e7\u00f5es obtidas no local pela reportagem do SITE JZ e TOP TV, um ve\u00edculo Gol placas mercosul conduzido por uma jovem, fazia o sentido bairro-centro pela Expedicion\u00e1rios e ao entrar a esquerda de sua m\u00e3o de dire\u00e7\u00e3o, aconteceu a batida com a motocicleta placa de Dracena, pilotada por um homem, que fazia o sentido contr\u00e1rio.<\/p>\n<p style=\"text-align: justify;\">O condutor da moto sofreu escoria\u00e7\u00f5es e foi socorrido ao Pronto Atendimento Municipal por uma Unidade de Resgate do Corpo de Bombeiros, a motorista, n\u00e3o se feriu.<\/p>\n<p style=\"text-align: justify;\">As Pol\u00edcias Militar e T\u00e9cnica compareceram ao local para registro do B.O e levantamentos que ir\u00e3o apontar as causas do acidente.<\/p>\n<p><img loading=\"lazy\" decoding=\"async\" class=\"alignnone size-full wp-image-97676\" src=\"https:\/\/jorgezanoni.com.br\/2019\/wp-content\/uploads\/2025\/08\/3-Pequeno-4.jpg\" alt=\"\" width=\"361\" height=\"480\" srcset=\"https:\/\/jorgezanoni.com.br\/2019\/wp-content\/uploads\/2025\/08\/3-Pequeno-4.jpg 361w, https:\/\/jorgezanoni.com.br\/2019\/wp-content\/uploads\/2025\/08\/3-Pequeno-4-226x300.jpg 226w, https:\/\/jorgezanoni.com.br\/2019\/wp-content\/uploads\/2025\/08\/3-Pequeno-4-316x420.jpg 316w\" sizes=\"auto, (max-width: 361px) 100vw, 361px\" \/> <img loading=\"lazy\" decoding=\"async\" class=\"alignnone size-full wp-image-97677\" src=\"https:\/\/jorgezanoni.com.br\/2019\/wp-content\/uploads\/2025\/08\/4-Pequeno-3.jpg\" alt=\"\" width=\"853\" height=\"480\" srcset=\"https:\/\/jorgezanoni.com.br\/2019\/wp-content\/uploads\/2025\/08\/4-Pequeno-3.jpg 853w, https:\/\/jorgezanoni.com.br\/2019\/wp-content\/uploads\/2025\/08\/4-Pequeno-3-300x169.jpg 300w, https:\/\/jorgezanoni.com.br\/2019\/wp-content\/uploads\/2025\/08\/4-Pequeno-3-768x432.jpg 768w, https:\/\/jorgezanoni.com.br\/2019\/wp-content\/uploads\/2025\/08\/4-Pequeno-3-696x392.jpg 696w, https:\/\/jorgezanoni.com.br\/2019\/wp-content\/uploads\/2025\/08\/4-Pequeno-3-746x420.jpg 746w\" sizes=\"auto, (max-width: 853px) 100vw, 853px\" \/> <img loading=\"lazy\" decoding=\"async\" class=\"alignnone size-full wp-image-97678\" src=\"https:\/\/jorgezanoni.com.br\/2019\/wp-content\/uploads\/2025\/08\/5-Pequeno-4.jpg\" alt=\"\" width=\"853\" height=\"480\" srcset=\"https:\/\/jorgezanoni.com.br\/2019\/wp-content\/uploads\/2025\/08\/5-Pequeno-4.jpg 853w, https:\/\/jorgezanoni.com.br\/2019\/wp-content\/uploads\/2025\/08\/5-Pequeno-4-300x169.jpg 300w, https:\/\/jorgezanoni.com.br\/2019\/wp-content\/uploads\/2025\/08\/5-Pequeno-4-768x432.jpg 768w, https:\/\/jorgezanoni.com.br\/2019\/wp-content\/uploads\/2025\/08\/5-Pequeno-4-696x392.jpg 696w, https:\/\/jorgezanoni.com.br\/2019\/wp-content\/uploads\/2025\/08\/5-Pequeno-4-746x420.jpg 746w\" sizes=\"auto, (max-width: 853px) 100vw, 853px\" \/> <img loading=\"lazy\" decoding=\"async\" class=\"alignnone size-full wp-image-97679\" src=\"https:\/\/jorgezanoni.com.br\/2019\/wp-content\/uploads\/2025\/08\/6-Pequeno-3.jpg\" alt=\"\" width=\"853\" height=\"480\" srcset=\"https:\/\/jorgezanoni.com.br\/2019\/wp-content\/uploads\/2025\/08\/6-Pequeno-3.jpg 853w, https:\/\/jorgezanoni.com.br\/2019\/wp-content\/uploads\/2025\/08\/6-Pequeno-3-300x169.jpg 300w, https:\/\/jorgezanoni.com.br\/2019\/wp-content\/uploads\/2025\/08\/6-Pequeno-3-768x432.jpg 768w, https:\/\/jorgezanoni.com.br\/2019\/wp-content\/uploads\/2025\/08\/6-Pequeno-3-696x392.jpg 696w, https:\/\/jorgezanoni.com.br\/2019\/wp-content\/uploads\/2025\/08\/6-Pequeno-3-746x420.jpg 746w\" sizes=\"auto, (max-width: 853px) 100vw, 853px\" \/><\/p>\n<p>Jorge Zanoni<\/p>\n<p>Fotos Jorge Zanoni e Internauta<\/p>\n","protected":false},"excerpt":{"rendered":"<p>Fato foi registrado por volta das 12 H. desta quarta-feira (27) na esquina da Avenida dos Expedicion\u00e1rios com a Rua Antonio Rodrigues de Barros. Segundo informa\u00e7\u00f5es obtidas no local pela reportagem do SITE JZ e TOP TV, um ve\u00edculo Gol placas mercosul conduzido por uma jovem, fazia o sentido bairro-centro pela Expedicion\u00e1rios e ao entrar [&hellip;]<\/p>\n","protected":false},"author":1,"featured_media":97675,"comment_status":"closed","ping_status":"open","sticky":false,"template":"","format":"standard","meta":{"footnotes":""},"categories":[170,110],"tags":[],"class_list":["post-97674","post","type-post","status-publish","format-standard","has-post-thumbnail","hentry","category-acidentes","category-noticiasdestaque"],"_links":{"self":[{"href":"https:\/\/jorgezanoni.com.br\/2019\/wp-json\/wp\/v2\/posts\/97674","targetHints":{"allow":["GET"]}}],"collection":[{"href":"https:\/\/jorgezanoni.com.br\/2019\/wp-json\/wp\/v2\/posts"}],"about":[{"href":"https:\/\/jorgezanoni.com.br\/2019\/wp-json\/wp\/v2\/types\/post"}],"author":[{"embeddable":true,"href":"https:\/\/jorgezanoni.com.br\/2019\/wp-json\/wp\/v2\/users\/1"}],"replies":[{"embeddable":true,"href":"https:\/\/jorgezanoni.com.br\/2019\/wp-json\/wp\/v2\/comments?post=97674"}],"version-history":[{"count":1,"href":"https:\/\/jorgezanoni.com.br\/2019\/wp-json\/wp\/v2\/posts\/97674\/revisions"}],"predecessor-version":[{"id":97680,"href":"https:\/\/jorgezanoni.com.br\/2019\/wp-json\/wp\/v2\/posts\/97674\/revisions\/97680"}],"wp:featuredmedia":[{"embeddable":true,"href":"https:\/\/jorgezanoni.com.br\/2019\/wp-json\/wp\/v2\/media\/97675"}],"wp:attachment":[{"href":"https:\/\/jorgezanoni.com.br\/2019\/wp-json\/wp\/v2\/media?parent=97674"}],"wp:term":[{"taxonomy":"category","embeddable":true,"href":"https:\/\/jorgezanoni.com.br\/2019\/wp-json\/wp\/v2\/categories?post=97674"},{"taxonomy":"post_tag","embeddable":true,"href":"https:\/\/jorgezanoni.com.br\/2019\/wp-json\/wp\/v2\/tags?post=97674"}],"curies":[{"name":"wp","href":"https:\/\/api.w.org\/{rel}","templated":true}]}}