{"id":97659,"date":"2025-08-27T12:18:33","date_gmt":"2025-08-27T12:18:33","guid":{"rendered":"https:\/\/jorgezanoni.com.br\/2019\/?p=97659"},"modified":"2025-08-28T01:35:50","modified_gmt":"2025-08-28T01:35:50","slug":"acidente-entre-carro-carregado-com-mercadorias-ilicitas-e-caminhao-oficial-em-dracena","status":"publish","type":"post","link":"https:\/\/jorgezanoni.com.br\/2019\/acidente-entre-carro-carregado-com-mercadorias-ilicitas-e-caminhao-oficial-em-dracena\/","title":{"rendered":"Acidente entre carro carregado com mercadorias il\u00edcitas e caminh\u00e3o oficial em Dracena"},"content":{"rendered":"<p style=\"text-align: justify;\"><strong>Fato foi registrado na manh\u00e3 desta quarta-feira (27) no Bairro Metr\u00f3pole. N\u00e3o foi constatado v\u00edtimas.<\/strong><\/p>\n<p style=\"text-align: justify;\">Segundo informa\u00e7\u00f5es obtidas no local pela reportagem do SITE JZ e TOP TV, um caminh\u00e7ao coletor de lixo pertencente a Prefeitura Municipal de Dracena, descia a Rua Antonio Martins (via preferencial) no sentido centro-bairro, quando um ve\u00edculo Chevrolet Meriva, placas de Paulic\u00e9ia, dirigido por um homem fazia o trajeto Rua Manaus sentido Jardim das Palmeiras ao centro da cidade, colidiu violentamente contra o pesado ve\u00edculo.<\/p>\n<p>O impacto da batida foi t\u00e3o forte que estourou o pneu do caminh\u00e3o.<\/p>\n<p style=\"text-align: justify;\">O condutor do ve\u00edculo que estava com grande quantidade de produtos sem nota fiscal, caracterizando contrabando, abandonou o local.<\/p>\n<p style=\"text-align: justify;\">As Pol\u00edcias Militar e T\u00e9cnica compareceram no local, onde a mercadoria seria apreendida e possivelmente apresentada na Pol\u00edcia Federal de Ara\u00e7atuba e o ve\u00edculo guinchado.<\/p>\n<p><img loading=\"lazy\" decoding=\"async\" class=\"alignnone size-full wp-image-97662\" src=\"https:\/\/jorgezanoni.com.br\/2019\/wp-content\/uploads\/2025\/08\/5-Pequeno-3.jpg\" alt=\"\" width=\"853\" height=\"480\" srcset=\"https:\/\/jorgezanoni.com.br\/2019\/wp-content\/uploads\/2025\/08\/5-Pequeno-3.jpg 853w, https:\/\/jorgezanoni.com.br\/2019\/wp-content\/uploads\/2025\/08\/5-Pequeno-3-300x169.jpg 300w, https:\/\/jorgezanoni.com.br\/2019\/wp-content\/uploads\/2025\/08\/5-Pequeno-3-768x432.jpg 768w, https:\/\/jorgezanoni.com.br\/2019\/wp-content\/uploads\/2025\/08\/5-Pequeno-3-696x392.jpg 696w, https:\/\/jorgezanoni.com.br\/2019\/wp-content\/uploads\/2025\/08\/5-Pequeno-3-746x420.jpg 746w\" sizes=\"auto, (max-width: 853px) 100vw, 853px\" \/> <img loading=\"lazy\" decoding=\"async\" class=\"alignnone size-full wp-image-97663\" src=\"https:\/\/jorgezanoni.com.br\/2019\/wp-content\/uploads\/2025\/08\/6-Pequeno-2.jpg\" alt=\"\" width=\"853\" height=\"480\" srcset=\"https:\/\/jorgezanoni.com.br\/2019\/wp-content\/uploads\/2025\/08\/6-Pequeno-2.jpg 853w, https:\/\/jorgezanoni.com.br\/2019\/wp-content\/uploads\/2025\/08\/6-Pequeno-2-300x169.jpg 300w, https:\/\/jorgezanoni.com.br\/2019\/wp-content\/uploads\/2025\/08\/6-Pequeno-2-768x432.jpg 768w, https:\/\/jorgezanoni.com.br\/2019\/wp-content\/uploads\/2025\/08\/6-Pequeno-2-696x392.jpg 696w, https:\/\/jorgezanoni.com.br\/2019\/wp-content\/uploads\/2025\/08\/6-Pequeno-2-746x420.jpg 746w\" sizes=\"auto, (max-width: 853px) 100vw, 853px\" \/> <img loading=\"lazy\" decoding=\"async\" class=\"alignnone size-full wp-image-97664\" src=\"https:\/\/jorgezanoni.com.br\/2019\/wp-content\/uploads\/2025\/08\/7-Pequeno-2.jpg\" alt=\"\" width=\"270\" height=\"480\" srcset=\"https:\/\/jorgezanoni.com.br\/2019\/wp-content\/uploads\/2025\/08\/7-Pequeno-2.jpg 270w, https:\/\/jorgezanoni.com.br\/2019\/wp-content\/uploads\/2025\/08\/7-Pequeno-2-169x300.jpg 169w, https:\/\/jorgezanoni.com.br\/2019\/wp-content\/uploads\/2025\/08\/7-Pequeno-2-236x420.jpg 236w\" sizes=\"auto, (max-width: 270px) 100vw, 270px\" \/> <img loading=\"lazy\" decoding=\"async\" class=\"alignnone size-full wp-image-97665\" src=\"https:\/\/jorgezanoni.com.br\/2019\/wp-content\/uploads\/2025\/08\/8-Pequeno-2.jpg\" alt=\"\" width=\"853\" height=\"480\" srcset=\"https:\/\/jorgezanoni.com.br\/2019\/wp-content\/uploads\/2025\/08\/8-Pequeno-2.jpg 853w, https:\/\/jorgezanoni.com.br\/2019\/wp-content\/uploads\/2025\/08\/8-Pequeno-2-300x169.jpg 300w, https:\/\/jorgezanoni.com.br\/2019\/wp-content\/uploads\/2025\/08\/8-Pequeno-2-768x432.jpg 768w, https:\/\/jorgezanoni.com.br\/2019\/wp-content\/uploads\/2025\/08\/8-Pequeno-2-696x392.jpg 696w, https:\/\/jorgezanoni.com.br\/2019\/wp-content\/uploads\/2025\/08\/8-Pequeno-2-746x420.jpg 746w\" sizes=\"auto, (max-width: 853px) 100vw, 853px\" \/> <img loading=\"lazy\" decoding=\"async\" class=\"alignnone size-full wp-image-97666\" src=\"https:\/\/jorgezanoni.com.br\/2019\/wp-content\/uploads\/2025\/08\/9-Pequeno-2.jpg\" alt=\"\" width=\"853\" height=\"480\" srcset=\"https:\/\/jorgezanoni.com.br\/2019\/wp-content\/uploads\/2025\/08\/9-Pequeno-2.jpg 853w, https:\/\/jorgezanoni.com.br\/2019\/wp-content\/uploads\/2025\/08\/9-Pequeno-2-300x169.jpg 300w, https:\/\/jorgezanoni.com.br\/2019\/wp-content\/uploads\/2025\/08\/9-Pequeno-2-768x432.jpg 768w, https:\/\/jorgezanoni.com.br\/2019\/wp-content\/uploads\/2025\/08\/9-Pequeno-2-696x392.jpg 696w, https:\/\/jorgezanoni.com.br\/2019\/wp-content\/uploads\/2025\/08\/9-Pequeno-2-746x420.jpg 746w\" sizes=\"auto, (max-width: 853px) 100vw, 853px\" \/> <img loading=\"lazy\" decoding=\"async\" class=\"alignnone size-full wp-image-97667\" src=\"https:\/\/jorgezanoni.com.br\/2019\/wp-content\/uploads\/2025\/08\/10-Pequeno-2.jpg\" alt=\"\" width=\"853\" height=\"480\" srcset=\"https:\/\/jorgezanoni.com.br\/2019\/wp-content\/uploads\/2025\/08\/10-Pequeno-2.jpg 853w, https:\/\/jorgezanoni.com.br\/2019\/wp-content\/uploads\/2025\/08\/10-Pequeno-2-300x169.jpg 300w, https:\/\/jorgezanoni.com.br\/2019\/wp-content\/uploads\/2025\/08\/10-Pequeno-2-768x432.jpg 768w, https:\/\/jorgezanoni.com.br\/2019\/wp-content\/uploads\/2025\/08\/10-Pequeno-2-696x392.jpg 696w, https:\/\/jorgezanoni.com.br\/2019\/wp-content\/uploads\/2025\/08\/10-Pequeno-2-746x420.jpg 746w\" sizes=\"auto, (max-width: 853px) 100vw, 853px\" \/> <img loading=\"lazy\" decoding=\"async\" class=\"alignnone size-full wp-image-97669\" src=\"https:\/\/jorgezanoni.com.br\/2019\/wp-content\/uploads\/2025\/08\/12-Pequeno-3.jpg\" alt=\"\" width=\"853\" height=\"480\" srcset=\"https:\/\/jorgezanoni.com.br\/2019\/wp-content\/uploads\/2025\/08\/12-Pequeno-3.jpg 853w, https:\/\/jorgezanoni.com.br\/2019\/wp-content\/uploads\/2025\/08\/12-Pequeno-3-300x169.jpg 300w, https:\/\/jorgezanoni.com.br\/2019\/wp-content\/uploads\/2025\/08\/12-Pequeno-3-768x432.jpg 768w, https:\/\/jorgezanoni.com.br\/2019\/wp-content\/uploads\/2025\/08\/12-Pequeno-3-696x392.jpg 696w, https:\/\/jorgezanoni.com.br\/2019\/wp-content\/uploads\/2025\/08\/12-Pequeno-3-746x420.jpg 746w\" sizes=\"auto, (max-width: 853px) 100vw, 853px\" \/><img loading=\"lazy\" decoding=\"async\" class=\"alignnone size-full wp-image-97671\" src=\"https:\/\/jorgezanoni.com.br\/2019\/wp-content\/uploads\/2025\/08\/11-Pequeno-4.jpg\" alt=\"\" width=\"270\" height=\"480\" srcset=\"https:\/\/jorgezanoni.com.br\/2019\/wp-content\/uploads\/2025\/08\/11-Pequeno-4.jpg 270w, https:\/\/jorgezanoni.com.br\/2019\/wp-content\/uploads\/2025\/08\/11-Pequeno-4-169x300.jpg 169w, https:\/\/jorgezanoni.com.br\/2019\/wp-content\/uploads\/2025\/08\/11-Pequeno-4-236x420.jpg 236w\" sizes=\"auto, (max-width: 270px) 100vw, 270px\" \/><\/p>\n<p>Jorge Zanoni<\/p>\n<p>NOTA DA PREFEITURA MUNICIPAL<\/p>\n<p style=\"text-align: justify;\">A Secretaria de Limpeza P\u00fablica e Meio Ambiente, disse que o acidente ocorreu por volta das 5h30.<\/p>\n<div class=\"glb-grid\"><main class=\"mc-body theme\"><\/p>\n<div class=\"mc-article-body\">\n<article>\n<div class=\"wall protected-content\">\n<div id=\"chunk-aj6oj\">\n<div class=\"mc-column content-text active-extra-styles \" data-block-type=\"unstyled\" data-block-weight=\"71\" data-block-id=\"14\">\n<p class=\" content-text__container \" style=\"text-align: justify;\" data-track-category=\"Link no Texto\" data-track-links=\"\" data-mrf-recirculation=\"Mat\u00e9ria - Links no Texto\">\u201cNa cabine do caminh\u00e3o de coleta de lixo estavam dois servidores p\u00fablicos, que retornavam para a Secretaria de Limpeza P\u00fablica e Meio Ambiente ap\u00f3s o encerramento do turno de trabalho e, felizmente, n\u00e3o se feriram. Com o impacto da colis\u00e3o, o caminh\u00e3o teve um pneu furado e a pe\u00e7a de prote\u00e7\u00e3o do tanque de combust\u00edvel amassada. Diante do ocorrido, foi registrado um boletim de ocorr\u00eancia\u201d, disse a Prefeitura.<\/p>\n<\/div>\n<\/div>\n<\/div>\n<\/article>\n<\/div>\n<p><\/main><\/div>\n","protected":false},"excerpt":{"rendered":"<p>Fato foi registrado na manh\u00e3 desta quarta-feira (27) no Bairro Metr\u00f3pole. N\u00e3o foi constatado v\u00edtimas. Segundo informa\u00e7\u00f5es obtidas no local pela reportagem do SITE JZ e TOP TV, um caminh\u00e7ao coletor de lixo pertencente a Prefeitura Municipal de Dracena, descia a Rua Antonio Martins (via preferencial) no sentido centro-bairro, quando um ve\u00edculo Chevrolet Meriva, placas [&hellip;]<\/p>\n","protected":false},"author":1,"featured_media":97670,"comment_status":"closed","ping_status":"open","sticky":false,"template":"","format":"standard","meta":{"footnotes":""},"categories":[170,179,184,110,2],"tags":[],"class_list":["post-97659","post","type-post","status-publish","format-standard","has-post-thumbnail","hentry","category-acidentes","category-cidadeseregiao","category-dracena","category-noticiasdestaque","category-policial"],"_links":{"self":[{"href":"https:\/\/jorgezanoni.com.br\/2019\/wp-json\/wp\/v2\/posts\/97659","targetHints":{"allow":["GET"]}}],"collection":[{"href":"https:\/\/jorgezanoni.com.br\/2019\/wp-json\/wp\/v2\/posts"}],"about":[{"href":"https:\/\/jorgezanoni.com.br\/2019\/wp-json\/wp\/v2\/types\/post"}],"author":[{"embeddable":true,"href":"https:\/\/jorgezanoni.com.br\/2019\/wp-json\/wp\/v2\/users\/1"}],"replies":[{"embeddable":true,"href":"https:\/\/jorgezanoni.com.br\/2019\/wp-json\/wp\/v2\/comments?post=97659"}],"version-history":[{"count":3,"href":"https:\/\/jorgezanoni.com.br\/2019\/wp-json\/wp\/v2\/posts\/97659\/revisions"}],"predecessor-version":[{"id":97704,"href":"https:\/\/jorgezanoni.com.br\/2019\/wp-json\/wp\/v2\/posts\/97659\/revisions\/97704"}],"wp:featuredmedia":[{"embeddable":true,"href":"https:\/\/jorgezanoni.com.br\/2019\/wp-json\/wp\/v2\/media\/97670"}],"wp:attachment":[{"href":"https:\/\/jorgezanoni.com.br\/2019\/wp-json\/wp\/v2\/media?parent=97659"}],"wp:term":[{"taxonomy":"category","embeddable":true,"href":"https:\/\/jorgezanoni.com.br\/2019\/wp-json\/wp\/v2\/categories?post=97659"},{"taxonomy":"post_tag","embeddable":true,"href":"https:\/\/jorgezanoni.com.br\/2019\/wp-json\/wp\/v2\/tags?post=97659"}],"curies":[{"name":"wp","href":"https:\/\/api.w.org\/{rel}","templated":true}]}}