{"id":97637,"date":"2025-08-26T23:28:54","date_gmt":"2025-08-26T23:28:54","guid":{"rendered":"https:\/\/jorgezanoni.com.br\/2019\/?p=97637"},"modified":"2025-08-27T00:28:52","modified_gmt":"2025-08-27T00:28:52","slug":"acidente-entre-carro-e-moto-deixa-uma-pessoa-ferida-no-bairro-metropole-em-dracena","status":"publish","type":"post","link":"https:\/\/jorgezanoni.com.br\/2019\/acidente-entre-carro-e-moto-deixa-uma-pessoa-ferida-no-bairro-metropole-em-dracena\/","title":{"rendered":"Acidente entre carro e moto deixa uma pessoa ferida no Bairro Metr\u00f3pole em Dracena"},"content":{"rendered":"<p style=\"text-align: justify;\"><strong>Fato foi registrado no per\u00edodo da manh\u00e3 desta ter\u00e7a-feira (26) na esquina da Avenida Castro Alves com a Rua Porto Alegre.<\/strong><\/p>\n<p style=\"text-align: justify;\">Segundo informa\u00e7\u00f5es obtidas no local pela reportagem do SITE JZ e TOP TV, um ve\u00edculo Fox placas de Dracena fazia o sentido centro-bairro pela Porto Alegre e a Moto placa mercosul, conduzida por um entregador, bairro-centro pela Castro Alves, quando houve a colis\u00e3o.<\/p>\n<p style=\"text-align: justify;\">Com o impacto da batida o motociclista foi arremessado ao solo e teve poss\u00edvel fratura em um dos bra\u00e7os e no f\u00eamur, sendo socorrido por uma Unidade de Resgate do Corpo de Bombeiros ao Pronto Atendimento Municipal. A condutora do ve\u00edculo n\u00e3o sofreu ferimentos.<\/p>\n<p>Carro e moto ficaram bastante danificados. O primeiro teve que ser guinchado.<\/p>\n<p style=\"text-align: justify;\">As Pol\u00edcias Militar e T\u00e9cnica compareceram ao local para o registro do B.O e dados que ir\u00e3o apontar as causas do acidente.<\/p>\n<p><img loading=\"lazy\" decoding=\"async\" class=\"alignnone size-full wp-image-97638\" src=\"https:\/\/jorgezanoni.com.br\/2019\/wp-content\/uploads\/2025\/08\/acid.-Castro-Alves-x-Porto-Alegre-26-08-25-Pequeno.jpg\" alt=\"\" width=\"853\" height=\"480\" srcset=\"https:\/\/jorgezanoni.com.br\/2019\/wp-content\/uploads\/2025\/08\/acid.-Castro-Alves-x-Porto-Alegre-26-08-25-Pequeno.jpg 853w, https:\/\/jorgezanoni.com.br\/2019\/wp-content\/uploads\/2025\/08\/acid.-Castro-Alves-x-Porto-Alegre-26-08-25-Pequeno-300x169.jpg 300w, https:\/\/jorgezanoni.com.br\/2019\/wp-content\/uploads\/2025\/08\/acid.-Castro-Alves-x-Porto-Alegre-26-08-25-Pequeno-768x432.jpg 768w, https:\/\/jorgezanoni.com.br\/2019\/wp-content\/uploads\/2025\/08\/acid.-Castro-Alves-x-Porto-Alegre-26-08-25-Pequeno-696x392.jpg 696w, https:\/\/jorgezanoni.com.br\/2019\/wp-content\/uploads\/2025\/08\/acid.-Castro-Alves-x-Porto-Alegre-26-08-25-Pequeno-746x420.jpg 746w\" sizes=\"auto, (max-width: 853px) 100vw, 853px\" \/> <img loading=\"lazy\" decoding=\"async\" class=\"alignnone size-full wp-image-97640\" src=\"https:\/\/jorgezanoni.com.br\/2019\/wp-content\/uploads\/2025\/08\/acid.-Castro-Alves-x-Porto-Alegre-26-08-25-2-Pequeno.jpg\" alt=\"\" width=\"853\" height=\"480\" srcset=\"https:\/\/jorgezanoni.com.br\/2019\/wp-content\/uploads\/2025\/08\/acid.-Castro-Alves-x-Porto-Alegre-26-08-25-2-Pequeno.jpg 853w, https:\/\/jorgezanoni.com.br\/2019\/wp-content\/uploads\/2025\/08\/acid.-Castro-Alves-x-Porto-Alegre-26-08-25-2-Pequeno-300x169.jpg 300w, https:\/\/jorgezanoni.com.br\/2019\/wp-content\/uploads\/2025\/08\/acid.-Castro-Alves-x-Porto-Alegre-26-08-25-2-Pequeno-768x432.jpg 768w, https:\/\/jorgezanoni.com.br\/2019\/wp-content\/uploads\/2025\/08\/acid.-Castro-Alves-x-Porto-Alegre-26-08-25-2-Pequeno-696x392.jpg 696w, https:\/\/jorgezanoni.com.br\/2019\/wp-content\/uploads\/2025\/08\/acid.-Castro-Alves-x-Porto-Alegre-26-08-25-2-Pequeno-746x420.jpg 746w\" sizes=\"auto, (max-width: 853px) 100vw, 853px\" \/> <img loading=\"lazy\" decoding=\"async\" class=\"alignnone size-full wp-image-97641\" src=\"https:\/\/jorgezanoni.com.br\/2019\/wp-content\/uploads\/2025\/08\/acid.-Castro-Alves-x-Porto-Alegre-26-08-25-3-Pequeno.jpg\" alt=\"\" width=\"853\" height=\"480\" srcset=\"https:\/\/jorgezanoni.com.br\/2019\/wp-content\/uploads\/2025\/08\/acid.-Castro-Alves-x-Porto-Alegre-26-08-25-3-Pequeno.jpg 853w, https:\/\/jorgezanoni.com.br\/2019\/wp-content\/uploads\/2025\/08\/acid.-Castro-Alves-x-Porto-Alegre-26-08-25-3-Pequeno-300x169.jpg 300w, https:\/\/jorgezanoni.com.br\/2019\/wp-content\/uploads\/2025\/08\/acid.-Castro-Alves-x-Porto-Alegre-26-08-25-3-Pequeno-768x432.jpg 768w, https:\/\/jorgezanoni.com.br\/2019\/wp-content\/uploads\/2025\/08\/acid.-Castro-Alves-x-Porto-Alegre-26-08-25-3-Pequeno-696x392.jpg 696w, https:\/\/jorgezanoni.com.br\/2019\/wp-content\/uploads\/2025\/08\/acid.-Castro-Alves-x-Porto-Alegre-26-08-25-3-Pequeno-746x420.jpg 746w\" sizes=\"auto, (max-width: 853px) 100vw, 853px\" \/> <img loading=\"lazy\" decoding=\"async\" class=\"alignnone size-full wp-image-97642\" src=\"https:\/\/jorgezanoni.com.br\/2019\/wp-content\/uploads\/2025\/08\/acid.-Castro-Alves-x-Porto-Alegre-26-08-25-4-Pequeno.jpg\" alt=\"\" width=\"853\" height=\"480\" srcset=\"https:\/\/jorgezanoni.com.br\/2019\/wp-content\/uploads\/2025\/08\/acid.-Castro-Alves-x-Porto-Alegre-26-08-25-4-Pequeno.jpg 853w, https:\/\/jorgezanoni.com.br\/2019\/wp-content\/uploads\/2025\/08\/acid.-Castro-Alves-x-Porto-Alegre-26-08-25-4-Pequeno-300x169.jpg 300w, https:\/\/jorgezanoni.com.br\/2019\/wp-content\/uploads\/2025\/08\/acid.-Castro-Alves-x-Porto-Alegre-26-08-25-4-Pequeno-768x432.jpg 768w, https:\/\/jorgezanoni.com.br\/2019\/wp-content\/uploads\/2025\/08\/acid.-Castro-Alves-x-Porto-Alegre-26-08-25-4-Pequeno-696x392.jpg 696w, https:\/\/jorgezanoni.com.br\/2019\/wp-content\/uploads\/2025\/08\/acid.-Castro-Alves-x-Porto-Alegre-26-08-25-4-Pequeno-746x420.jpg 746w\" sizes=\"auto, (max-width: 853px) 100vw, 853px\" \/><\/p>\n<p>Jorge Zanoni<\/p>\n","protected":false},"excerpt":{"rendered":"<p>Fato foi registrado no per\u00edodo da manh\u00e3 desta ter\u00e7a-feira (26) na esquina da Avenida Castro Alves com a Rua Porto Alegre. Segundo informa\u00e7\u00f5es obtidas no local pela reportagem do SITE JZ e TOP TV, um ve\u00edculo Fox placas de Dracena fazia o sentido centro-bairro pela Porto Alegre e a Moto placa mercosul, conduzida por um [&hellip;]<\/p>\n","protected":false},"author":1,"featured_media":97639,"comment_status":"closed","ping_status":"open","sticky":false,"template":"","format":"standard","meta":{"footnotes":""},"categories":[170,110],"tags":[],"class_list":["post-97637","post","type-post","status-publish","format-standard","has-post-thumbnail","hentry","category-acidentes","category-noticiasdestaque"],"_links":{"self":[{"href":"https:\/\/jorgezanoni.com.br\/2019\/wp-json\/wp\/v2\/posts\/97637","targetHints":{"allow":["GET"]}}],"collection":[{"href":"https:\/\/jorgezanoni.com.br\/2019\/wp-json\/wp\/v2\/posts"}],"about":[{"href":"https:\/\/jorgezanoni.com.br\/2019\/wp-json\/wp\/v2\/types\/post"}],"author":[{"embeddable":true,"href":"https:\/\/jorgezanoni.com.br\/2019\/wp-json\/wp\/v2\/users\/1"}],"replies":[{"embeddable":true,"href":"https:\/\/jorgezanoni.com.br\/2019\/wp-json\/wp\/v2\/comments?post=97637"}],"version-history":[{"count":2,"href":"https:\/\/jorgezanoni.com.br\/2019\/wp-json\/wp\/v2\/posts\/97637\/revisions"}],"predecessor-version":[{"id":97648,"href":"https:\/\/jorgezanoni.com.br\/2019\/wp-json\/wp\/v2\/posts\/97637\/revisions\/97648"}],"wp:featuredmedia":[{"embeddable":true,"href":"https:\/\/jorgezanoni.com.br\/2019\/wp-json\/wp\/v2\/media\/97639"}],"wp:attachment":[{"href":"https:\/\/jorgezanoni.com.br\/2019\/wp-json\/wp\/v2\/media?parent=97637"}],"wp:term":[{"taxonomy":"category","embeddable":true,"href":"https:\/\/jorgezanoni.com.br\/2019\/wp-json\/wp\/v2\/categories?post=97637"},{"taxonomy":"post_tag","embeddable":true,"href":"https:\/\/jorgezanoni.com.br\/2019\/wp-json\/wp\/v2\/tags?post=97637"}],"curies":[{"name":"wp","href":"https:\/\/api.w.org\/{rel}","templated":true}]}}