{"id":97582,"date":"2025-08-23T21:57:00","date_gmt":"2025-08-23T21:57:00","guid":{"rendered":"https:\/\/jorgezanoni.com.br\/2019\/?p=97582"},"modified":"2025-08-23T21:57:35","modified_gmt":"2025-08-23T21:57:35","slug":"acidente-entre-duas-motos-deixa-tres-pessoas-feridas-no-centro-de-dracena","status":"publish","type":"post","link":"https:\/\/jorgezanoni.com.br\/2019\/acidente-entre-duas-motos-deixa-tres-pessoas-feridas-no-centro-de-dracena\/","title":{"rendered":"Acidente entre duas motos deixa tres pessoas feridas no centro de Dracena"},"content":{"rendered":"<p style=\"text-align: justify;\"><strong>Fato foi registrado por volta de 16:30 H. deste s\u00e1bado (23) na esquina da Avenida Presidente Roosevelt com a Rua Marechal Rondon, onde existe sem\u00e1foro.<\/strong><\/p>\n<p style=\"text-align: justify;\">Segundo informa\u00e7\u00f5es obtidas no local pela reportagem do SITE JZ e TOP TV, a moto preta placa mercosul conduzida por um homem que tinha uma mulher como garupa, seguia pela Roosevelt sentido \u00fanico de dire\u00e7\u00e3o centro-bairro, quando houve a colis\u00e3o com a moto vermelha placa de Dracena, conduzida por um homem que fazia o trajeto centro-bairro pela Rondon.<\/p>\n<p style=\"text-align: justify;\">Com o impacto as tr\u00eas pessoas cairam ao solo e ficaram feridas, aparentemente leves, e foram socorridas ao Pronto Atendimento Municipal, por uma Unidade de Resgate do Corpo de Bombeiros e por uma Ambul\u00e2ncia que passava pelo local.<\/p>\n<p style=\"text-align: justify;\">Coment\u00e1rios no local \u00e9 de que um dos motociclistas teria passado com o sinal vermelho.<\/p>\n<p style=\"text-align: justify;\">A Pol\u00edcia Militar e Per\u00edcia T\u00e9cnica, estiveram no local para registro da ocorr\u00eancia e levantamentos que ir\u00e3o apontar as reais causas do acidente.<\/p>\n<p><img loading=\"lazy\" decoding=\"async\" class=\"alignnone size-full wp-image-97584\" src=\"https:\/\/jorgezanoni.com.br\/2019\/wp-content\/uploads\/2025\/08\/2-Pequeno-3.jpg\" alt=\"\" width=\"270\" height=\"480\" srcset=\"https:\/\/jorgezanoni.com.br\/2019\/wp-content\/uploads\/2025\/08\/2-Pequeno-3.jpg 270w, https:\/\/jorgezanoni.com.br\/2019\/wp-content\/uploads\/2025\/08\/2-Pequeno-3-169x300.jpg 169w, https:\/\/jorgezanoni.com.br\/2019\/wp-content\/uploads\/2025\/08\/2-Pequeno-3-236x420.jpg 236w\" sizes=\"auto, (max-width: 270px) 100vw, 270px\" \/> <img loading=\"lazy\" decoding=\"async\" class=\"alignnone size-full wp-image-97585\" src=\"https:\/\/jorgezanoni.com.br\/2019\/wp-content\/uploads\/2025\/08\/3-Pequeno-3.jpg\" alt=\"\" width=\"853\" height=\"480\" srcset=\"https:\/\/jorgezanoni.com.br\/2019\/wp-content\/uploads\/2025\/08\/3-Pequeno-3.jpg 853w, https:\/\/jorgezanoni.com.br\/2019\/wp-content\/uploads\/2025\/08\/3-Pequeno-3-300x169.jpg 300w, https:\/\/jorgezanoni.com.br\/2019\/wp-content\/uploads\/2025\/08\/3-Pequeno-3-768x432.jpg 768w, https:\/\/jorgezanoni.com.br\/2019\/wp-content\/uploads\/2025\/08\/3-Pequeno-3-696x392.jpg 696w, https:\/\/jorgezanoni.com.br\/2019\/wp-content\/uploads\/2025\/08\/3-Pequeno-3-746x420.jpg 746w\" sizes=\"auto, (max-width: 853px) 100vw, 853px\" \/><\/p>\n<p>Jorge Zanoni<\/p>\n","protected":false},"excerpt":{"rendered":"<p>Fato foi registrado por volta de 16:30 H. deste s\u00e1bado (23) na esquina da Avenida Presidente Roosevelt com a Rua Marechal Rondon, onde existe sem\u00e1foro. Segundo informa\u00e7\u00f5es obtidas no local pela reportagem do SITE JZ e TOP TV, a moto preta placa mercosul conduzida por um homem que tinha uma mulher como garupa, seguia pela [&hellip;]<\/p>\n","protected":false},"author":1,"featured_media":97583,"comment_status":"closed","ping_status":"open","sticky":false,"template":"","format":"standard","meta":{"footnotes":""},"categories":[170,110],"tags":[],"class_list":["post-97582","post","type-post","status-publish","format-standard","has-post-thumbnail","hentry","category-acidentes","category-noticiasdestaque"],"_links":{"self":[{"href":"https:\/\/jorgezanoni.com.br\/2019\/wp-json\/wp\/v2\/posts\/97582","targetHints":{"allow":["GET"]}}],"collection":[{"href":"https:\/\/jorgezanoni.com.br\/2019\/wp-json\/wp\/v2\/posts"}],"about":[{"href":"https:\/\/jorgezanoni.com.br\/2019\/wp-json\/wp\/v2\/types\/post"}],"author":[{"embeddable":true,"href":"https:\/\/jorgezanoni.com.br\/2019\/wp-json\/wp\/v2\/users\/1"}],"replies":[{"embeddable":true,"href":"https:\/\/jorgezanoni.com.br\/2019\/wp-json\/wp\/v2\/comments?post=97582"}],"version-history":[{"count":1,"href":"https:\/\/jorgezanoni.com.br\/2019\/wp-json\/wp\/v2\/posts\/97582\/revisions"}],"predecessor-version":[{"id":97586,"href":"https:\/\/jorgezanoni.com.br\/2019\/wp-json\/wp\/v2\/posts\/97582\/revisions\/97586"}],"wp:featuredmedia":[{"embeddable":true,"href":"https:\/\/jorgezanoni.com.br\/2019\/wp-json\/wp\/v2\/media\/97583"}],"wp:attachment":[{"href":"https:\/\/jorgezanoni.com.br\/2019\/wp-json\/wp\/v2\/media?parent=97582"}],"wp:term":[{"taxonomy":"category","embeddable":true,"href":"https:\/\/jorgezanoni.com.br\/2019\/wp-json\/wp\/v2\/categories?post=97582"},{"taxonomy":"post_tag","embeddable":true,"href":"https:\/\/jorgezanoni.com.br\/2019\/wp-json\/wp\/v2\/tags?post=97582"}],"curies":[{"name":"wp","href":"https:\/\/api.w.org\/{rel}","templated":true}]}}