{"id":97578,"date":"2025-08-23T21:32:00","date_gmt":"2025-08-23T21:32:00","guid":{"rendered":"https:\/\/jorgezanoni.com.br\/2019\/?p=97578"},"modified":"2025-08-23T22:23:38","modified_gmt":"2025-08-23T22:23:38","slug":"morador-de-dracena-morre-afogado-em-pauliceia","status":"publish","type":"post","link":"https:\/\/jorgezanoni.com.br\/2019\/morador-de-dracena-morre-afogado-em-pauliceia\/","title":{"rendered":"Morador de Dracena morre afogado em Paulic\u00e9ia"},"content":{"rendered":"<p style=\"text-align: justify;\"><strong>Raimundo Ramos Ruiz, de 70 anos morreu afogado na tarde deste s\u00e1bado (23) em Paulic\u00e9ia, pr\u00f3ximo das 16:00 H.<\/strong><\/p>\n<p style=\"text-align: justify;\">Segundo informa\u00e7\u00f5es a v\u00edtima, \u00e9 moradora de Dracena e de acordo com informa\u00e7\u00f5es, ele estava no local, um rancho no residencial Flamingo, pescando acompanhado de amigos quando come\u00e7ou estava em um tablado e caiu, vindo a se afogar. Em seguida, acabou submergindo e n\u00e3o retornou mais \u00e0 superf\u00edcie.<\/p>\n<p style=\"text-align: justify;\">O Corpo de Bombeiros de Dracena foi acionado, por\u00e9m antes da chegada dos mergulhadores, Raimundo j\u00e1 havia sido localizado por populares, infelizmente sem vida.<\/p>\n<p style=\"text-align: justify;\">As autoridades competentes foram acionadas para os procedimentos de praxe.<\/p>\n<p>Jorge Zanoni<\/p>\n","protected":false},"excerpt":{"rendered":"<p>Raimundo Ramos Ruiz, de 70 anos morreu afogado na tarde deste s\u00e1bado (23) em Paulic\u00e9ia, pr\u00f3ximo das 16:00 H. Segundo informa\u00e7\u00f5es a v\u00edtima, \u00e9 moradora de Dracena e de acordo com informa\u00e7\u00f5es, ele estava no local, um rancho no residencial Flamingo, pescando acompanhado de amigos quando come\u00e7ou estava em um tablado e caiu, vindo a [&hellip;]<\/p>\n","protected":false},"author":1,"featured_media":97587,"comment_status":"closed","ping_status":"open","sticky":false,"template":"","format":"standard","meta":{"footnotes":""},"categories":[110,2],"tags":[],"class_list":["post-97578","post","type-post","status-publish","format-standard","has-post-thumbnail","hentry","category-noticiasdestaque","category-policial"],"_links":{"self":[{"href":"https:\/\/jorgezanoni.com.br\/2019\/wp-json\/wp\/v2\/posts\/97578","targetHints":{"allow":["GET"]}}],"collection":[{"href":"https:\/\/jorgezanoni.com.br\/2019\/wp-json\/wp\/v2\/posts"}],"about":[{"href":"https:\/\/jorgezanoni.com.br\/2019\/wp-json\/wp\/v2\/types\/post"}],"author":[{"embeddable":true,"href":"https:\/\/jorgezanoni.com.br\/2019\/wp-json\/wp\/v2\/users\/1"}],"replies":[{"embeddable":true,"href":"https:\/\/jorgezanoni.com.br\/2019\/wp-json\/wp\/v2\/comments?post=97578"}],"version-history":[{"count":5,"href":"https:\/\/jorgezanoni.com.br\/2019\/wp-json\/wp\/v2\/posts\/97578\/revisions"}],"predecessor-version":[{"id":97590,"href":"https:\/\/jorgezanoni.com.br\/2019\/wp-json\/wp\/v2\/posts\/97578\/revisions\/97590"}],"wp:featuredmedia":[{"embeddable":true,"href":"https:\/\/jorgezanoni.com.br\/2019\/wp-json\/wp\/v2\/media\/97587"}],"wp:attachment":[{"href":"https:\/\/jorgezanoni.com.br\/2019\/wp-json\/wp\/v2\/media?parent=97578"}],"wp:term":[{"taxonomy":"category","embeddable":true,"href":"https:\/\/jorgezanoni.com.br\/2019\/wp-json\/wp\/v2\/categories?post=97578"},{"taxonomy":"post_tag","embeddable":true,"href":"https:\/\/jorgezanoni.com.br\/2019\/wp-json\/wp\/v2\/tags?post=97578"}],"curies":[{"name":"wp","href":"https:\/\/api.w.org\/{rel}","templated":true}]}}