{"id":97462,"date":"2025-08-21T22:01:36","date_gmt":"2025-08-21T22:01:36","guid":{"rendered":"https:\/\/jorgezanoni.com.br\/2019\/?p=97462"},"modified":"2025-08-21T22:01:36","modified_gmt":"2025-08-21T22:01:36","slug":"apanhei-e-nao-morri-as-marcas-invisiveis-da-violencia-na-infancia-por-cidinha-pascoaloto","status":"publish","type":"post","link":"https:\/\/jorgezanoni.com.br\/2019\/apanhei-e-nao-morri-as-marcas-invisiveis-da-violencia-na-infancia-por-cidinha-pascoaloto\/","title":{"rendered":"\u201cApanhei e N\u00e3o Morri\u201d: As Marcas Invis\u00edveis da Viol\u00eancia na Inf\u00e2ncia  (por Cidinha Pascoaloto)"},"content":{"rendered":"<p style=\"text-align: justify;\"><strong>O que acham quando dizem que apanharam e n\u00e3o morreram?<\/strong><\/p>\n<p style=\"text-align: justify;\">\u00a0Muitas pessoas dizem essa frase para justificar a viol\u00eancia na educa\u00e7\u00e3o dos filhos, mas do ponto de vista psicol\u00f3gico e social \u00e9 uma quest\u00e3o muito mais profunda do que se pensa. Os estudos em psicologia mostram que bater n\u00e3o ensina respeito, n\u00e3o educa, mas desenvolve medos na crian\u00e7a. E apanhar pode ser uma experi\u00eancia traum\u00e1tica e piora o comportamento.<\/p>\n<p style=\"text-align: justify;\">Quando algu\u00e9m diz que \u201capanhou e n\u00e3o morreu\u201d, est\u00e1 aceitando a agress\u00e3o de forma inofensiva. E o medo de apanhar pode gerar inseguran\u00e7a, baixa autoestima, traumas, dificuldades de relacionamento ao longo da vida e at\u00e9 se tornar cr\u00f4nico.<\/p>\n<p style=\"text-align: justify;\">Sobreviver n\u00e3o significa ficar bem. Quando o adulto lembra que apanhou ela est\u00e1 lembrando sobre as marcas do passado que ficaram na mente e muitas vezes no corpo.<\/p>\n<p style=\"text-align: justify;\">\u00a0Essas lembran\u00e7as s\u00e3o de humilha\u00e7\u00f5es e de crueldades. Pais que tiveram a experi\u00eancia de apanhar na inf\u00e2ncia podem ter o mesmo comportamento de bater nos filhos. Crian\u00e7as educadas com viol\u00eancias tem mais possibilidades de serem agressivos ou se tornarem submissos.<\/p>\n<p style=\"text-align: justify;\">Problemas de sa\u00fade mental podem surgir em uma crian\u00e7a que sofreu viol\u00eancia f\u00edsica na inf\u00e2ncia e na adolesc\u00eancia, como transtornos depressivos, alucina\u00e7\u00f5es, altera\u00e7\u00f5es de mem\u00f3ria, comportamentos violentos e at\u00e9 tentativas de suic\u00eddio.<\/p>\n<p style=\"text-align: justify;\">O indiv\u00edduo que diz a frase \u201capanhei e n\u00e3o morri \u201cesconde sofrimentos silenciados e n\u00e3o cresceu emocionalmente saud\u00e1vel apenas sobreviveu. A crian\u00e7a que apanha se sente desvalorizada, e por medo de apanhar ela mente, engana e confunde a educa\u00e7\u00e3o dos pais.<\/p>\n<p style=\"text-align: justify;\">Crian\u00e7as e adolescentes t\u00eam direito de serem compreendidos e n\u00e3o podem ser expostos \u00e0 viol\u00eancia, crueldade e opress\u00e3o. Voc\u00ea apanhou e n\u00e3o morreu fisicamente, mas ficou violento com seus companheiros e com seus filhos porque se tornou uma pessoa amarga, negativa e angustiada.<\/p>\n<p style=\"text-align: justify;\">&#8220;Voc\u00ea apanhou e n\u00e3o morreu. Mas ser\u00e1 que ficou bem? Viol\u00eancia n\u00e3o \u00e9 educa\u00e7\u00e3o. \u00c9 crime.&#8221;<\/p>\n<p><img loading=\"lazy\" decoding=\"async\" class=\"alignnone size-full wp-image-97464\" src=\"https:\/\/jorgezanoni.com.br\/2019\/wp-content\/uploads\/2025\/08\/Cidinha-Pascoaloto-3.jpg\" alt=\"\" width=\"339\" height=\"480\" srcset=\"https:\/\/jorgezanoni.com.br\/2019\/wp-content\/uploads\/2025\/08\/Cidinha-Pascoaloto-3.jpg 339w, https:\/\/jorgezanoni.com.br\/2019\/wp-content\/uploads\/2025\/08\/Cidinha-Pascoaloto-3-212x300.jpg 212w, https:\/\/jorgezanoni.com.br\/2019\/wp-content\/uploads\/2025\/08\/Cidinha-Pascoaloto-3-297x420.jpg 297w\" sizes=\"auto, (max-width: 339px) 100vw, 339px\" \/>Cidinha Pascoaloto-Psic\u00f3loga, CRP 06\/158174. Presencial e online<\/p>\n<p>\ud83d\udcde (18) 99725-6418<\/p>\n<p><a href=\"http:\/\/www.facebook.com\/cidinha.pascoaloto\">www.facebook.com\/cidinha.pascoaloto<\/a><\/p>\n<p><a href=\"https:\/\/www.instagram.com\/cidinhapsicologa?igsh=MXM1NWNodzd5bzN4bA%3D%3D\">Cidinha Pascoaloto (@cidinhapsicologa) \u2022 Fotos e v\u00eddeos do Instagram<\/a><\/p>\n<p>&nbsp;<\/p>\n<p>&nbsp;<\/p>\n","protected":false},"excerpt":{"rendered":"<p>O que acham quando dizem que apanharam e n\u00e3o morreram? \u00a0Muitas pessoas dizem essa frase para justificar a viol\u00eancia na educa\u00e7\u00e3o dos filhos, mas do ponto de vista psicol\u00f3gico e social \u00e9 uma quest\u00e3o muito mais profunda do que se pensa. Os estudos em psicologia mostram que bater n\u00e3o ensina respeito, n\u00e3o educa, mas desenvolve [&hellip;]<\/p>\n","protected":false},"author":1,"featured_media":97463,"comment_status":"closed","ping_status":"open","sticky":false,"template":"","format":"standard","meta":{"footnotes":""},"categories":[175],"tags":[],"class_list":["post-97462","post","type-post","status-publish","format-standard","has-post-thumbnail","hentry","category-artigos"],"_links":{"self":[{"href":"https:\/\/jorgezanoni.com.br\/2019\/wp-json\/wp\/v2\/posts\/97462","targetHints":{"allow":["GET"]}}],"collection":[{"href":"https:\/\/jorgezanoni.com.br\/2019\/wp-json\/wp\/v2\/posts"}],"about":[{"href":"https:\/\/jorgezanoni.com.br\/2019\/wp-json\/wp\/v2\/types\/post"}],"author":[{"embeddable":true,"href":"https:\/\/jorgezanoni.com.br\/2019\/wp-json\/wp\/v2\/users\/1"}],"replies":[{"embeddable":true,"href":"https:\/\/jorgezanoni.com.br\/2019\/wp-json\/wp\/v2\/comments?post=97462"}],"version-history":[{"count":1,"href":"https:\/\/jorgezanoni.com.br\/2019\/wp-json\/wp\/v2\/posts\/97462\/revisions"}],"predecessor-version":[{"id":97466,"href":"https:\/\/jorgezanoni.com.br\/2019\/wp-json\/wp\/v2\/posts\/97462\/revisions\/97466"}],"wp:featuredmedia":[{"embeddable":true,"href":"https:\/\/jorgezanoni.com.br\/2019\/wp-json\/wp\/v2\/media\/97463"}],"wp:attachment":[{"href":"https:\/\/jorgezanoni.com.br\/2019\/wp-json\/wp\/v2\/media?parent=97462"}],"wp:term":[{"taxonomy":"category","embeddable":true,"href":"https:\/\/jorgezanoni.com.br\/2019\/wp-json\/wp\/v2\/categories?post=97462"},{"taxonomy":"post_tag","embeddable":true,"href":"https:\/\/jorgezanoni.com.br\/2019\/wp-json\/wp\/v2\/tags?post=97462"}],"curies":[{"name":"wp","href":"https:\/\/api.w.org\/{rel}","templated":true}]}}