{"id":97453,"date":"2025-08-21T17:54:17","date_gmt":"2025-08-21T17:54:17","guid":{"rendered":"https:\/\/jorgezanoni.com.br\/2019\/?p=97453"},"modified":"2025-08-21T21:58:44","modified_gmt":"2025-08-21T21:58:44","slug":"vem-ai-o-lancamento-oficial-do-residencial-paineiras","status":"publish","type":"post","link":"https:\/\/jorgezanoni.com.br\/2019\/vem-ai-o-lancamento-oficial-do-residencial-paineiras\/","title":{"rendered":"Vem ai o lan\u00e7amento oficial do Residencial Paineiras"},"content":{"rendered":"<p>Dia 30 de agosto (s\u00e1bado) ser\u00e1 lan\u00e7ado oficialmenrte em Dracena, o Residencial Paineiras.<\/p>\n<p>HAVER\u00c1 PLANT\u00c3O DE VENDAS NO LOCAL<\/p>\n<p>LOTEAMENTO FECHADO com terrenos de 253 m2<\/p>\n<p>Playground, sal\u00e3o de festas, entrada com portaria, entre outras benfeitorias.<\/p>\n<p>Entrada de 10% do valor e parcelamento em at\u00e9 36 vezes sem juros, ou em at\u00e9 180 meses acrescidos de juros.<\/p>\n<p>INFORMA\u00c7\u00d5ES: (18) 3821-1063, (18) 99735-8461 Gerson ou (18) 99646-7726 Vera.<\/p>\n<p>RESIDENTE IMOBILI\u00c1RIA &#8211; CRECI 20204<\/p>\n<p>Rua Maracaj\u00fa 1.083<\/p>\n<p><img loading=\"lazy\" decoding=\"async\" class=\"alignnone size-full wp-image-97455\" src=\"https:\/\/jorgezanoni.com.br\/2019\/wp-content\/uploads\/2025\/08\/Residence1-Pequeno.jpg\" alt=\"\" width=\"222\" height=\"480\" srcset=\"https:\/\/jorgezanoni.com.br\/2019\/wp-content\/uploads\/2025\/08\/Residence1-Pequeno.jpg 222w, https:\/\/jorgezanoni.com.br\/2019\/wp-content\/uploads\/2025\/08\/Residence1-Pequeno-139x300.jpg 139w, https:\/\/jorgezanoni.com.br\/2019\/wp-content\/uploads\/2025\/08\/Residence1-Pequeno-194x420.jpg 194w\" sizes=\"auto, (max-width: 222px) 100vw, 222px\" \/> <img loading=\"lazy\" decoding=\"async\" class=\"alignnone size-full wp-image-97456\" src=\"https:\/\/jorgezanoni.com.br\/2019\/wp-content\/uploads\/2025\/08\/Residence2-Pequeno.jpg\" alt=\"\" width=\"222\" height=\"480\" srcset=\"https:\/\/jorgezanoni.com.br\/2019\/wp-content\/uploads\/2025\/08\/Residence2-Pequeno.jpg 222w, https:\/\/jorgezanoni.com.br\/2019\/wp-content\/uploads\/2025\/08\/Residence2-Pequeno-139x300.jpg 139w, https:\/\/jorgezanoni.com.br\/2019\/wp-content\/uploads\/2025\/08\/Residence2-Pequeno-194x420.jpg 194w\" sizes=\"auto, (max-width: 222px) 100vw, 222px\" \/> <img loading=\"lazy\" decoding=\"async\" class=\"alignnone size-full wp-image-97457\" src=\"https:\/\/jorgezanoni.com.br\/2019\/wp-content\/uploads\/2025\/08\/Residence3-Pequeno.jpg\" alt=\"\" width=\"222\" height=\"480\" srcset=\"https:\/\/jorgezanoni.com.br\/2019\/wp-content\/uploads\/2025\/08\/Residence3-Pequeno.jpg 222w, https:\/\/jorgezanoni.com.br\/2019\/wp-content\/uploads\/2025\/08\/Residence3-Pequeno-139x300.jpg 139w, https:\/\/jorgezanoni.com.br\/2019\/wp-content\/uploads\/2025\/08\/Residence3-Pequeno-194x420.jpg 194w\" sizes=\"auto, (max-width: 222px) 100vw, 222px\" \/><\/p>\n<p>&nbsp;<\/p>\n<p>&nbsp;<\/p>\n<p>&nbsp;<\/p>\n","protected":false},"excerpt":{"rendered":"<p>Dia 30 de agosto (s\u00e1bado) ser\u00e1 lan\u00e7ado oficialmenrte em Dracena, o Residencial Paineiras. HAVER\u00c1 PLANT\u00c3O DE VENDAS NO LOCAL LOTEAMENTO FECHADO com terrenos de 253 m2 Playground, sal\u00e3o de festas, entrada com portaria, entre outras benfeitorias. Entrada de 10% do valor e parcelamento em at\u00e9 36 vezes sem juros, ou em at\u00e9 180 meses acrescidos [&hellip;]<\/p>\n","protected":false},"author":1,"featured_media":97454,"comment_status":"closed","ping_status":"open","sticky":false,"template":"","format":"standard","meta":{"footnotes":""},"categories":[179,184,110],"tags":[],"class_list":["post-97453","post","type-post","status-publish","format-standard","has-post-thumbnail","hentry","category-cidadeseregiao","category-dracena","category-noticiasdestaque"],"_links":{"self":[{"href":"https:\/\/jorgezanoni.com.br\/2019\/wp-json\/wp\/v2\/posts\/97453","targetHints":{"allow":["GET"]}}],"collection":[{"href":"https:\/\/jorgezanoni.com.br\/2019\/wp-json\/wp\/v2\/posts"}],"about":[{"href":"https:\/\/jorgezanoni.com.br\/2019\/wp-json\/wp\/v2\/types\/post"}],"author":[{"embeddable":true,"href":"https:\/\/jorgezanoni.com.br\/2019\/wp-json\/wp\/v2\/users\/1"}],"replies":[{"embeddable":true,"href":"https:\/\/jorgezanoni.com.br\/2019\/wp-json\/wp\/v2\/comments?post=97453"}],"version-history":[{"count":3,"href":"https:\/\/jorgezanoni.com.br\/2019\/wp-json\/wp\/v2\/posts\/97453\/revisions"}],"predecessor-version":[{"id":97461,"href":"https:\/\/jorgezanoni.com.br\/2019\/wp-json\/wp\/v2\/posts\/97453\/revisions\/97461"}],"wp:featuredmedia":[{"embeddable":true,"href":"https:\/\/jorgezanoni.com.br\/2019\/wp-json\/wp\/v2\/media\/97454"}],"wp:attachment":[{"href":"https:\/\/jorgezanoni.com.br\/2019\/wp-json\/wp\/v2\/media?parent=97453"}],"wp:term":[{"taxonomy":"category","embeddable":true,"href":"https:\/\/jorgezanoni.com.br\/2019\/wp-json\/wp\/v2\/categories?post=97453"},{"taxonomy":"post_tag","embeddable":true,"href":"https:\/\/jorgezanoni.com.br\/2019\/wp-json\/wp\/v2\/tags?post=97453"}],"curies":[{"name":"wp","href":"https:\/\/api.w.org\/{rel}","templated":true}]}}