{"id":9745,"date":"2019-10-26T22:13:39","date_gmt":"2019-10-26T22:13:39","guid":{"rendered":"https:\/\/jorgezanoni.com.br\/2019\/?p=9745"},"modified":"2019-10-26T22:13:39","modified_gmt":"2019-10-26T22:13:39","slug":"acidente-com-vitima-fatal-proximo-a-santa-mercedes-neste-sabado","status":"publish","type":"post","link":"https:\/\/jorgezanoni.com.br\/2019\/acidente-com-vitima-fatal-proximo-a-santa-mercedes-neste-sabado\/","title":{"rendered":"Acidente com v\u00edtima fatal pr\u00f3ximo a Santa Mercedes neste s\u00e1bado"},"content":{"rendered":"<p>Acidente com v\u00edtima fatal pr\u00f3ximo a Santa Mercedes neste s\u00e1bado. 26\/10\/19<\/p>\n<div id=\"fb-root\"><\/div>\n<p><script async=\"1\" defer=\"1\" crossorigin=\"anonymous\" src=\"https:\/\/connect.facebook.net\/en_US\/sdk.js#xfbml=1&amp;version=v4.0\"><\/script><\/p>\n<div class=\"fb-video\" data-href=\"https:\/\/www.facebook.com\/jorgezanonidracena\/videos\/447102802592911\/\" data-width=\"696\">\n<blockquote cite=\"https:\/\/www.facebook.com\/jorgezanonidracena\/videos\/447102802592911\/\" class=\"fb-xfbml-parse-ignore\"><p><a href=\"https:\/\/www.facebook.com\/jorgezanonidracena\/videos\/447102802592911\/\">Acidente com v\u00edtima fatal pr\u00f3ximo a Santa Mercedes neste s\u00e1bado. 26\/10\/19<\/a><\/p>\n<p>Acidente com v\u00edtima fatal pr\u00f3ximo a Santa Mercedes neste s\u00e1bado. 26\/10\/19<\/p>\n<p>Posted by <a href=\"https:\/\/www.facebook.com\/jorgezanonidracena\/\">Jorge Zanoni<\/a> on Saturday, October 26, 2019<\/p><\/blockquote>\n<\/div>\n","protected":false},"excerpt":{"rendered":"<p>Acidente com v\u00edtima fatal pr\u00f3ximo a Santa Mercedes neste s\u00e1bado. 26\/10\/19 Acidente com v\u00edtima fatal pr\u00f3ximo a Santa Mercedes neste s\u00e1bado. 26\/10\/19 Acidente com v\u00edtima fatal pr\u00f3ximo a Santa Mercedes neste s\u00e1bado. 26\/10\/19 Posted by Jorge Zanoni on Saturday, October 26, 2019<\/p>\n","protected":false},"author":1,"featured_media":9746,"comment_status":"closed","ping_status":"open","sticky":false,"template":"","format":"video","meta":{"footnotes":""},"categories":[169],"tags":[],"class_list":["post-9745","post","type-post","status-publish","format-video","has-post-thumbnail","hentry","category-videos","post_format-post-format-video"],"_links":{"self":[{"href":"https:\/\/jorgezanoni.com.br\/2019\/wp-json\/wp\/v2\/posts\/9745","targetHints":{"allow":["GET"]}}],"collection":[{"href":"https:\/\/jorgezanoni.com.br\/2019\/wp-json\/wp\/v2\/posts"}],"about":[{"href":"https:\/\/jorgezanoni.com.br\/2019\/wp-json\/wp\/v2\/types\/post"}],"author":[{"embeddable":true,"href":"https:\/\/jorgezanoni.com.br\/2019\/wp-json\/wp\/v2\/users\/1"}],"replies":[{"embeddable":true,"href":"https:\/\/jorgezanoni.com.br\/2019\/wp-json\/wp\/v2\/comments?post=9745"}],"version-history":[{"count":0,"href":"https:\/\/jorgezanoni.com.br\/2019\/wp-json\/wp\/v2\/posts\/9745\/revisions"}],"wp:featuredmedia":[{"embeddable":true,"href":"https:\/\/jorgezanoni.com.br\/2019\/wp-json\/wp\/v2\/media\/9746"}],"wp:attachment":[{"href":"https:\/\/jorgezanoni.com.br\/2019\/wp-json\/wp\/v2\/media?parent=9745"}],"wp:term":[{"taxonomy":"category","embeddable":true,"href":"https:\/\/jorgezanoni.com.br\/2019\/wp-json\/wp\/v2\/categories?post=9745"},{"taxonomy":"post_tag","embeddable":true,"href":"https:\/\/jorgezanoni.com.br\/2019\/wp-json\/wp\/v2\/tags?post=9745"}],"curies":[{"name":"wp","href":"https:\/\/api.w.org\/{rel}","templated":true}]}}