{"id":97426,"date":"2025-08-20T16:50:34","date_gmt":"2025-08-20T16:50:34","guid":{"rendered":"https:\/\/jorgezanoni.com.br\/2019\/?p=97426"},"modified":"2025-08-20T16:50:34","modified_gmt":"2025-08-20T16:50:34","slug":"policia-militar-apreende-menor-por-trafico-de-drogas-em-dracena","status":"publish","type":"post","link":"https:\/\/jorgezanoni.com.br\/2019\/policia-militar-apreende-menor-por-trafico-de-drogas-em-dracena\/","title":{"rendered":"Pol\u00edcia Militar apreende menor por Tr\u00e1fico de Drogas em Dracena"},"content":{"rendered":"<p style=\"text-align: justify;\">Na tarde de ontem (19), por volta das 17h39min, policiais militares do 25\u00ba Batalh\u00e3o de Pol\u00edcia Militar do Interior, durante patrulhamento pelo munic\u00edpio de Dracena, a equipe de RPM recebeu informa\u00e7\u00e3o via COPOM sobre poss\u00edvel tr\u00e1fico de drogas. No endere\u00e7o indicado, foi avistado um indiv\u00edduo (16 anos) que, ao perceber a presen\u00e7a policial, correu para dentro da resid\u00eancia tentando impedir a abordagem. No interior do im\u00f3vel, ele arremessou um celular ao solo e dispensou um frasco contendo por\u00e7\u00f5es de maconha e LSD. Ainda no quarto, foram encontradas 13 por\u00e7\u00f5es de maconha embaladas separadamente e uma balan\u00e7a de precis\u00e3o ligada. A respons\u00e1vel pelo im\u00f3vel autorizou a vistoria nos demais c\u00f4modos. Diante dos fatos, o indiv\u00edduo foi conduzido \u00e0 Central de Pol\u00edcia Judici\u00e1ria, onde permaneceu \u00e0 disposi\u00e7\u00e3o da Justi\u00e7a pelo crime de tr\u00e1fico de drogas. Cabe salientar que o jovem (16 anos) se encontrava em liberdade assistida devido ao crime de tr\u00e1fico de drogas.<\/p>\n<p><img loading=\"lazy\" decoding=\"async\" class=\"alignnone size-full wp-image-97427\" src=\"https:\/\/jorgezanoni.com.br\/2019\/wp-content\/uploads\/2025\/08\/Menor1-Pequeno.jpg\" alt=\"\" width=\"321\" height=\"480\" srcset=\"https:\/\/jorgezanoni.com.br\/2019\/wp-content\/uploads\/2025\/08\/Menor1-Pequeno.jpg 321w, https:\/\/jorgezanoni.com.br\/2019\/wp-content\/uploads\/2025\/08\/Menor1-Pequeno-201x300.jpg 201w, https:\/\/jorgezanoni.com.br\/2019\/wp-content\/uploads\/2025\/08\/Menor1-Pequeno-281x420.jpg 281w\" sizes=\"auto, (max-width: 321px) 100vw, 321px\" \/><\/p>\n<p>Fonte: Comunica\u00e7\u00e3o Social Pol\u00edcia Militar<\/p>\n","protected":false},"excerpt":{"rendered":"<p>Na tarde de ontem (19), por volta das 17h39min, policiais militares do 25\u00ba Batalh\u00e3o de Pol\u00edcia Militar do Interior, durante patrulhamento pelo munic\u00edpio de Dracena, a equipe de RPM recebeu informa\u00e7\u00e3o via COPOM sobre poss\u00edvel tr\u00e1fico de drogas. No endere\u00e7o indicado, foi avistado um indiv\u00edduo (16 anos) que, ao perceber a presen\u00e7a policial, correu para [&hellip;]<\/p>\n","protected":false},"author":1,"featured_media":97428,"comment_status":"closed","ping_status":"open","sticky":false,"template":"","format":"standard","meta":{"footnotes":""},"categories":[110,2],"tags":[],"class_list":["post-97426","post","type-post","status-publish","format-standard","has-post-thumbnail","hentry","category-noticiasdestaque","category-policial"],"_links":{"self":[{"href":"https:\/\/jorgezanoni.com.br\/2019\/wp-json\/wp\/v2\/posts\/97426","targetHints":{"allow":["GET"]}}],"collection":[{"href":"https:\/\/jorgezanoni.com.br\/2019\/wp-json\/wp\/v2\/posts"}],"about":[{"href":"https:\/\/jorgezanoni.com.br\/2019\/wp-json\/wp\/v2\/types\/post"}],"author":[{"embeddable":true,"href":"https:\/\/jorgezanoni.com.br\/2019\/wp-json\/wp\/v2\/users\/1"}],"replies":[{"embeddable":true,"href":"https:\/\/jorgezanoni.com.br\/2019\/wp-json\/wp\/v2\/comments?post=97426"}],"version-history":[{"count":1,"href":"https:\/\/jorgezanoni.com.br\/2019\/wp-json\/wp\/v2\/posts\/97426\/revisions"}],"predecessor-version":[{"id":97430,"href":"https:\/\/jorgezanoni.com.br\/2019\/wp-json\/wp\/v2\/posts\/97426\/revisions\/97430"}],"wp:featuredmedia":[{"embeddable":true,"href":"https:\/\/jorgezanoni.com.br\/2019\/wp-json\/wp\/v2\/media\/97428"}],"wp:attachment":[{"href":"https:\/\/jorgezanoni.com.br\/2019\/wp-json\/wp\/v2\/media?parent=97426"}],"wp:term":[{"taxonomy":"category","embeddable":true,"href":"https:\/\/jorgezanoni.com.br\/2019\/wp-json\/wp\/v2\/categories?post=97426"},{"taxonomy":"post_tag","embeddable":true,"href":"https:\/\/jorgezanoni.com.br\/2019\/wp-json\/wp\/v2\/tags?post=97426"}],"curies":[{"name":"wp","href":"https:\/\/api.w.org\/{rel}","templated":true}]}}