{"id":97422,"date":"2025-08-20T16:45:00","date_gmt":"2025-08-20T16:45:00","guid":{"rendered":"https:\/\/jorgezanoni.com.br\/2019\/?p=97422"},"modified":"2025-08-20T16:45:00","modified_gmt":"2025-08-20T16:45:00","slug":"policia-militar-prende-mulher-em-flagrante-por-furto-de-celular-em-dracena","status":"publish","type":"post","link":"https:\/\/jorgezanoni.com.br\/2019\/policia-militar-prende-mulher-em-flagrante-por-furto-de-celular-em-dracena\/","title":{"rendered":"Pol\u00edcia Militar prende mulher em flagrante por furto de celular em Dracena"},"content":{"rendered":"<p style=\"text-align: justify;\">Na manh\u00e3 de hoje (20), por volta das 08h30min, policiais militares do 25\u00ba Batalh\u00e3o de Pol\u00edcia Militar do Interior, durante patrulhamento pela cidade de Dracena, foram acionados via COPOM para atendimento de ocorr\u00eancia de furto de aparelho celular. No local, a v\u00edtima (mulher de 56 anos) relatou que teve seu aparelho celular subtra\u00eddo enquanto realizava a recarga do dispositivo em seu ambiente de trabalho. Durante as dilig\u00eancias, com apoio de testemunhas, foi indicada uma funcion\u00e1ria como suspeita. Diante disso, todos os funcion\u00e1rios autorizaram a vistoria em seus ve\u00edculos. No autom\u00f3vel da suspeita, foi localizado o aparelho celular furtado no porta-malas. A mulher (47 anos) recebeu voz de pris\u00e3o em flagrante. V\u00edtima, testemunha e autora foram conduzidas \u00e0 Delegacia, onde a autoridade policial ratificou a pris\u00e3o pelo crime de furto (artigo 155 do C\u00f3digo Penal), arbitrando fian\u00e7a no valor de um sal\u00e1rio m\u00ednimo. At\u00e9 o t\u00e9rmino do registro, o valor n\u00e3o havia sido pago, permanecendo a indiciada \u00e0 disposi\u00e7\u00e3o da Justi\u00e7a.<\/p>\n<p>Fonte: Comunica\u00e7\u00e3o Social Pol\u00edcia Militar<\/p>\n","protected":false},"excerpt":{"rendered":"<p>Na manh\u00e3 de hoje (20), por volta das 08h30min, policiais militares do 25\u00ba Batalh\u00e3o de Pol\u00edcia Militar do Interior, durante patrulhamento pela cidade de Dracena, foram acionados via COPOM para atendimento de ocorr\u00eancia de furto de aparelho celular. No local, a v\u00edtima (mulher de 56 anos) relatou que teve seu aparelho celular subtra\u00eddo enquanto realizava [&hellip;]<\/p>\n","protected":false},"author":1,"featured_media":97424,"comment_status":"closed","ping_status":"open","sticky":false,"template":"","format":"standard","meta":{"footnotes":""},"categories":[110,2],"tags":[],"class_list":["post-97422","post","type-post","status-publish","format-standard","has-post-thumbnail","hentry","category-noticiasdestaque","category-policial"],"_links":{"self":[{"href":"https:\/\/jorgezanoni.com.br\/2019\/wp-json\/wp\/v2\/posts\/97422","targetHints":{"allow":["GET"]}}],"collection":[{"href":"https:\/\/jorgezanoni.com.br\/2019\/wp-json\/wp\/v2\/posts"}],"about":[{"href":"https:\/\/jorgezanoni.com.br\/2019\/wp-json\/wp\/v2\/types\/post"}],"author":[{"embeddable":true,"href":"https:\/\/jorgezanoni.com.br\/2019\/wp-json\/wp\/v2\/users\/1"}],"replies":[{"embeddable":true,"href":"https:\/\/jorgezanoni.com.br\/2019\/wp-json\/wp\/v2\/comments?post=97422"}],"version-history":[{"count":1,"href":"https:\/\/jorgezanoni.com.br\/2019\/wp-json\/wp\/v2\/posts\/97422\/revisions"}],"predecessor-version":[{"id":97425,"href":"https:\/\/jorgezanoni.com.br\/2019\/wp-json\/wp\/v2\/posts\/97422\/revisions\/97425"}],"wp:featuredmedia":[{"embeddable":true,"href":"https:\/\/jorgezanoni.com.br\/2019\/wp-json\/wp\/v2\/media\/97424"}],"wp:attachment":[{"href":"https:\/\/jorgezanoni.com.br\/2019\/wp-json\/wp\/v2\/media?parent=97422"}],"wp:term":[{"taxonomy":"category","embeddable":true,"href":"https:\/\/jorgezanoni.com.br\/2019\/wp-json\/wp\/v2\/categories?post=97422"},{"taxonomy":"post_tag","embeddable":true,"href":"https:\/\/jorgezanoni.com.br\/2019\/wp-json\/wp\/v2\/tags?post=97422"}],"curies":[{"name":"wp","href":"https:\/\/api.w.org\/{rel}","templated":true}]}}