{"id":9741,"date":"2019-10-26T21:31:37","date_gmt":"2019-10-26T21:31:37","guid":{"rendered":"https:\/\/jorgezanoni.com.br\/2019\/?p=9741"},"modified":"2019-10-26T21:32:13","modified_gmt":"2019-10-26T21:32:13","slug":"kauazinho-e-aprovado-no-palmeiras","status":"publish","type":"post","link":"https:\/\/jorgezanoni.com.br\/2019\/kauazinho-e-aprovado-no-palmeiras\/","title":{"rendered":"Garoto de Dracena Kau\u00e3zinho \u00e9 aprovado no Palmeiras"},"content":{"rendered":"<h2 class=\"jeg_post_subtitle\" style=\"text-align: justify;\"><strong>O jogador Kau\u00e3 Pereira Binoto Luis, de 10 anos, ser\u00e1 monitorado e em fevereiro retornar\u00e1 a S\u00e3o Paulo.<\/strong><\/h2>\n<p style=\"text-align: justify;\">O meia atacante e ponta esquerda Kau\u00e3 Pereira Binoto Luis, 10 anos, que ficou nesta semana na Capital Paulista treinando na avalia\u00e7\u00e3o do Palmeiras foi aprovado pelo clube.<\/p>\n<div class=\"jeg_ad jeg_ad_article jnews_content_inline_ads \">\n<div class=\"ads-wrapper align-right \">\n<div class=\"ads_google_ads\" style=\"text-align: justify;\">Gustavo, pai do Kau\u00e3 disse que agora o filho vai ser monitorado pelo Verd\u00e3o e tem retorno marcado para fevereiro do ano que vem. Muito feliz com o resultado positivo de Kau\u00e3zinho ele afirmou que a aprova\u00e7\u00e3o \u00e9 gra\u00e7as a muito esfor\u00e7o, garra e f\u00e9.<\/div>\n<div><\/div>\n<div class=\"ads_google_ads\" style=\"text-align: justify;\">\u201cO Kau\u00e3zinho est\u00e1 dentro e \u00e9 mais uma porta aberta gra\u00e7as a Deus. Obrigado a todos pela torcida e estamos juntos Dracena\u201d.<\/div>\n<div style=\"text-align: justify;\"><\/div>\n<div style=\"text-align: justify;\">Fonte: Portal Regional<\/div>\n<\/div>\n<\/div>\n","protected":false},"excerpt":{"rendered":"<p>O jogador Kau\u00e3 Pereira Binoto Luis, de 10 anos, ser\u00e1 monitorado e em fevereiro retornar\u00e1 a S\u00e3o Paulo. O meia atacante e ponta esquerda Kau\u00e3 Pereira Binoto Luis, 10 anos, que ficou nesta semana na Capital Paulista treinando na avalia\u00e7\u00e3o do Palmeiras foi aprovado pelo clube. Gustavo, pai do Kau\u00e3 disse que agora o filho [&hellip;]<\/p>\n","protected":false},"author":1,"featured_media":9742,"comment_status":"closed","ping_status":"open","sticky":false,"template":"","format":"standard","meta":{"footnotes":""},"categories":[111],"tags":[],"class_list":["post-9741","post","type-post","status-publish","format-standard","has-post-thumbnail","hentry","category-esporteecultura"],"_links":{"self":[{"href":"https:\/\/jorgezanoni.com.br\/2019\/wp-json\/wp\/v2\/posts\/9741","targetHints":{"allow":["GET"]}}],"collection":[{"href":"https:\/\/jorgezanoni.com.br\/2019\/wp-json\/wp\/v2\/posts"}],"about":[{"href":"https:\/\/jorgezanoni.com.br\/2019\/wp-json\/wp\/v2\/types\/post"}],"author":[{"embeddable":true,"href":"https:\/\/jorgezanoni.com.br\/2019\/wp-json\/wp\/v2\/users\/1"}],"replies":[{"embeddable":true,"href":"https:\/\/jorgezanoni.com.br\/2019\/wp-json\/wp\/v2\/comments?post=9741"}],"version-history":[{"count":0,"href":"https:\/\/jorgezanoni.com.br\/2019\/wp-json\/wp\/v2\/posts\/9741\/revisions"}],"wp:featuredmedia":[{"embeddable":true,"href":"https:\/\/jorgezanoni.com.br\/2019\/wp-json\/wp\/v2\/media\/9742"}],"wp:attachment":[{"href":"https:\/\/jorgezanoni.com.br\/2019\/wp-json\/wp\/v2\/media?parent=9741"}],"wp:term":[{"taxonomy":"category","embeddable":true,"href":"https:\/\/jorgezanoni.com.br\/2019\/wp-json\/wp\/v2\/categories?post=9741"},{"taxonomy":"post_tag","embeddable":true,"href":"https:\/\/jorgezanoni.com.br\/2019\/wp-json\/wp\/v2\/tags?post=9741"}],"curies":[{"name":"wp","href":"https:\/\/api.w.org\/{rel}","templated":true}]}}