{"id":97379,"date":"2025-08-18T21:55:37","date_gmt":"2025-08-18T21:55:37","guid":{"rendered":"https:\/\/jorgezanoni.com.br\/2019\/?p=97379"},"modified":"2025-08-18T21:59:06","modified_gmt":"2025-08-18T21:59:06","slug":"acidente-sem-vitimas-envolve-4-veiculos-na-regiao-central-de-dracena","status":"publish","type":"post","link":"https:\/\/jorgezanoni.com.br\/2019\/acidente-sem-vitimas-envolve-4-veiculos-na-regiao-central-de-dracena\/","title":{"rendered":"Acidente sem v\u00edtimas envolve 4 ve\u00edculos na regi\u00e3o central de Dracena"},"content":{"rendered":"<p style=\"text-align: justify;\"><strong>Fato foi registrado por volta de 15:20 H. pr\u00f3ximo a esquina das Ruas Edison da Silveira Campos com a Thom\u00e9 de Souza.<\/strong><\/p>\n<p style=\"text-align: justify;\">Segundo informa\u00e7\u00f5es obtidas no local pela reportagem do SITE JZ e TOP TV, um ve\u00edculo Chevrolet Maraj\u00f3 placas de Santa Mercedes conduzido por um homem, fazia o sentido m\u00e3o \u00fanica de dire\u00e7\u00e3o centro-bairro pela Edison, e quando fazia a ultrapassagem em outro carro que descia na m\u00e3o direita de dire\u00e7\u00e3o, o mesmo adentrou a esquerda na Thom\u00e9.<\/p>\n<p style=\"text-align: justify;\">Para evitar a batida, o condutor da Maraj\u00f3 desvio e acabou atingindo um Toyota Corolla que estava do lado esquerdo da via e em seguida atingiu um Volkaswagem Virtus que atingiu um outro Toyota Corolla. Todos os carros tem placas mercosul e estavam regularmente estacionados.<\/p>\n<p style=\"text-align: justify;\">O condutor do primeiro carro que teria provocado o acidente, n\u00e3o foi identificado at\u00e9 o momento do fechamento desta mat\u00e9ria. J\u00e1 o motorista da Maraj\u00f3 que tinha outro homem como acompanhante, retiraram a bateria do carro e se evadiram do local.<\/p>\n<p style=\"text-align: justify;\">Informa\u00e7\u00f5es obtidas pela reportagem \u00e9 de que os documentos da Maraj\u00f3, estavam irregulares desde 2.020.<\/p>\n<p style=\"text-align: justify;\">A Pol\u00edcia Militar esteve no local para registro do Boletim de Ocorr\u00eancias.<\/p>\n<p><img loading=\"lazy\" decoding=\"async\" class=\"alignnone size-full wp-image-97380\" src=\"https:\/\/jorgezanoni.com.br\/2019\/wp-content\/uploads\/2025\/08\/1-Pequeno-2.jpg\" alt=\"\" width=\"270\" height=\"480\" srcset=\"https:\/\/jorgezanoni.com.br\/2019\/wp-content\/uploads\/2025\/08\/1-Pequeno-2.jpg 270w, https:\/\/jorgezanoni.com.br\/2019\/wp-content\/uploads\/2025\/08\/1-Pequeno-2-169x300.jpg 169w, https:\/\/jorgezanoni.com.br\/2019\/wp-content\/uploads\/2025\/08\/1-Pequeno-2-236x420.jpg 236w\" sizes=\"auto, (max-width: 270px) 100vw, 270px\" \/> <img loading=\"lazy\" decoding=\"async\" class=\"alignnone size-full wp-image-97381\" src=\"https:\/\/jorgezanoni.com.br\/2019\/wp-content\/uploads\/2025\/08\/2-Pequeno-2.jpg\" alt=\"\" width=\"853\" height=\"480\" srcset=\"https:\/\/jorgezanoni.com.br\/2019\/wp-content\/uploads\/2025\/08\/2-Pequeno-2.jpg 853w, https:\/\/jorgezanoni.com.br\/2019\/wp-content\/uploads\/2025\/08\/2-Pequeno-2-300x169.jpg 300w, https:\/\/jorgezanoni.com.br\/2019\/wp-content\/uploads\/2025\/08\/2-Pequeno-2-768x432.jpg 768w, https:\/\/jorgezanoni.com.br\/2019\/wp-content\/uploads\/2025\/08\/2-Pequeno-2-696x392.jpg 696w, https:\/\/jorgezanoni.com.br\/2019\/wp-content\/uploads\/2025\/08\/2-Pequeno-2-746x420.jpg 746w\" sizes=\"auto, (max-width: 853px) 100vw, 853px\" \/> <img loading=\"lazy\" decoding=\"async\" class=\"alignnone size-full wp-image-97383\" src=\"https:\/\/jorgezanoni.com.br\/2019\/wp-content\/uploads\/2025\/08\/4-Pequeno-2.jpg\" alt=\"\" width=\"853\" height=\"480\" srcset=\"https:\/\/jorgezanoni.com.br\/2019\/wp-content\/uploads\/2025\/08\/4-Pequeno-2.jpg 853w, https:\/\/jorgezanoni.com.br\/2019\/wp-content\/uploads\/2025\/08\/4-Pequeno-2-300x169.jpg 300w, https:\/\/jorgezanoni.com.br\/2019\/wp-content\/uploads\/2025\/08\/4-Pequeno-2-768x432.jpg 768w, https:\/\/jorgezanoni.com.br\/2019\/wp-content\/uploads\/2025\/08\/4-Pequeno-2-696x392.jpg 696w, https:\/\/jorgezanoni.com.br\/2019\/wp-content\/uploads\/2025\/08\/4-Pequeno-2-746x420.jpg 746w\" sizes=\"auto, (max-width: 853px) 100vw, 853px\" \/> <img loading=\"lazy\" decoding=\"async\" class=\"alignnone size-full wp-image-97384\" src=\"https:\/\/jorgezanoni.com.br\/2019\/wp-content\/uploads\/2025\/08\/5-Pequeno-2.jpg\" alt=\"\" width=\"853\" height=\"480\" srcset=\"https:\/\/jorgezanoni.com.br\/2019\/wp-content\/uploads\/2025\/08\/5-Pequeno-2.jpg 853w, https:\/\/jorgezanoni.com.br\/2019\/wp-content\/uploads\/2025\/08\/5-Pequeno-2-300x169.jpg 300w, https:\/\/jorgezanoni.com.br\/2019\/wp-content\/uploads\/2025\/08\/5-Pequeno-2-768x432.jpg 768w, https:\/\/jorgezanoni.com.br\/2019\/wp-content\/uploads\/2025\/08\/5-Pequeno-2-696x392.jpg 696w, https:\/\/jorgezanoni.com.br\/2019\/wp-content\/uploads\/2025\/08\/5-Pequeno-2-746x420.jpg 746w\" sizes=\"auto, (max-width: 853px) 100vw, 853px\" \/> <img loading=\"lazy\" decoding=\"async\" class=\"alignnone size-full wp-image-97385\" src=\"https:\/\/jorgezanoni.com.br\/2019\/wp-content\/uploads\/2025\/08\/6-Pequeno-1.jpg\" alt=\"\" width=\"270\" height=\"480\" srcset=\"https:\/\/jorgezanoni.com.br\/2019\/wp-content\/uploads\/2025\/08\/6-Pequeno-1.jpg 270w, https:\/\/jorgezanoni.com.br\/2019\/wp-content\/uploads\/2025\/08\/6-Pequeno-1-169x300.jpg 169w, https:\/\/jorgezanoni.com.br\/2019\/wp-content\/uploads\/2025\/08\/6-Pequeno-1-236x420.jpg 236w\" sizes=\"auto, (max-width: 270px) 100vw, 270px\" \/><\/p>\n<p>Jorge Zanoni<\/p>\n","protected":false},"excerpt":{"rendered":"<p>Fato foi registrado por volta de 15:20 H. pr\u00f3ximo a esquina das Ruas Edison da Silveira Campos com a Thom\u00e9 de Souza. Segundo informa\u00e7\u00f5es obtidas no local pela reportagem do SITE JZ e TOP TV, um ve\u00edculo Chevrolet Maraj\u00f3 placas de Santa Mercedes conduzido por um homem, fazia o sentido m\u00e3o \u00fanica de dire\u00e7\u00e3o centro-bairro [&hellip;]<\/p>\n","protected":false},"author":1,"featured_media":97382,"comment_status":"closed","ping_status":"open","sticky":false,"template":"","format":"standard","meta":{"footnotes":""},"categories":[170,110],"tags":[],"class_list":["post-97379","post","type-post","status-publish","format-standard","has-post-thumbnail","hentry","category-acidentes","category-noticiasdestaque"],"_links":{"self":[{"href":"https:\/\/jorgezanoni.com.br\/2019\/wp-json\/wp\/v2\/posts\/97379","targetHints":{"allow":["GET"]}}],"collection":[{"href":"https:\/\/jorgezanoni.com.br\/2019\/wp-json\/wp\/v2\/posts"}],"about":[{"href":"https:\/\/jorgezanoni.com.br\/2019\/wp-json\/wp\/v2\/types\/post"}],"author":[{"embeddable":true,"href":"https:\/\/jorgezanoni.com.br\/2019\/wp-json\/wp\/v2\/users\/1"}],"replies":[{"embeddable":true,"href":"https:\/\/jorgezanoni.com.br\/2019\/wp-json\/wp\/v2\/comments?post=97379"}],"version-history":[{"count":3,"href":"https:\/\/jorgezanoni.com.br\/2019\/wp-json\/wp\/v2\/posts\/97379\/revisions"}],"predecessor-version":[{"id":97388,"href":"https:\/\/jorgezanoni.com.br\/2019\/wp-json\/wp\/v2\/posts\/97379\/revisions\/97388"}],"wp:featuredmedia":[{"embeddable":true,"href":"https:\/\/jorgezanoni.com.br\/2019\/wp-json\/wp\/v2\/media\/97382"}],"wp:attachment":[{"href":"https:\/\/jorgezanoni.com.br\/2019\/wp-json\/wp\/v2\/media?parent=97379"}],"wp:term":[{"taxonomy":"category","embeddable":true,"href":"https:\/\/jorgezanoni.com.br\/2019\/wp-json\/wp\/v2\/categories?post=97379"},{"taxonomy":"post_tag","embeddable":true,"href":"https:\/\/jorgezanoni.com.br\/2019\/wp-json\/wp\/v2\/tags?post=97379"}],"curies":[{"name":"wp","href":"https:\/\/api.w.org\/{rel}","templated":true}]}}