{"id":97336,"date":"2025-08-15T17:11:55","date_gmt":"2025-08-15T17:11:55","guid":{"rendered":"https:\/\/jorgezanoni.com.br\/2019\/?p=97336"},"modified":"2025-08-15T17:11:55","modified_gmt":"2025-08-15T17:11:55","slug":"policia-civil-prende-homem-suspeito-de-abuso-sexual-contra-propria-filha-em-tupi-paulista","status":"publish","type":"post","link":"https:\/\/jorgezanoni.com.br\/2019\/policia-civil-prende-homem-suspeito-de-abuso-sexual-contra-propria-filha-em-tupi-paulista\/","title":{"rendered":"Pol\u00edcia Civil prende homem suspeito de abuso sexual contra pr\u00f3pria filha em Tupi Paulista"},"content":{"rendered":"<p style=\"text-align: justify;\"><strong>Crime ocorreu no Dia dos Pais; v\u00edtima, adolescente, teria sido abusada durante pernoite em propriedade rural<\/strong><\/p>\n<p style=\"text-align: justify;\">A Pol\u00edcia Civil do Estado de S\u00e3o Paulo, por interm\u00e9dio da Delegacia de Pol\u00edcia de Tupi Paulista, prendeu na tarde desta quinta-feira (14) um homem de 36 anos, suspeito de cometer o crime de estupro de vulner\u00e1vel, previsto no artigo 217-A do C\u00f3digo Penal, contra a pr\u00f3pria filha.<\/p>\n<p style=\"text-align: justify;\">O caso foi registrado na noite do \u00faltimo domingo (10), data em que se comemorava o Dia dos Pais. A adolescente havia ido passar o dia com o genitor em uma propriedade rural do munic\u00edpio e permaneceu no local durante a noite, ocasi\u00e3o em que, segundo apura\u00e7\u00e3o preliminar, teria ocorrido o abuso sexual.<\/p>\n<p style=\"text-align: justify;\">Assim que o boletim de ocorr\u00eancia foi registrado, a Pol\u00edcia Civil iniciou imediatamente as dilig\u00eancias, adotando todas as cautelas necess\u00e1rias diante da gravidade dos fatos e reunindo elementos de prova. Com base nas informa\u00e7\u00f5es obtidas, a Autoridade Policial representou, em car\u00e1ter de urg\u00eancia, pela pris\u00e3o preventiva do investigado.<\/p>\n<p style=\"text-align: justify;\">O Minist\u00e9rio P\u00fablico se manifestou favoravelmente ao pedido, que foi deferido pelo Ju\u00edzo da 1\u00aa Vara Criminal da Comarca de Tupi Paulista. Munidos da ordem judicial, agentes da Delegacia de Pol\u00edcia de Tupi Paulista localizaram o suspeito em uma resid\u00eancia de familiares, no bairro Tonico Andr\u00e9, em Dracena. Ele n\u00e3o apresentou resist\u00eancia e foi conduzido \u00e0 unidade policial para o cumprimento do mandado.<\/p>\n<p style=\"text-align: justify;\">O preso passar\u00e1 por audi\u00eancia de cust\u00f3dia e, posteriormente, ser\u00e1 encaminhado a unidade prisional adequada para cust\u00f3dia de autores de crimes dessa natureza.<\/p>\n<p style=\"text-align: justify;\">Em respeito \u00e0 legisla\u00e7\u00e3o vigente e para preservar a integridade da v\u00edtima, seus dados e identidade est\u00e3o sendo mantidos em sigilo.<\/p>\n<p>Fonte: Comunica\u00e7\u00e3o Social Pol\u00edcia Civil<\/p>\n","protected":false},"excerpt":{"rendered":"<p>Crime ocorreu no Dia dos Pais; v\u00edtima, adolescente, teria sido abusada durante pernoite em propriedade rural A Pol\u00edcia Civil do Estado de S\u00e3o Paulo, por interm\u00e9dio da Delegacia de Pol\u00edcia de Tupi Paulista, prendeu na tarde desta quinta-feira (14) um homem de 36 anos, suspeito de cometer o crime de estupro de vulner\u00e1vel, previsto no [&hellip;]<\/p>\n","protected":false},"author":1,"featured_media":97337,"comment_status":"closed","ping_status":"open","sticky":false,"template":"","format":"standard","meta":{"footnotes":""},"categories":[110,2],"tags":[],"class_list":["post-97336","post","type-post","status-publish","format-standard","has-post-thumbnail","hentry","category-noticiasdestaque","category-policial"],"_links":{"self":[{"href":"https:\/\/jorgezanoni.com.br\/2019\/wp-json\/wp\/v2\/posts\/97336","targetHints":{"allow":["GET"]}}],"collection":[{"href":"https:\/\/jorgezanoni.com.br\/2019\/wp-json\/wp\/v2\/posts"}],"about":[{"href":"https:\/\/jorgezanoni.com.br\/2019\/wp-json\/wp\/v2\/types\/post"}],"author":[{"embeddable":true,"href":"https:\/\/jorgezanoni.com.br\/2019\/wp-json\/wp\/v2\/users\/1"}],"replies":[{"embeddable":true,"href":"https:\/\/jorgezanoni.com.br\/2019\/wp-json\/wp\/v2\/comments?post=97336"}],"version-history":[{"count":1,"href":"https:\/\/jorgezanoni.com.br\/2019\/wp-json\/wp\/v2\/posts\/97336\/revisions"}],"predecessor-version":[{"id":97338,"href":"https:\/\/jorgezanoni.com.br\/2019\/wp-json\/wp\/v2\/posts\/97336\/revisions\/97338"}],"wp:featuredmedia":[{"embeddable":true,"href":"https:\/\/jorgezanoni.com.br\/2019\/wp-json\/wp\/v2\/media\/97337"}],"wp:attachment":[{"href":"https:\/\/jorgezanoni.com.br\/2019\/wp-json\/wp\/v2\/media?parent=97336"}],"wp:term":[{"taxonomy":"category","embeddable":true,"href":"https:\/\/jorgezanoni.com.br\/2019\/wp-json\/wp\/v2\/categories?post=97336"},{"taxonomy":"post_tag","embeddable":true,"href":"https:\/\/jorgezanoni.com.br\/2019\/wp-json\/wp\/v2\/tags?post=97336"}],"curies":[{"name":"wp","href":"https:\/\/api.w.org\/{rel}","templated":true}]}}