{"id":97286,"date":"2025-08-14T22:27:53","date_gmt":"2025-08-14T22:27:53","guid":{"rendered":"https:\/\/jorgezanoni.com.br\/2019\/?p=97286"},"modified":"2025-08-14T22:27:53","modified_gmt":"2025-08-14T22:27:53","slug":"adultizacao-infantil-quando-a-infancia-e-roubada-o-futuro-sofre-por-cidinha-pascoaloto","status":"publish","type":"post","link":"https:\/\/jorgezanoni.com.br\/2019\/adultizacao-infantil-quando-a-infancia-e-roubada-o-futuro-sofre-por-cidinha-pascoaloto\/","title":{"rendered":"Adultiza\u00e7\u00e3o infantil: Quando a inf\u00e2ncia \u00e9 roubada, o futuro sofre  (por Cidinha Pascoaloto)"},"content":{"rendered":"<p style=\"text-align: justify;\"><strong>Adultiza\u00e7\u00e3o Infantil: Um erro silencioso que custa caro!<\/strong><\/p>\n<p style=\"text-align: justify;\">A inf\u00e2ncia \u00e9 uma fase essencial para o desenvolvimento emocional, social, de descobertas e de aprendizados. \u00c9 nela que a crian\u00e7a constr\u00f3i sua identidade, desenvolve habilidades e aprende a lidar com emo\u00e7\u00f5es de forma gradual e segura.<\/p>\n<p style=\"text-align: justify;\">\u00a0A adultiza\u00e7\u00e3o infantil n\u00e3o \u00e9 apenas \u00e0 exposi\u00e7\u00e3o precoce a temas adultos \u00e9 o ato de privar a crian\u00e7a de sua fase natural de brincadeiras, com o l\u00fadico, for\u00e7ando-a assumir pap\u00e9is e responsabilidades que cabem a pessoas adultas.<\/p>\n<p style=\"text-align: justify;\">O brincar, o imaginar, fantasiar e fazer descobertas pr\u00f3prias \u00a0\u00a0da idade deixam de ser prioridade e elas acabam ocupando muitas vezes o papel dos pais principalmente quando tem que cuidar e educar o irm\u00e3o mais novo. Do ponto de vista psicol\u00f3gico a adultiza\u00e7\u00e3o interrompe etapas naturais do desenvolvimento.<\/p>\n<p style=\"text-align: justify;\">\u00a0Ela pode gerar consequ\u00eancias psicol\u00f3gicas como ansiedade, estresse precoce, depress\u00e3o, perda de simplicidade, baixa autoestima e confus\u00e3o de papeis e se tornam adultos inseguros que n\u00e3o conseguem relaxar e vivem sobrecarregados.<\/p>\n<p style=\"text-align: justify;\">\u00a0Com as mudan\u00e7as na fam\u00edlia o amadurecimento precoce de uma crian\u00e7a pode acontecer por necessidades dos pais ou por comodidade.\u00a0 O amadurecimento precoce da crian\u00e7a pode acontecer quando ela tem uma agenda di\u00e1ria para cumprir, usam roupas ou maquiagem que imitam adultos ou passam muito tempo nas redes sociais.<\/p>\n<p style=\"text-align: justify;\">\u00a0Tudo isso faz parte do fen\u00f4meno da adultiza\u00e7\u00e3o causada por uma s\u00e9rie de fatores interligados onde as crian\u00e7as sentem que precisam crescer mais r\u00e1pido do que deveriam. Para prevenir o amadurecimento precoce \u00e9 preciso\u00a0\u00a0 respeitar o tempo da crian\u00e7a, separar problemas de adultos, monitorar conte\u00fados, proibir roupas de adulto, estimular brincadeiras e imagina\u00e7\u00e3o infantil.<\/p>\n<p style=\"text-align: justify;\">Crian\u00e7a n\u00e3o \u00e9 adulto em miniatura. Quando damos a ela responsabilidades, problemas ou conte\u00fados que n\u00e3o s\u00e3o da sua idade, roubamos algo precioso: A inf\u00e2ncia.<\/p>\n<p style=\"text-align: justify;\"><img loading=\"lazy\" decoding=\"async\" class=\"alignnone size-full wp-image-97287\" src=\"https:\/\/jorgezanoni.com.br\/2019\/wp-content\/uploads\/2025\/08\/Cidinha-Pascoaloto-2.jpg\" alt=\"\" width=\"339\" height=\"480\" srcset=\"https:\/\/jorgezanoni.com.br\/2019\/wp-content\/uploads\/2025\/08\/Cidinha-Pascoaloto-2.jpg 339w, https:\/\/jorgezanoni.com.br\/2019\/wp-content\/uploads\/2025\/08\/Cidinha-Pascoaloto-2-212x300.jpg 212w, https:\/\/jorgezanoni.com.br\/2019\/wp-content\/uploads\/2025\/08\/Cidinha-Pascoaloto-2-297x420.jpg 297w\" sizes=\"auto, (max-width: 339px) 100vw, 339px\" \/>Cidinha Pascoaloto-Psic\u00f3loga, CRP 06\/158174. Presencial e online &#8211;\u00a0\u00a0\ud83d\udcde (18) 99725-6418<\/p>\n<p><a href=\"http:\/\/www.facebook.com\/cidinha.pascoaloto\">www.facebook.com\/cidinha.pascoaloto<\/a><\/p>\n<p><a href=\"https:\/\/www.instagram.com\/cidinhapsicologa?igsh=MXM1NWNodzd5bzN4bA%3D%3D\">Cidinha Pascoaloto (@cidinhapsicologa) \u2022 Fotos e v\u00eddeos do Instagram<\/a><\/p>\n<p>&nbsp;<\/p>\n","protected":false},"excerpt":{"rendered":"<p>Adultiza\u00e7\u00e3o Infantil: Um erro silencioso que custa caro! A inf\u00e2ncia \u00e9 uma fase essencial para o desenvolvimento emocional, social, de descobertas e de aprendizados. \u00c9 nela que a crian\u00e7a constr\u00f3i sua identidade, desenvolve habilidades e aprende a lidar com emo\u00e7\u00f5es de forma gradual e segura. \u00a0A adultiza\u00e7\u00e3o infantil n\u00e3o \u00e9 apenas \u00e0 exposi\u00e7\u00e3o precoce a [&hellip;]<\/p>\n","protected":false},"author":1,"featured_media":97288,"comment_status":"closed","ping_status":"open","sticky":false,"template":"","format":"standard","meta":{"footnotes":""},"categories":[175],"tags":[],"class_list":["post-97286","post","type-post","status-publish","format-standard","has-post-thumbnail","hentry","category-artigos"],"_links":{"self":[{"href":"https:\/\/jorgezanoni.com.br\/2019\/wp-json\/wp\/v2\/posts\/97286","targetHints":{"allow":["GET"]}}],"collection":[{"href":"https:\/\/jorgezanoni.com.br\/2019\/wp-json\/wp\/v2\/posts"}],"about":[{"href":"https:\/\/jorgezanoni.com.br\/2019\/wp-json\/wp\/v2\/types\/post"}],"author":[{"embeddable":true,"href":"https:\/\/jorgezanoni.com.br\/2019\/wp-json\/wp\/v2\/users\/1"}],"replies":[{"embeddable":true,"href":"https:\/\/jorgezanoni.com.br\/2019\/wp-json\/wp\/v2\/comments?post=97286"}],"version-history":[{"count":1,"href":"https:\/\/jorgezanoni.com.br\/2019\/wp-json\/wp\/v2\/posts\/97286\/revisions"}],"predecessor-version":[{"id":97289,"href":"https:\/\/jorgezanoni.com.br\/2019\/wp-json\/wp\/v2\/posts\/97286\/revisions\/97289"}],"wp:featuredmedia":[{"embeddable":true,"href":"https:\/\/jorgezanoni.com.br\/2019\/wp-json\/wp\/v2\/media\/97288"}],"wp:attachment":[{"href":"https:\/\/jorgezanoni.com.br\/2019\/wp-json\/wp\/v2\/media?parent=97286"}],"wp:term":[{"taxonomy":"category","embeddable":true,"href":"https:\/\/jorgezanoni.com.br\/2019\/wp-json\/wp\/v2\/categories?post=97286"},{"taxonomy":"post_tag","embeddable":true,"href":"https:\/\/jorgezanoni.com.br\/2019\/wp-json\/wp\/v2\/tags?post=97286"}],"curies":[{"name":"wp","href":"https:\/\/api.w.org\/{rel}","templated":true}]}}