{"id":97248,"date":"2025-08-14T00:36:12","date_gmt":"2025-08-14T00:36:12","guid":{"rendered":"https:\/\/jorgezanoni.com.br\/2019\/?p=97248"},"modified":"2025-08-14T00:36:12","modified_gmt":"2025-08-14T00:36:12","slug":"policia-militar-prende-homem-em-flagrante-por-furto-em-dracena-7","status":"publish","type":"post","link":"https:\/\/jorgezanoni.com.br\/2019\/policia-militar-prende-homem-em-flagrante-por-furto-em-dracena-7\/","title":{"rendered":"Pol\u00edcia Militar prende homem em flagrante por furto em Dracena"},"content":{"rendered":"<p style=\"text-align: justify;\">Na data de hoje (13) volta das 14h28min policiais militares do 25\u00ba Batalh\u00e3o de Pol\u00edcia Militar do Interior pelo munic\u00edpio de Dracena quando receberam den\u00fancia de um furto ocorrido em um estabelecimento comercial onde o indiciado (24 anos) adentrou o com\u00e9rcio e perguntou o pre\u00e7o de alguns bon\u00e9s, momento em que lhe foi informado os valores o autor rapidamente subtraiu para si os itens e saiu correndo sentido os fundos da linha f\u00e9rrea. Com as informa\u00e7\u00f5es e caracter\u00edsticas transmitidas foi iniciado um patrulhamento pela linha f\u00e9rrea e em certo momento, ainda pela linha f\u00e9rrea foi abordado o indiciado o qual foi indagado sobre os fatos vindo a confessar a autoria do crime e relatou j\u00e1 ter entregue os objetos para uma pessoa no Jardim Brasil\u00e2ndia. Rapidamente foi localizado os objetos no local mencionado pelo indiciado e dado voz de pris\u00e3o. Ocorr\u00eancia conduzida na Delegacia de Pol\u00edcia de Dracena sendo elaborado BOPC de natureza furto qualificado conforme art. 155 do C\u00f3digo Penal, permanecendo \u00e0 disposi\u00e7\u00e3o da Justi\u00e7a. Os produtos foram restitu\u00eddos a v\u00edtima.<\/p>\n<p><img loading=\"lazy\" decoding=\"async\" class=\"alignnone size-full wp-image-97250\" src=\"https:\/\/jorgezanoni.com.br\/2019\/wp-content\/uploads\/2025\/08\/pm1-Pequeno.jpg\" alt=\"\" width=\"360\" height=\"480\" srcset=\"https:\/\/jorgezanoni.com.br\/2019\/wp-content\/uploads\/2025\/08\/pm1-Pequeno.jpg 360w, https:\/\/jorgezanoni.com.br\/2019\/wp-content\/uploads\/2025\/08\/pm1-Pequeno-225x300.jpg 225w, https:\/\/jorgezanoni.com.br\/2019\/wp-content\/uploads\/2025\/08\/pm1-Pequeno-315x420.jpg 315w\" sizes=\"auto, (max-width: 360px) 100vw, 360px\" \/><\/p>\n<p>Fonte: Comunica\u00e7\u00e3o Social Pol\u00edcia Militar<\/p>\n","protected":false},"excerpt":{"rendered":"<p>Na data de hoje (13) volta das 14h28min policiais militares do 25\u00ba Batalh\u00e3o de Pol\u00edcia Militar do Interior pelo munic\u00edpio de Dracena quando receberam den\u00fancia de um furto ocorrido em um estabelecimento comercial onde o indiciado (24 anos) adentrou o com\u00e9rcio e perguntou o pre\u00e7o de alguns bon\u00e9s, momento em que lhe foi informado os [&hellip;]<\/p>\n","protected":false},"author":1,"featured_media":97249,"comment_status":"closed","ping_status":"open","sticky":false,"template":"","format":"standard","meta":{"footnotes":""},"categories":[110,2],"tags":[],"class_list":["post-97248","post","type-post","status-publish","format-standard","has-post-thumbnail","hentry","category-noticiasdestaque","category-policial"],"_links":{"self":[{"href":"https:\/\/jorgezanoni.com.br\/2019\/wp-json\/wp\/v2\/posts\/97248","targetHints":{"allow":["GET"]}}],"collection":[{"href":"https:\/\/jorgezanoni.com.br\/2019\/wp-json\/wp\/v2\/posts"}],"about":[{"href":"https:\/\/jorgezanoni.com.br\/2019\/wp-json\/wp\/v2\/types\/post"}],"author":[{"embeddable":true,"href":"https:\/\/jorgezanoni.com.br\/2019\/wp-json\/wp\/v2\/users\/1"}],"replies":[{"embeddable":true,"href":"https:\/\/jorgezanoni.com.br\/2019\/wp-json\/wp\/v2\/comments?post=97248"}],"version-history":[{"count":1,"href":"https:\/\/jorgezanoni.com.br\/2019\/wp-json\/wp\/v2\/posts\/97248\/revisions"}],"predecessor-version":[{"id":97252,"href":"https:\/\/jorgezanoni.com.br\/2019\/wp-json\/wp\/v2\/posts\/97248\/revisions\/97252"}],"wp:featuredmedia":[{"embeddable":true,"href":"https:\/\/jorgezanoni.com.br\/2019\/wp-json\/wp\/v2\/media\/97249"}],"wp:attachment":[{"href":"https:\/\/jorgezanoni.com.br\/2019\/wp-json\/wp\/v2\/media?parent=97248"}],"wp:term":[{"taxonomy":"category","embeddable":true,"href":"https:\/\/jorgezanoni.com.br\/2019\/wp-json\/wp\/v2\/categories?post=97248"},{"taxonomy":"post_tag","embeddable":true,"href":"https:\/\/jorgezanoni.com.br\/2019\/wp-json\/wp\/v2\/tags?post=97248"}],"curies":[{"name":"wp","href":"https:\/\/api.w.org\/{rel}","templated":true}]}}