{"id":97216,"date":"2025-08-12T00:21:04","date_gmt":"2025-08-12T00:21:04","guid":{"rendered":"https:\/\/jorgezanoni.com.br\/2019\/?p=97216"},"modified":"2025-08-12T00:21:04","modified_gmt":"2025-08-12T00:21:04","slug":"policia-militar-age-rapidamente-e-prende-autores-por-tentativa-de-homicidio","status":"publish","type":"post","link":"https:\/\/jorgezanoni.com.br\/2019\/policia-militar-age-rapidamente-e-prende-autores-por-tentativa-de-homicidio\/","title":{"rendered":"Pol\u00edcia Militar age rapidamente e prende autores por tentativa de homic\u00eddio"},"content":{"rendered":"<p style=\"text-align: justify;\">Na data de hoje (11) por volta das 15h policiais militares do 25\u00ba Batalh\u00e3o de Pol\u00edcia Militar do Interior pelo munic\u00edpio de Dracena em patrulhamento com (motocicletas) juntamente com as demais viaturas de \u00e1rea foram acionadas via Copom para atendimento de ocorr\u00eancia de pessoa agredida\/ferida em uma estrada de \u00e1rea rural onde uma mulher gritava por socorro.<\/p>\n<p style=\"text-align: justify;\">Na chegada ao local esta equipe adentrou o im\u00f3vel e se deparou com um homem (36 anos) desfalecido sob uma cama em um quarto da casa, com cortes na regi\u00e3o da cabe\u00e7a e muito sangue no entorno, sendo notado tamb\u00e9m sinais de arrombamento nas portas da resid\u00eancia.<\/p>\n<p style=\"text-align: justify;\">Ainda no local, muito alterada e debilitada se encontrava a m\u00e3e da v\u00edtima (53 anos) no qual alegou que quatro pessoas haviam adentrado a resid\u00eancia mediante arrombamento e por motivos a serem esclarecidos, desferiram v\u00e1rios golpes com um porrete de madeira na cabe\u00e7a de seu filho que se encontrava no quarto, alem de tamb\u00e9m sofrer agress\u00f5es por parte de uma mulher (indiciada 30 anos) e logo ap\u00f3s sairam com destino ignorado.<\/p>\n<p style=\"text-align: justify;\">No local foi passado pela v\u00edtima (genitora) informa\u00e7\u00f5es dos autores. Em seguida a unidade de resgate compareceu no local e socorreu a vitima ainda com vida ao Pronto Atendimento Municipal de Dracena.<\/p>\n<p style=\"text-align: justify;\">Diante das informa\u00e7\u00f5es obtidas, os autores que ja eram conhecidos da equipe, vindo rapidamente a ser realizasa dilig\u00eancias na cidade no local onde residem, obtendo exito em localizar ambos os autores e aborda-los.<\/p>\n<p style=\"text-align: justify;\">Partes conduzidas ao plant\u00e3o policial de Tupi Paulista cuja a jurisdi\u00e7\u00e3o pertence, e ratificado a voz de pris\u00e3o em flagrante de homic\u00eddio tentado qualificado e privilegiado\/les\u00e3o corporal, permanecendo la indiciada (30 anos), indiciados (44 e 36 anos) presos \u00e0 disposi\u00e7\u00e3o da Justi\u00e7a, al\u00e9m de um quarto autor que foi reconhecido pela m\u00e3e da v\u00edtima atrav\u00e9s de fotografia pela delegacia, e que de momento se encontra foragido.<\/p>\n<p style=\"text-align: justify;\">A v\u00edtima permanece hospitalizada com traumatismo cr\u00e2niano decorrente das les\u00f5es.<\/p>\n<p>Fonte: Comunica\u00e7\u00e3o Social Pol\u00edcia Militar<\/p>\n","protected":false},"excerpt":{"rendered":"<p>Na data de hoje (11) por volta das 15h policiais militares do 25\u00ba Batalh\u00e3o de Pol\u00edcia Militar do Interior pelo munic\u00edpio de Dracena em patrulhamento com (motocicletas) juntamente com as demais viaturas de \u00e1rea foram acionadas via Copom para atendimento de ocorr\u00eancia de pessoa agredida\/ferida em uma estrada de \u00e1rea rural onde uma mulher gritava [&hellip;]<\/p>\n","protected":false},"author":1,"featured_media":97217,"comment_status":"closed","ping_status":"open","sticky":false,"template":"","format":"standard","meta":{"footnotes":""},"categories":[110,2],"tags":[],"class_list":["post-97216","post","type-post","status-publish","format-standard","has-post-thumbnail","hentry","category-noticiasdestaque","category-policial"],"_links":{"self":[{"href":"https:\/\/jorgezanoni.com.br\/2019\/wp-json\/wp\/v2\/posts\/97216","targetHints":{"allow":["GET"]}}],"collection":[{"href":"https:\/\/jorgezanoni.com.br\/2019\/wp-json\/wp\/v2\/posts"}],"about":[{"href":"https:\/\/jorgezanoni.com.br\/2019\/wp-json\/wp\/v2\/types\/post"}],"author":[{"embeddable":true,"href":"https:\/\/jorgezanoni.com.br\/2019\/wp-json\/wp\/v2\/users\/1"}],"replies":[{"embeddable":true,"href":"https:\/\/jorgezanoni.com.br\/2019\/wp-json\/wp\/v2\/comments?post=97216"}],"version-history":[{"count":1,"href":"https:\/\/jorgezanoni.com.br\/2019\/wp-json\/wp\/v2\/posts\/97216\/revisions"}],"predecessor-version":[{"id":97218,"href":"https:\/\/jorgezanoni.com.br\/2019\/wp-json\/wp\/v2\/posts\/97216\/revisions\/97218"}],"wp:featuredmedia":[{"embeddable":true,"href":"https:\/\/jorgezanoni.com.br\/2019\/wp-json\/wp\/v2\/media\/97217"}],"wp:attachment":[{"href":"https:\/\/jorgezanoni.com.br\/2019\/wp-json\/wp\/v2\/media?parent=97216"}],"wp:term":[{"taxonomy":"category","embeddable":true,"href":"https:\/\/jorgezanoni.com.br\/2019\/wp-json\/wp\/v2\/categories?post=97216"},{"taxonomy":"post_tag","embeddable":true,"href":"https:\/\/jorgezanoni.com.br\/2019\/wp-json\/wp\/v2\/tags?post=97216"}],"curies":[{"name":"wp","href":"https:\/\/api.w.org\/{rel}","templated":true}]}}