{"id":97209,"date":"2025-08-11T23:22:47","date_gmt":"2025-08-11T23:22:47","guid":{"rendered":"https:\/\/jorgezanoni.com.br\/2019\/?p=97209"},"modified":"2025-08-11T23:22:47","modified_gmt":"2025-08-11T23:22:47","slug":"acidente-entre-carro-e-motocicleta-deixa-homem-ferido-no-centro-de-dracena","status":"publish","type":"post","link":"https:\/\/jorgezanoni.com.br\/2019\/acidente-entre-carro-e-motocicleta-deixa-homem-ferido-no-centro-de-dracena\/","title":{"rendered":"Acidente entre carro e motocicleta deixa homem ferido no centro de Dracena"},"content":{"rendered":"<p style=\"text-align: justify;\"><strong>Acidente aconteceu no final da tarde desta segunda-feira (11) na esquina da Avenida Presidente Vargas com a Rua Edison da Silveira Campos.<\/strong><\/p>\n<p style=\"text-align: justify;\">Segundo informa\u00e7\u00f5es obtidas no local pela reportagem do SITE JZ e TOP TV, um ve\u00edculo Fiat Argo placas mercosul, dirigido por um homem, fazia o sentido \u00fanico de dire\u00e7\u00e3o centro-bairro pela Vargas, quando a a motocileta placa mercosul pilotada um um homem, cruzou sua frente pela Edison tamb\u00e9m no sentido centro-bairro.<\/p>\n<p style=\"text-align: justify;\">O sol teria ofuscado a vis\u00e3o do condutor do carro que n\u00e3o viu a moto cruzando a via preferencial.<\/p>\n<p style=\"text-align: justify;\">O condutor da motocicleta que tinha fortes dores no tornozelo, foi socorrido por uma Unidade de Resgate dos Bombeiros ao Pronto Atendimento Municipal. O motorista n\u00e3o se feriu.<\/p>\n<p style=\"text-align: justify;\">As Pol\u00edcias Militar e T\u00e9cnica compareceram ao local para os levantamentos que ir\u00e3o apontas as causas do acidente.<\/p>\n<p><img loading=\"lazy\" decoding=\"async\" class=\"alignnone size-full wp-image-97210\" src=\"https:\/\/jorgezanoni.com.br\/2019\/wp-content\/uploads\/2025\/08\/711dc6c4-2d1c-4620-85fb-7b2d532b2f80-Pequeno.jpg\" alt=\"\" width=\"853\" height=\"480\" srcset=\"https:\/\/jorgezanoni.com.br\/2019\/wp-content\/uploads\/2025\/08\/711dc6c4-2d1c-4620-85fb-7b2d532b2f80-Pequeno.jpg 853w, https:\/\/jorgezanoni.com.br\/2019\/wp-content\/uploads\/2025\/08\/711dc6c4-2d1c-4620-85fb-7b2d532b2f80-Pequeno-300x169.jpg 300w, https:\/\/jorgezanoni.com.br\/2019\/wp-content\/uploads\/2025\/08\/711dc6c4-2d1c-4620-85fb-7b2d532b2f80-Pequeno-768x432.jpg 768w, https:\/\/jorgezanoni.com.br\/2019\/wp-content\/uploads\/2025\/08\/711dc6c4-2d1c-4620-85fb-7b2d532b2f80-Pequeno-696x392.jpg 696w, https:\/\/jorgezanoni.com.br\/2019\/wp-content\/uploads\/2025\/08\/711dc6c4-2d1c-4620-85fb-7b2d532b2f80-Pequeno-746x420.jpg 746w\" sizes=\"auto, (max-width: 853px) 100vw, 853px\" \/> <img loading=\"lazy\" decoding=\"async\" class=\"alignnone size-full wp-image-97211\" src=\"https:\/\/jorgezanoni.com.br\/2019\/wp-content\/uploads\/2025\/08\/856bc2dd-1ac5-4ac2-82f7-09df061965ea-Pequeno.jpg\" alt=\"\" width=\"853\" height=\"480\" srcset=\"https:\/\/jorgezanoni.com.br\/2019\/wp-content\/uploads\/2025\/08\/856bc2dd-1ac5-4ac2-82f7-09df061965ea-Pequeno.jpg 853w, https:\/\/jorgezanoni.com.br\/2019\/wp-content\/uploads\/2025\/08\/856bc2dd-1ac5-4ac2-82f7-09df061965ea-Pequeno-300x169.jpg 300w, https:\/\/jorgezanoni.com.br\/2019\/wp-content\/uploads\/2025\/08\/856bc2dd-1ac5-4ac2-82f7-09df061965ea-Pequeno-768x432.jpg 768w, https:\/\/jorgezanoni.com.br\/2019\/wp-content\/uploads\/2025\/08\/856bc2dd-1ac5-4ac2-82f7-09df061965ea-Pequeno-696x392.jpg 696w, https:\/\/jorgezanoni.com.br\/2019\/wp-content\/uploads\/2025\/08\/856bc2dd-1ac5-4ac2-82f7-09df061965ea-Pequeno-746x420.jpg 746w\" sizes=\"auto, (max-width: 853px) 100vw, 853px\" \/> <img loading=\"lazy\" decoding=\"async\" class=\"alignnone size-full wp-image-97212\" src=\"https:\/\/jorgezanoni.com.br\/2019\/wp-content\/uploads\/2025\/08\/a142b1fe-5b70-4437-94af-d8e02a6c6978-Pequeno.jpg\" alt=\"\" width=\"853\" height=\"480\" srcset=\"https:\/\/jorgezanoni.com.br\/2019\/wp-content\/uploads\/2025\/08\/a142b1fe-5b70-4437-94af-d8e02a6c6978-Pequeno.jpg 853w, https:\/\/jorgezanoni.com.br\/2019\/wp-content\/uploads\/2025\/08\/a142b1fe-5b70-4437-94af-d8e02a6c6978-Pequeno-300x169.jpg 300w, https:\/\/jorgezanoni.com.br\/2019\/wp-content\/uploads\/2025\/08\/a142b1fe-5b70-4437-94af-d8e02a6c6978-Pequeno-768x432.jpg 768w, https:\/\/jorgezanoni.com.br\/2019\/wp-content\/uploads\/2025\/08\/a142b1fe-5b70-4437-94af-d8e02a6c6978-Pequeno-696x392.jpg 696w, https:\/\/jorgezanoni.com.br\/2019\/wp-content\/uploads\/2025\/08\/a142b1fe-5b70-4437-94af-d8e02a6c6978-Pequeno-746x420.jpg 746w\" sizes=\"auto, (max-width: 853px) 100vw, 853px\" \/> <img loading=\"lazy\" decoding=\"async\" class=\"alignnone size-full wp-image-97214\" src=\"https:\/\/jorgezanoni.com.br\/2019\/wp-content\/uploads\/2025\/08\/dc5a0d8a-c164-4cf3-b303-b01d8b96c2b0-Pequeno.jpg\" alt=\"\" width=\"853\" height=\"480\" srcset=\"https:\/\/jorgezanoni.com.br\/2019\/wp-content\/uploads\/2025\/08\/dc5a0d8a-c164-4cf3-b303-b01d8b96c2b0-Pequeno.jpg 853w, https:\/\/jorgezanoni.com.br\/2019\/wp-content\/uploads\/2025\/08\/dc5a0d8a-c164-4cf3-b303-b01d8b96c2b0-Pequeno-300x169.jpg 300w, https:\/\/jorgezanoni.com.br\/2019\/wp-content\/uploads\/2025\/08\/dc5a0d8a-c164-4cf3-b303-b01d8b96c2b0-Pequeno-768x432.jpg 768w, https:\/\/jorgezanoni.com.br\/2019\/wp-content\/uploads\/2025\/08\/dc5a0d8a-c164-4cf3-b303-b01d8b96c2b0-Pequeno-696x392.jpg 696w, https:\/\/jorgezanoni.com.br\/2019\/wp-content\/uploads\/2025\/08\/dc5a0d8a-c164-4cf3-b303-b01d8b96c2b0-Pequeno-746x420.jpg 746w\" sizes=\"auto, (max-width: 853px) 100vw, 853px\" \/><\/p>\n<p>Jorge Zanoni<\/p>\n","protected":false},"excerpt":{"rendered":"<p>Acidente aconteceu no final da tarde desta segunda-feira (11) na esquina da Avenida Presidente Vargas com a Rua Edison da Silveira Campos. Segundo informa\u00e7\u00f5es obtidas no local pela reportagem do SITE JZ e TOP TV, um ve\u00edculo Fiat Argo placas mercosul, dirigido por um homem, fazia o sentido \u00fanico de dire\u00e7\u00e3o centro-bairro pela Vargas, quando [&hellip;]<\/p>\n","protected":false},"author":1,"featured_media":97213,"comment_status":"closed","ping_status":"open","sticky":false,"template":"","format":"standard","meta":{"footnotes":""},"categories":[170,110],"tags":[],"class_list":["post-97209","post","type-post","status-publish","format-standard","has-post-thumbnail","hentry","category-acidentes","category-noticiasdestaque"],"_links":{"self":[{"href":"https:\/\/jorgezanoni.com.br\/2019\/wp-json\/wp\/v2\/posts\/97209","targetHints":{"allow":["GET"]}}],"collection":[{"href":"https:\/\/jorgezanoni.com.br\/2019\/wp-json\/wp\/v2\/posts"}],"about":[{"href":"https:\/\/jorgezanoni.com.br\/2019\/wp-json\/wp\/v2\/types\/post"}],"author":[{"embeddable":true,"href":"https:\/\/jorgezanoni.com.br\/2019\/wp-json\/wp\/v2\/users\/1"}],"replies":[{"embeddable":true,"href":"https:\/\/jorgezanoni.com.br\/2019\/wp-json\/wp\/v2\/comments?post=97209"}],"version-history":[{"count":1,"href":"https:\/\/jorgezanoni.com.br\/2019\/wp-json\/wp\/v2\/posts\/97209\/revisions"}],"predecessor-version":[{"id":97215,"href":"https:\/\/jorgezanoni.com.br\/2019\/wp-json\/wp\/v2\/posts\/97209\/revisions\/97215"}],"wp:featuredmedia":[{"embeddable":true,"href":"https:\/\/jorgezanoni.com.br\/2019\/wp-json\/wp\/v2\/media\/97213"}],"wp:attachment":[{"href":"https:\/\/jorgezanoni.com.br\/2019\/wp-json\/wp\/v2\/media?parent=97209"}],"wp:term":[{"taxonomy":"category","embeddable":true,"href":"https:\/\/jorgezanoni.com.br\/2019\/wp-json\/wp\/v2\/categories?post=97209"},{"taxonomy":"post_tag","embeddable":true,"href":"https:\/\/jorgezanoni.com.br\/2019\/wp-json\/wp\/v2\/tags?post=97209"}],"curies":[{"name":"wp","href":"https:\/\/api.w.org\/{rel}","templated":true}]}}