{"id":97176,"date":"2025-08-10T13:40:57","date_gmt":"2025-08-10T13:40:57","guid":{"rendered":"https:\/\/jorgezanoni.com.br\/2019\/?p=97176"},"modified":"2025-08-10T13:40:57","modified_gmt":"2025-08-10T13:40:57","slug":"dia-dos-pais-10-de-agosto-de-2025-origem-e-historia","status":"publish","type":"post","link":"https:\/\/jorgezanoni.com.br\/2019\/dia-dos-pais-10-de-agosto-de-2025-origem-e-historia\/","title":{"rendered":"Dia dos Pais (10 de agosto de 2025): origem e hist\u00f3ria"},"content":{"rendered":"<p style=\"text-align: justify;\"><strong>O\u00a0Dia dos Pais\u00a0\u00e9 uma data comemorativa festejada em todo o mundo. O intuito \u00e9 homenagear todos os pais, homens carinhosos, amorosos, guerreiros, protetores e trabalhadores.<\/strong><\/p>\n<p style=\"text-align: justify;\">Embora essa data seja comemorada em muitos pa\u00edses, o dia escolhido pode ser diferente. No Brasil, por exemplo, o Dia dos Pais \u00e9 comemorado no\u00a0<strong>segundo domingo de agosto<\/strong>, ou seja, \u00e9 uma data m\u00f3vel.<\/p>\n<p style=\"text-align: justify;\">Durante esse dia, acontecem diversos tipos de celebra\u00e7\u00f5es, apresenta\u00e7\u00f5es, almo\u00e7os\u00a0familiares e troca de presentes por todo o pa\u00eds.<\/p>\n<h2>Origem do Dia dos Pais<\/h2>\n<p style=\"text-align: justify;\">A cria\u00e7\u00e3o da data comemorativa foi realizada nos Estados Unidos e a partir de ent\u00e3o se expandiu para o mundo. Entretanto, muito tempo antes temos hist\u00f3rias de homenagem \u00e0 figura paterna.<\/p>\n<p style=\"text-align: justify;\">H\u00e1 relatos que apontam para festejos em torno da figura do pai na Antiguidade. Reza a lenda que h\u00e1 cerca de 4 mil anos, na Babil\u00f4nia, um jovem chamado Elmesu esculpiu uma mensagem para seu pai em argila desejando-lhe sa\u00fade e felicidade.<\/p>\n<p style=\"text-align: justify;\">Nos Estados Unidos, depois de um acidente de minera\u00e7\u00e3o vitimar mais de 300 homens, no dia 5 de julho de 1908 foi realizada uma homenagem a todos os pais que faleceram no acidente. A iniciativa foi da filha de um pastor chamada Grace Golden Clayton, mas aconteceu apenas naquele ano.<\/p>\n<p style=\"text-align: justify;\">Tamb\u00e9m nos Estados Unidos, Sonora Louise Smart Dodd (1882-1978) teve uma ideia ao ouvir uma mensagem referente ao dia das m\u00e3es, comemorado desde 1860 no pa\u00eds. Inspirada na atua\u00e7\u00e3o de Ann Reeves Jarvis para reconhecer a data, ela decidiu fazer uma homenagem ao seu pai, William Jackson Smart (1842-1919).<\/p>\n<p style=\"text-align: justify;\">O pai de Sonora tinha sido guerreiro e veterano na guerra civil. Ela nutria grande amor e admira\u00e7\u00e3o por ele ter criado os seis filhos depois de sua esposa morrer no parto da \u00faltima gesta\u00e7\u00e3o. A data escolhida para a celebra\u00e7\u00e3o seria o anivers\u00e1rio do seu pai.<\/p>\n<p style=\"text-align: justify;\">A comemora\u00e7\u00e3o, entretanto, n\u00e3o foi aceita imediatamente em todo o pa\u00eds. Enquanto o dia das m\u00e3es foi legitimado em 1914, o Dia dos Pais (<em>Father&#8217;s Day<\/em>) s\u00f3 veio a ser reconhecido pelo presidente Lyndon B Johnson em 1966. A data, por\u00e9m, foi oficializada pelo presidente Richard Nixon (1913-1994) apenas em 1972.<\/p>\n<p style=\"text-align: justify;\">Atualmente, a data \u00e9 festejada no\u00a0<strong>terceiro domingo de junho\u00a0<\/strong>em diversos pa\u00edses do mundo. Al\u00e9m dos Estados Unidos, tamb\u00e9m na Inglaterra, Canad\u00e1, Fran\u00e7a, Pa\u00edses Baixos, Macau, Mal\u00e1sia, \u00c1frica do Sul, Argentina, Peru, M\u00e9xico, Chile, Equador e \u00cdndia.<\/p>\n<p style=\"text-align: justify;\">Outros pa\u00edses t\u00eam datas pr\u00f3prias para a comemora\u00e7\u00e3o. Conhe\u00e7a algumas delas:<\/p>\n<ul style=\"text-align: justify;\">\n<li>19 de mar\u00e7o &#8211; Portugal, Angola, Bol\u00edvia e It\u00e1lia;<\/li>\n<li>23 de fevereiro &#8211; R\u00fassia;<\/li>\n<li>21 de junho &#8211; Gr\u00e9cia e Noruega;<\/li>\n<li>Primeiro domingo de setembro &#8211; Austr\u00e1lia e Nova Zel\u00e2ndia;<\/li>\n<li>Segundo domingo de novembro &#8211; Su\u00e9cia, Finl\u00e2ndia e Est\u00f4nia.<\/li>\n<\/ul>\n<p style=\"text-align: justify;\">Portugal, por exemplo, escolheu a data por influ\u00eancia da tradi\u00e7\u00e3o cat\u00f3lica. No dia 19 de mar\u00e7o tamb\u00e9m \u00e9 dia de S\u00e3o Jos\u00e9, &#8220;pai terreno&#8221; de Jesus.<\/p>\n<h2 style=\"text-align: justify;\">Dia dos pais no Brasil<\/h2>\n<p style=\"text-align: justify;\">Inicialmente, a data era comemorada em 16 de agosto, que era o dia de S\u00e3o Joaquim, pai da Virgem Maria e av\u00f4 de Jesus. A comemora\u00e7\u00e3o foi celebrada pela primeira vez no dia\u00a0<strong>16 de agosto de 1953<\/strong>.<\/p>\n<p style=\"text-align: justify;\">A data no pa\u00eds foi idealizada pelo publicit\u00e1rio Sylvio Bhering, tanto para reconhecimento da figura paterna quanto para fins comerciais como j\u00e1 acontecia com o dia das m\u00e3es.<\/p>\n<p style=\"text-align: justify;\">Com o passar dos anos, o\u00a0<strong>segundo domingo de agosto<\/strong>\u00a0\u00e9 que se tornou o dia da comemora\u00e7\u00e3o, pois o fim de semana \u00e9 mais prop\u00edcio para reunir as fam\u00edlias.<\/p>\n<h2 style=\"text-align: justify;\">Frases para o Dia dos Pais<\/h2>\n<p style=\"text-align: justify;\">Confira abaixo algumas frases de personalidades hist\u00f3ricas.<\/p>\n<p style=\"text-align: justify;\">\u201cTornar-se pai \u00e9 f\u00e1cil. Dif\u00edcil \u00e9 s\u00ea-lo.\u201d (Wilhelm Busch)<\/p>\n<p style=\"text-align: justify;\">\u201cUm pai s\u00e1bio deixa que os filhos cometam erros.\u201d (Mahatma Gandhi)<\/p>\n<p style=\"text-align: justify;\">\u201cUm pai vale mais do que uma centena de mestres-escola.\u201d (George Herbert)<\/p>\n<p style=\"text-align: justify;\">\u201cOs pais somente podem dar bons conselhos e indicar bons caminhos, mas a forma\u00e7\u00e3o final do car\u00e1ter de uma pessoa est\u00e1 em suas pr\u00f3prias m\u00e3os.\u201d (Anne Frank)<\/p>\n<p style=\"text-align: justify;\">\u201cQuando o filho aprende com o pai, ambos d\u00e3o risada. Quando o pai aprende com o filho, ambos choram.\u201d (William Shakespeare)<\/p>\n<p>Fonte: https:\/\/www.todamateria.com.br\/historia-do-dia-dos-pais\/<\/p>\n<p>&nbsp;<\/p>\n<p>&nbsp;<\/p>\n","protected":false},"excerpt":{"rendered":"<p>O\u00a0Dia dos Pais\u00a0\u00e9 uma data comemorativa festejada em todo o mundo. O intuito \u00e9 homenagear todos os pais, homens carinhosos, amorosos, guerreiros, protetores e trabalhadores. Embora essa data seja comemorada em muitos pa\u00edses, o dia escolhido pode ser diferente. No Brasil, por exemplo, o Dia dos Pais \u00e9 comemorado no\u00a0segundo domingo de agosto, ou seja, [&hellip;]<\/p>\n","protected":false},"author":1,"featured_media":97177,"comment_status":"closed","ping_status":"open","sticky":false,"template":"","format":"standard","meta":{"footnotes":""},"categories":[114,110],"tags":[],"class_list":["post-97176","post","type-post","status-publish","format-standard","has-post-thumbnail","hentry","category-geralecomercio","category-noticiasdestaque"],"_links":{"self":[{"href":"https:\/\/jorgezanoni.com.br\/2019\/wp-json\/wp\/v2\/posts\/97176","targetHints":{"allow":["GET"]}}],"collection":[{"href":"https:\/\/jorgezanoni.com.br\/2019\/wp-json\/wp\/v2\/posts"}],"about":[{"href":"https:\/\/jorgezanoni.com.br\/2019\/wp-json\/wp\/v2\/types\/post"}],"author":[{"embeddable":true,"href":"https:\/\/jorgezanoni.com.br\/2019\/wp-json\/wp\/v2\/users\/1"}],"replies":[{"embeddable":true,"href":"https:\/\/jorgezanoni.com.br\/2019\/wp-json\/wp\/v2\/comments?post=97176"}],"version-history":[{"count":1,"href":"https:\/\/jorgezanoni.com.br\/2019\/wp-json\/wp\/v2\/posts\/97176\/revisions"}],"predecessor-version":[{"id":97178,"href":"https:\/\/jorgezanoni.com.br\/2019\/wp-json\/wp\/v2\/posts\/97176\/revisions\/97178"}],"wp:featuredmedia":[{"embeddable":true,"href":"https:\/\/jorgezanoni.com.br\/2019\/wp-json\/wp\/v2\/media\/97177"}],"wp:attachment":[{"href":"https:\/\/jorgezanoni.com.br\/2019\/wp-json\/wp\/v2\/media?parent=97176"}],"wp:term":[{"taxonomy":"category","embeddable":true,"href":"https:\/\/jorgezanoni.com.br\/2019\/wp-json\/wp\/v2\/categories?post=97176"},{"taxonomy":"post_tag","embeddable":true,"href":"https:\/\/jorgezanoni.com.br\/2019\/wp-json\/wp\/v2\/tags?post=97176"}],"curies":[{"name":"wp","href":"https:\/\/api.w.org\/{rel}","templated":true}]}}