{"id":97073,"date":"2025-08-06T16:25:42","date_gmt":"2025-08-06T16:25:42","guid":{"rendered":"https:\/\/jorgezanoni.com.br\/2019\/?p=97073"},"modified":"2025-08-06T16:25:42","modified_gmt":"2025-08-06T16:25:42","slug":"policia-militar-aborda-veiculo-e-flagra-menores-com-drogas-e-alcool-em-dracena","status":"publish","type":"post","link":"https:\/\/jorgezanoni.com.br\/2019\/policia-militar-aborda-veiculo-e-flagra-menores-com-drogas-e-alcool-em-dracena\/","title":{"rendered":"Pol\u00edcia Militar aborda ve\u00edculo e flagra menores com Drogas e \u00c1lcool em Dracena"},"content":{"rendered":"<p style=\"text-align: justify;\">Na noite de ontem (5), por volta das 19h50min, policiais militares do 25\u00ba Batalh\u00e3o de Pol\u00edcia Militar do Interior realizavam patrulhamento em Dracena quando abordaram um ve\u00edculo que havia fugido da fiscaliza\u00e7\u00e3o no dia anterior. Durante a a\u00e7\u00e3o, foram identificados tr\u00eas ocupantes: o propriet\u00e1rio no banco traseiro e dois menores nos bancos dianteiros, sendo um deles o condutor. Na busca pessoal e veicular, os policiais localizaram uma por\u00e7\u00e3o de coca\u00edna com um dos passageiros, al\u00e9m de um cigarro de maconha no porta-luvas e um copo com bebida alco\u00f3lica na porta do motorista. Os respons\u00e1veis pelos menores foram acionados e compareceram ao local. Todos os envolvidos foram conduzidos \u00e0 Central de Pol\u00edcia Judici\u00e1ria de Dracena, onde a autoridade policial elaborou o boletim de ocorr\u00eancia por porte de drogas, entrega de subst\u00e2ncias que causam depend\u00eancia qu\u00edmica a menores (Art. 243 do ECA) e condu\u00e7\u00e3o de ve\u00edculo sob influ\u00eancia de \u00e1lcool. As partes foram ouvidas e encaminhadas ao IML para exames cl\u00ednicos. O ve\u00edculo foi removido ao p\u00e1tio e as medidas administrativas cab\u00edveis foram adotadas em rela\u00e7\u00e3o ao condutor e ao propriet\u00e1rio.<\/p>\n<p><img loading=\"lazy\" decoding=\"async\" class=\"alignnone size-full wp-image-97075\" src=\"https:\/\/jorgezanoni.com.br\/2019\/wp-content\/uploads\/2025\/08\/dra-Pequeno.jpg\" alt=\"\" width=\"360\" height=\"480\" srcset=\"https:\/\/jorgezanoni.com.br\/2019\/wp-content\/uploads\/2025\/08\/dra-Pequeno.jpg 360w, https:\/\/jorgezanoni.com.br\/2019\/wp-content\/uploads\/2025\/08\/dra-Pequeno-225x300.jpg 225w, https:\/\/jorgezanoni.com.br\/2019\/wp-content\/uploads\/2025\/08\/dra-Pequeno-315x420.jpg 315w\" sizes=\"auto, (max-width: 360px) 100vw, 360px\" \/><\/p>\n<p>Fonte: Comunica\u00e7\u00e3o Social Pol\u00edcia Militar<\/p>\n","protected":false},"excerpt":{"rendered":"<p>Na noite de ontem (5), por volta das 19h50min, policiais militares do 25\u00ba Batalh\u00e3o de Pol\u00edcia Militar do Interior realizavam patrulhamento em Dracena quando abordaram um ve\u00edculo que havia fugido da fiscaliza\u00e7\u00e3o no dia anterior. Durante a a\u00e7\u00e3o, foram identificados tr\u00eas ocupantes: o propriet\u00e1rio no banco traseiro e dois menores nos bancos dianteiros, sendo um [&hellip;]<\/p>\n","protected":false},"author":1,"featured_media":97076,"comment_status":"closed","ping_status":"open","sticky":false,"template":"","format":"standard","meta":{"footnotes":""},"categories":[110,2],"tags":[],"class_list":["post-97073","post","type-post","status-publish","format-standard","has-post-thumbnail","hentry","category-noticiasdestaque","category-policial"],"_links":{"self":[{"href":"https:\/\/jorgezanoni.com.br\/2019\/wp-json\/wp\/v2\/posts\/97073","targetHints":{"allow":["GET"]}}],"collection":[{"href":"https:\/\/jorgezanoni.com.br\/2019\/wp-json\/wp\/v2\/posts"}],"about":[{"href":"https:\/\/jorgezanoni.com.br\/2019\/wp-json\/wp\/v2\/types\/post"}],"author":[{"embeddable":true,"href":"https:\/\/jorgezanoni.com.br\/2019\/wp-json\/wp\/v2\/users\/1"}],"replies":[{"embeddable":true,"href":"https:\/\/jorgezanoni.com.br\/2019\/wp-json\/wp\/v2\/comments?post=97073"}],"version-history":[{"count":1,"href":"https:\/\/jorgezanoni.com.br\/2019\/wp-json\/wp\/v2\/posts\/97073\/revisions"}],"predecessor-version":[{"id":97077,"href":"https:\/\/jorgezanoni.com.br\/2019\/wp-json\/wp\/v2\/posts\/97073\/revisions\/97077"}],"wp:featuredmedia":[{"embeddable":true,"href":"https:\/\/jorgezanoni.com.br\/2019\/wp-json\/wp\/v2\/media\/97076"}],"wp:attachment":[{"href":"https:\/\/jorgezanoni.com.br\/2019\/wp-json\/wp\/v2\/media?parent=97073"}],"wp:term":[{"taxonomy":"category","embeddable":true,"href":"https:\/\/jorgezanoni.com.br\/2019\/wp-json\/wp\/v2\/categories?post=97073"},{"taxonomy":"post_tag","embeddable":true,"href":"https:\/\/jorgezanoni.com.br\/2019\/wp-json\/wp\/v2\/tags?post=97073"}],"curies":[{"name":"wp","href":"https:\/\/api.w.org\/{rel}","templated":true}]}}