{"id":96989,"date":"2025-08-01T13:02:32","date_gmt":"2025-08-01T13:02:32","guid":{"rendered":"https:\/\/jorgezanoni.com.br\/2019\/?p=96989"},"modified":"2025-08-01T13:02:32","modified_gmt":"2025-08-01T13:02:32","slug":"nelson-antonio-bortolatto-e-o-novo-secretario-de-saude-em-dracena","status":"publish","type":"post","link":"https:\/\/jorgezanoni.com.br\/2019\/nelson-antonio-bortolatto-e-o-novo-secretario-de-saude-em-dracena\/","title":{"rendered":"Nelson Antonio Bortolatto \u00e9 o novo Secret\u00e1rio de Sa\u00fade em Dracena"},"content":{"rendered":"<div class=\"ntc_resumo_noticia sw_lato_bold\" style=\"text-align: justify;\"><strong>Nelson foi gerente administrativo entre 2009 e 2014 do Ambulat\u00f3rio M\u00e9dico de Especialidades (AME) de Dracena.<\/strong><\/div>\n<div><\/div>\n<div class=\"ntc_descricao_noticia\">\n<div class=\"ntc_cont_descricao_noticia sw_txteditor\" style=\"text-align: justify;\">A Prefeitura Municipal de Dracena anuncia o novo secret\u00e1rio municipal de Sa\u00fade e Higiene P\u00fablica: Nelson Ant\u00f4nio Bortolatto, de 71 anos, profissional com ampla experi\u00eancia em gest\u00e3o p\u00fablica e administrativa.<\/p>\n<p>Natural de Tupi Paulista, casado, pai de tr\u00eas filhos e residente em Dracena, Bortolatto \u00e9 formado em ci\u00eancias econ\u00f4micas e t\u00e9cnico em contabilidade, com trajet\u00f3ria s\u00f3lida tanto no setor p\u00fablico quanto privado.<\/p>\n<p>Nelson atuou por 30 anos no Banco do Estado de S\u00e3o Paulo (BANESPA), onde exerceu o cargo de gerente de neg\u00f3cios e prestou servi\u00e7os por 29 anos na empresa Com\u00e9rcio e Ind\u00fastria de Madeiras e Metal\u00fargica S\u00e3o Crist\u00f3v\u00e3o (COIMMA).<\/p>\n<p>No setor p\u00fablico teve importante contribui\u00e7\u00e3o na Prefeitura de Dracena, onde foi diretor geral da Secretaria da Fazenda entre 2005 e 2008, secret\u00e1rio da Fazenda at\u00e9 o final de 2008 e, posteriormente, secret\u00e1rio de Sa\u00fade e Higiene P\u00fablica de 2015 a 2016.<\/p>\n<p>O novo secret\u00e1rio de Sa\u00fade e Higiene P\u00fablica tamb\u00e9m foi gerente administrativo entre 2009 e 2014 do Ambulat\u00f3rio M\u00e9dico de Especialidades (AME) de Dracena, o que refor\u00e7a a sua familiaridade com a gest\u00e3o em sa\u00fade.<\/p><\/div>\n<div style=\"text-align: justify;\"><\/div>\n<div style=\"text-align: justify;\">Nelson Bortolatto tamb\u00e9m participou da vida comunit\u00e1ria, sendo presidente do Esporte Clube Banespa (Banespinha) e presidente da Associa\u00e7\u00e3o Banc\u00e1ria de Dracena (ABD) em diferentes mandatos.<\/p>\n<p>A nomea\u00e7\u00e3o de Nelson Ant\u00f4nio Bortolatto reafirma o compromisso da Gest\u00e3o Municipal com a seriedade, compet\u00eancia e a dedica\u00e7\u00e3o \u00e0 sa\u00fade p\u00fablica.<\/p>\n<p>A Administra\u00e7\u00e3o Municipal deseja sucesso ao novo secret\u00e1rio de sa\u00fade.<\/p><\/div>\n<div><\/div>\n<\/div>\n<div>Fonte: Depto. de Comunica\u00e7\u00e3o a Prefeitura de Dracena<\/div>\n<div><\/div>\n","protected":false},"excerpt":{"rendered":"<p>Nelson foi gerente administrativo entre 2009 e 2014 do Ambulat\u00f3rio M\u00e9dico de Especialidades (AME) de Dracena. A Prefeitura Municipal de Dracena anuncia o novo secret\u00e1rio municipal de Sa\u00fade e Higiene P\u00fablica: Nelson Ant\u00f4nio Bortolatto, de 71 anos, profissional com ampla experi\u00eancia em gest\u00e3o p\u00fablica e administrativa. Natural de Tupi Paulista, casado, pai de tr\u00eas filhos [&hellip;]<\/p>\n","protected":false},"author":1,"featured_media":96990,"comment_status":"closed","ping_status":"open","sticky":false,"template":"","format":"standard","meta":{"footnotes":""},"categories":[179,184,110,116],"tags":[],"class_list":["post-96989","post","type-post","status-publish","format-standard","has-post-thumbnail","hentry","category-cidadeseregiao","category-dracena","category-noticiasdestaque","category-politicaeeconomia"],"_links":{"self":[{"href":"https:\/\/jorgezanoni.com.br\/2019\/wp-json\/wp\/v2\/posts\/96989","targetHints":{"allow":["GET"]}}],"collection":[{"href":"https:\/\/jorgezanoni.com.br\/2019\/wp-json\/wp\/v2\/posts"}],"about":[{"href":"https:\/\/jorgezanoni.com.br\/2019\/wp-json\/wp\/v2\/types\/post"}],"author":[{"embeddable":true,"href":"https:\/\/jorgezanoni.com.br\/2019\/wp-json\/wp\/v2\/users\/1"}],"replies":[{"embeddable":true,"href":"https:\/\/jorgezanoni.com.br\/2019\/wp-json\/wp\/v2\/comments?post=96989"}],"version-history":[{"count":1,"href":"https:\/\/jorgezanoni.com.br\/2019\/wp-json\/wp\/v2\/posts\/96989\/revisions"}],"predecessor-version":[{"id":96991,"href":"https:\/\/jorgezanoni.com.br\/2019\/wp-json\/wp\/v2\/posts\/96989\/revisions\/96991"}],"wp:featuredmedia":[{"embeddable":true,"href":"https:\/\/jorgezanoni.com.br\/2019\/wp-json\/wp\/v2\/media\/96990"}],"wp:attachment":[{"href":"https:\/\/jorgezanoni.com.br\/2019\/wp-json\/wp\/v2\/media?parent=96989"}],"wp:term":[{"taxonomy":"category","embeddable":true,"href":"https:\/\/jorgezanoni.com.br\/2019\/wp-json\/wp\/v2\/categories?post=96989"},{"taxonomy":"post_tag","embeddable":true,"href":"https:\/\/jorgezanoni.com.br\/2019\/wp-json\/wp\/v2\/tags?post=96989"}],"curies":[{"name":"wp","href":"https:\/\/api.w.org\/{rel}","templated":true}]}}