{"id":96985,"date":"2025-08-01T12:42:40","date_gmt":"2025-08-01T12:42:40","guid":{"rendered":"https:\/\/jorgezanoni.com.br\/2019\/?p=96985"},"modified":"2025-08-01T12:42:40","modified_gmt":"2025-08-01T12:42:40","slug":"o-luto-pela-juventude-quando-o-espelho-reflete-mais-que-a-imagem-por-cidinha-pascoaloto","status":"publish","type":"post","link":"https:\/\/jorgezanoni.com.br\/2019\/o-luto-pela-juventude-quando-o-espelho-reflete-mais-que-a-imagem-por-cidinha-pascoaloto\/","title":{"rendered":"O Luto pela Juventude: Quando o Espelho Reflete Mais que a Imagem  (por Cidinha Pascoaloto)"},"content":{"rendered":"<p style=\"text-align: justify;\">A passagem do tempo para as mulheres pode ser acompanhada por sofrimentos e um profundo luto mental. As mudan\u00e7as do corpo trazem emo\u00e7\u00f5es negativas e intensas relacionadas ao envelhecimento. Embora o luto seja associado \u00e0 morte de um ente querido, ela tamb\u00e9m pode se manifestar em outras formas. Como a perda da juventude.<\/p>\n<p style=\"text-align: justify;\">\u00a0Essa fase \u00e9 marcada por mudan\u00e7as corporais envolvendo o emocional que pode levar a sentimentos de perdas, tristezas, saudades por momentos vividos no passado e lembran\u00e7as. A mulher na maturidade pode sentir crises pelas mudan\u00e7as f\u00edsicas, altera\u00e7\u00f5es na pele, varia\u00e7\u00f5es de peso e perda da beleza da juventude.<\/p>\n<p style=\"text-align: justify;\">O aparecimento inevit\u00e1vel de rugas, a perda do contorno facial e a dificuldade em controlar o peso tem impacto psicol\u00f3gico no sentimento da perda da juventude. Durante o luto emocional as mulheres podem experimentar uma variedade de emo\u00e7\u00f5es como saudade intensa de momentos vividos na juventude.<\/p>\n<p style=\"text-align: justify;\">\u00a0Muitas vezes o luto da perda da juventude pode se tornar complicado por incapacidade de aceitar a as mudan\u00e7as inevit\u00e1veis que acontecem com o passar dos dias.\u00a0 A nega\u00e7\u00e3o do envelhecimento pode levar a depress\u00e3o, conflitos, raiva, desespero, e buscas constantes de procedimentos est\u00e9ticos.<\/p>\n<p style=\"text-align: justify;\">Ficar idosa \u00e9 um processo natural e inevit\u00e1vel, embora ele seja desafiador. Existem maneiras saud\u00e1veis de lidar com o luto da perda da juventude. Reconhecer que o envelhecimento faz parte natural da vida.<\/p>\n<p style=\"text-align: justify;\">\u00a0Cuidar do corpo, da pele praticar exerc\u00edcios f\u00edsicos, tomar bastante \u00e1gua tamb\u00e9m ajuda voc\u00ea passar bem pelo processo de amadurecimento e melhorar sua autoestima. N\u00e3o \u00e9 s\u00f3 voc\u00ea que passa por esse processo envelhecimento \u00e9 uma evolu\u00e7\u00e3o natural da vida.<\/p>\n<p style=\"text-align: justify;\">\u00a0A maturidade traz sabedoria, autoconfian\u00e7a e novas perspectiva sobre a vida e novas experi\u00eancias.<\/p>\n<p style=\"text-align: justify;\">O luto mental pela perda da juventude \u00e9 um convite para uma trajet\u00f3ria interior rica em autodescoberta e aceita\u00e7\u00e3o.<\/p>\n<p><img loading=\"lazy\" decoding=\"async\" class=\"alignnone size-full wp-image-96986\" src=\"https:\/\/jorgezanoni.com.br\/2019\/wp-content\/uploads\/2025\/08\/Cidinha-Pascoaloto.jpg\" alt=\"\" width=\"339\" height=\"480\" srcset=\"https:\/\/jorgezanoni.com.br\/2019\/wp-content\/uploads\/2025\/08\/Cidinha-Pascoaloto.jpg 339w, https:\/\/jorgezanoni.com.br\/2019\/wp-content\/uploads\/2025\/08\/Cidinha-Pascoaloto-212x300.jpg 212w, https:\/\/jorgezanoni.com.br\/2019\/wp-content\/uploads\/2025\/08\/Cidinha-Pascoaloto-297x420.jpg 297w\" sizes=\"auto, (max-width: 339px) 100vw, 339px\" \/><\/p>\n<p>Cidinha Pascoaloto-Psic\u00f3loga, CRP 06\/158174. Presencial e online<\/p>\n<p>\ud83d\udcde (18) 99725-6418<\/p>\n<p><a href=\"http:\/\/www.facebook.com\/cidinha.pascoaloto\">www.facebook.com\/cidinha.pascoaloto<\/a><\/p>\n<p><a href=\"https:\/\/www.instagram.com\/cidinhapsicologa?igsh=MXM1NWNodzd5bzN4bA%3D%3D\">Cidinha Pascoaloto (@cidinhapsicologa) \u2022 Fotos e v\u00eddeos do Instagram<\/a><\/p>\n<p><strong>\u00a0<\/strong><\/p>\n<p>&nbsp;<\/p>\n<p>&nbsp;<\/p>\n<p>&nbsp;<\/p>\n<p>&nbsp;<\/p>\n","protected":false},"excerpt":{"rendered":"<p>A passagem do tempo para as mulheres pode ser acompanhada por sofrimentos e um profundo luto mental. As mudan\u00e7as do corpo trazem emo\u00e7\u00f5es negativas e intensas relacionadas ao envelhecimento. Embora o luto seja associado \u00e0 morte de um ente querido, ela tamb\u00e9m pode se manifestar em outras formas. Como a perda da juventude. \u00a0Essa fase [&hellip;]<\/p>\n","protected":false},"author":1,"featured_media":96987,"comment_status":"closed","ping_status":"open","sticky":false,"template":"","format":"standard","meta":{"footnotes":""},"categories":[175],"tags":[],"class_list":["post-96985","post","type-post","status-publish","format-standard","has-post-thumbnail","hentry","category-artigos"],"_links":{"self":[{"href":"https:\/\/jorgezanoni.com.br\/2019\/wp-json\/wp\/v2\/posts\/96985","targetHints":{"allow":["GET"]}}],"collection":[{"href":"https:\/\/jorgezanoni.com.br\/2019\/wp-json\/wp\/v2\/posts"}],"about":[{"href":"https:\/\/jorgezanoni.com.br\/2019\/wp-json\/wp\/v2\/types\/post"}],"author":[{"embeddable":true,"href":"https:\/\/jorgezanoni.com.br\/2019\/wp-json\/wp\/v2\/users\/1"}],"replies":[{"embeddable":true,"href":"https:\/\/jorgezanoni.com.br\/2019\/wp-json\/wp\/v2\/comments?post=96985"}],"version-history":[{"count":1,"href":"https:\/\/jorgezanoni.com.br\/2019\/wp-json\/wp\/v2\/posts\/96985\/revisions"}],"predecessor-version":[{"id":96988,"href":"https:\/\/jorgezanoni.com.br\/2019\/wp-json\/wp\/v2\/posts\/96985\/revisions\/96988"}],"wp:featuredmedia":[{"embeddable":true,"href":"https:\/\/jorgezanoni.com.br\/2019\/wp-json\/wp\/v2\/media\/96987"}],"wp:attachment":[{"href":"https:\/\/jorgezanoni.com.br\/2019\/wp-json\/wp\/v2\/media?parent=96985"}],"wp:term":[{"taxonomy":"category","embeddable":true,"href":"https:\/\/jorgezanoni.com.br\/2019\/wp-json\/wp\/v2\/categories?post=96985"},{"taxonomy":"post_tag","embeddable":true,"href":"https:\/\/jorgezanoni.com.br\/2019\/wp-json\/wp\/v2\/tags?post=96985"}],"curies":[{"name":"wp","href":"https:\/\/api.w.org\/{rel}","templated":true}]}}