{"id":96951,"date":"2025-07-30T23:43:31","date_gmt":"2025-07-30T23:43:31","guid":{"rendered":"https:\/\/jorgezanoni.com.br\/2019\/?p=96951"},"modified":"2025-07-30T23:43:31","modified_gmt":"2025-07-30T23:43:31","slug":"acidente-envolve-tres-veiculos-no-bairro-metropole-em-dracena","status":"publish","type":"post","link":"https:\/\/jorgezanoni.com.br\/2019\/acidente-envolve-tres-veiculos-no-bairro-metropole-em-dracena\/","title":{"rendered":"Acidente envolve tr\u00eas ve\u00edculos no Bairro Metr\u00f3pole em Dracena"},"content":{"rendered":"<p style=\"text-align: justify;\"><strong>Os tr\u00eas ve\u00edculos faziam o sentido Avenida Washington Luiz a Jos\u00e9 Bonif\u00e1cio. Foi no final da tarde desta quarta-feira (30). Sol por ter ofuscado vis\u00e3o de um dos motoristas e provocado o acidente.<\/strong><\/p>\n<p style=\"text-align: justify;\">Segundo informa\u00e7\u00f5es obtidas no local pela reportagem do SITE JZ e TOP TV, um ve\u00edculo EcoSport placas de Dracena dirigido por uma mulher, que seguia pela Vit\u00f3ria foi adentrar \u00e0 esquerda na Rua Joaquim Andr\u00e9 e teria parado para aguardar uma motocicleta que fazia o sentido contr\u00e1rio, momento que foi colidido na traseira por um ve\u00edculo Astra placas de Dracena tamb\u00e9m dirigido por uma mulher que teve na sequ\u00eancia um terceiro ve\u00edculo Fox conduzido por um homem, que tamb\u00e9m atingiu a traseira do Astra.<\/p>\n<p style=\"text-align: justify;\">As mulheres n\u00e3o se feriraram, j\u00e1 o condutor do Fox teve ferimentos na boca e foi socorrido por uma Unidade de Resgate do Corpo de Bombeiros ao Pronto Atendimento Municipal.<\/p>\n<p style=\"text-align: justify;\">As Pol\u00edcias Militar e T\u00e9cnica compareceram ao local para registro do Boletim de Ocorr\u00eancias e os fatores que ir\u00e3o apontar as causas do acidente.<\/p>\n<p><img loading=\"lazy\" decoding=\"async\" class=\"alignnone size-full wp-image-96952\" src=\"https:\/\/jorgezanoni.com.br\/2019\/wp-content\/uploads\/2025\/07\/Vitoria-1-Pequeno.jpg\" alt=\"\" width=\"270\" height=\"480\" srcset=\"https:\/\/jorgezanoni.com.br\/2019\/wp-content\/uploads\/2025\/07\/Vitoria-1-Pequeno.jpg 270w, https:\/\/jorgezanoni.com.br\/2019\/wp-content\/uploads\/2025\/07\/Vitoria-1-Pequeno-169x300.jpg 169w, https:\/\/jorgezanoni.com.br\/2019\/wp-content\/uploads\/2025\/07\/Vitoria-1-Pequeno-236x420.jpg 236w\" sizes=\"auto, (max-width: 270px) 100vw, 270px\" \/> <img loading=\"lazy\" decoding=\"async\" class=\"alignnone size-full wp-image-96953\" src=\"https:\/\/jorgezanoni.com.br\/2019\/wp-content\/uploads\/2025\/07\/Vitoria-4-Pequeno.jpg\" alt=\"\" width=\"270\" height=\"480\" srcset=\"https:\/\/jorgezanoni.com.br\/2019\/wp-content\/uploads\/2025\/07\/Vitoria-4-Pequeno.jpg 270w, https:\/\/jorgezanoni.com.br\/2019\/wp-content\/uploads\/2025\/07\/Vitoria-4-Pequeno-169x300.jpg 169w, https:\/\/jorgezanoni.com.br\/2019\/wp-content\/uploads\/2025\/07\/Vitoria-4-Pequeno-236x420.jpg 236w\" sizes=\"auto, (max-width: 270px) 100vw, 270px\" \/> <img loading=\"lazy\" decoding=\"async\" class=\"alignnone size-full wp-image-96954\" src=\"https:\/\/jorgezanoni.com.br\/2019\/wp-content\/uploads\/2025\/07\/Vitoria-5-Pequeno.jpg\" alt=\"\" width=\"270\" height=\"480\" srcset=\"https:\/\/jorgezanoni.com.br\/2019\/wp-content\/uploads\/2025\/07\/Vitoria-5-Pequeno.jpg 270w, https:\/\/jorgezanoni.com.br\/2019\/wp-content\/uploads\/2025\/07\/Vitoria-5-Pequeno-169x300.jpg 169w, https:\/\/jorgezanoni.com.br\/2019\/wp-content\/uploads\/2025\/07\/Vitoria-5-Pequeno-236x420.jpg 236w\" sizes=\"auto, (max-width: 270px) 100vw, 270px\" \/><\/p>\n<p>Jorge Zanoni<\/p>\n","protected":false},"excerpt":{"rendered":"<p>Os tr\u00eas ve\u00edculos faziam o sentido Avenida Washington Luiz a Jos\u00e9 Bonif\u00e1cio. Foi no final da tarde desta quarta-feira (30). Sol por ter ofuscado vis\u00e3o de um dos motoristas e provocado o acidente. Segundo informa\u00e7\u00f5es obtidas no local pela reportagem do SITE JZ e TOP TV, um ve\u00edculo EcoSport placas de Dracena dirigido por uma [&hellip;]<\/p>\n","protected":false},"author":1,"featured_media":96955,"comment_status":"closed","ping_status":"open","sticky":false,"template":"","format":"standard","meta":{"footnotes":""},"categories":[170,110],"tags":[],"class_list":["post-96951","post","type-post","status-publish","format-standard","has-post-thumbnail","hentry","category-acidentes","category-noticiasdestaque"],"_links":{"self":[{"href":"https:\/\/jorgezanoni.com.br\/2019\/wp-json\/wp\/v2\/posts\/96951","targetHints":{"allow":["GET"]}}],"collection":[{"href":"https:\/\/jorgezanoni.com.br\/2019\/wp-json\/wp\/v2\/posts"}],"about":[{"href":"https:\/\/jorgezanoni.com.br\/2019\/wp-json\/wp\/v2\/types\/post"}],"author":[{"embeddable":true,"href":"https:\/\/jorgezanoni.com.br\/2019\/wp-json\/wp\/v2\/users\/1"}],"replies":[{"embeddable":true,"href":"https:\/\/jorgezanoni.com.br\/2019\/wp-json\/wp\/v2\/comments?post=96951"}],"version-history":[{"count":1,"href":"https:\/\/jorgezanoni.com.br\/2019\/wp-json\/wp\/v2\/posts\/96951\/revisions"}],"predecessor-version":[{"id":96957,"href":"https:\/\/jorgezanoni.com.br\/2019\/wp-json\/wp\/v2\/posts\/96951\/revisions\/96957"}],"wp:featuredmedia":[{"embeddable":true,"href":"https:\/\/jorgezanoni.com.br\/2019\/wp-json\/wp\/v2\/media\/96955"}],"wp:attachment":[{"href":"https:\/\/jorgezanoni.com.br\/2019\/wp-json\/wp\/v2\/media?parent=96951"}],"wp:term":[{"taxonomy":"category","embeddable":true,"href":"https:\/\/jorgezanoni.com.br\/2019\/wp-json\/wp\/v2\/categories?post=96951"},{"taxonomy":"post_tag","embeddable":true,"href":"https:\/\/jorgezanoni.com.br\/2019\/wp-json\/wp\/v2\/tags?post=96951"}],"curies":[{"name":"wp","href":"https:\/\/api.w.org\/{rel}","templated":true}]}}