{"id":969,"date":"2019-07-19T13:09:35","date_gmt":"2019-07-19T13:09:35","guid":{"rendered":"http:\/\/jorgezanoni.com.br\/2019\/?p=969"},"modified":"2019-07-22T20:58:49","modified_gmt":"2019-07-22T20:58:49","slug":"pai-e-preso-apos-ameacar-de-morte-a-propria-filha-de-4-meses","status":"publish","type":"post","link":"https:\/\/jorgezanoni.com.br\/2019\/pai-e-preso-apos-ameacar-de-morte-a-propria-filha-de-4-meses\/","title":{"rendered":"Pai \u00e9 preso ap\u00f3s amea\u00e7ar de morte a pr\u00f3pria filha de 4 meses"},"content":{"rendered":"<p data-track-category=\"Link no Texto\" data-track-links=\"\">Um home que n\u00e3o teve a identidade divulgada, de 35 anos foi preso ao tentar matar a pr\u00f3pria filha de quatro meses nesta quarta-feira (17) em C\u00e2ndido Mota (distante 85 quil\u00f4metros de Mar\u00edlia).<\/p>\n<p data-track-category=\"Link no Texto\" data-track-links=\"\">O caso aconteceu no Jardim Aeroporto. O homem que \u00e9 usu\u00e1rio de drogas e estava com a filha no colo quando amea\u00e7ou a beb\u00ea com uma faca.<\/p>\n<p data-track-category=\"Link no Texto\" data-track-links=\"\">Ele chegou a dizer que colocaria fogo na casa e explodiria um botij\u00e3o de g\u00e1s. Os Bombeiros e a Pol\u00edcia Militar conseguiram resgatar a menina sem ferimentos em um momento de distra\u00e7\u00e3o quando o homem largou a faca e a crian\u00e7a.<\/p>\n<p data-track-category=\"Link no Texto\" data-track-links=\"\">Ele passou por atendimento na Santa Casa e foi preso e encaminhado a Delegacia de C\u00e2ndido Mota onde permaneceu \u00e0 disposi\u00e7\u00e3o da Justi\u00e7a.<\/p>\n<p data-track-category=\"Link no Texto\" data-track-links=\"\">Fonte: Mar\u00edlia Not\u00edcia<\/p>\n","protected":false},"excerpt":{"rendered":"<p>Um home que n\u00e3o teve a identidade divulgada, de 35 anos foi preso ao tentar matar a pr\u00f3pria filha de quatro meses nesta quarta-feira (17) em C\u00e2ndido Mota (distante 85 quil\u00f4metros de Mar\u00edlia). O caso aconteceu no Jardim Aeroporto. O homem que \u00e9 usu\u00e1rio de drogas e estava com a filha no colo quando amea\u00e7ou [&hellip;]<\/p>\n","protected":false},"author":1,"featured_media":972,"comment_status":"open","ping_status":"open","sticky":false,"template":"","format":"standard","meta":{"footnotes":""},"categories":[110,2],"tags":[],"class_list":["post-969","post","type-post","status-publish","format-standard","has-post-thumbnail","hentry","category-noticiasdestaque","category-policial"],"_links":{"self":[{"href":"https:\/\/jorgezanoni.com.br\/2019\/wp-json\/wp\/v2\/posts\/969","targetHints":{"allow":["GET"]}}],"collection":[{"href":"https:\/\/jorgezanoni.com.br\/2019\/wp-json\/wp\/v2\/posts"}],"about":[{"href":"https:\/\/jorgezanoni.com.br\/2019\/wp-json\/wp\/v2\/types\/post"}],"author":[{"embeddable":true,"href":"https:\/\/jorgezanoni.com.br\/2019\/wp-json\/wp\/v2\/users\/1"}],"replies":[{"embeddable":true,"href":"https:\/\/jorgezanoni.com.br\/2019\/wp-json\/wp\/v2\/comments?post=969"}],"version-history":[{"count":0,"href":"https:\/\/jorgezanoni.com.br\/2019\/wp-json\/wp\/v2\/posts\/969\/revisions"}],"wp:featuredmedia":[{"embeddable":true,"href":"https:\/\/jorgezanoni.com.br\/2019\/wp-json\/wp\/v2\/media\/972"}],"wp:attachment":[{"href":"https:\/\/jorgezanoni.com.br\/2019\/wp-json\/wp\/v2\/media?parent=969"}],"wp:term":[{"taxonomy":"category","embeddable":true,"href":"https:\/\/jorgezanoni.com.br\/2019\/wp-json\/wp\/v2\/categories?post=969"},{"taxonomy":"post_tag","embeddable":true,"href":"https:\/\/jorgezanoni.com.br\/2019\/wp-json\/wp\/v2\/tags?post=969"}],"curies":[{"name":"wp","href":"https:\/\/api.w.org\/{rel}","templated":true}]}}