{"id":96834,"date":"2025-07-17T16:44:42","date_gmt":"2025-07-17T16:44:42","guid":{"rendered":"https:\/\/jorgezanoni.com.br\/2019\/?p=96834"},"modified":"2025-07-17T16:44:42","modified_gmt":"2025-07-17T16:44:42","slug":"secretaria-de-limpeza-publica-e-meio-ambiente-promove-capacitacao-para-podadores-de-dracena","status":"publish","type":"post","link":"https:\/\/jorgezanoni.com.br\/2019\/secretaria-de-limpeza-publica-e-meio-ambiente-promove-capacitacao-para-podadores-de-dracena\/","title":{"rendered":"Secretaria de Limpeza P\u00fablica e Meio Ambiente promove capacita\u00e7\u00e3o para podadores de Dracena"},"content":{"rendered":"<p style=\"text-align: justify;\"><strong><em>Curso teve o objetivo de proporcionar o aprimoramento t\u00e9cnico dos profissionais que j\u00e1 atuam nessa atividade.\u00a0<\/em><\/strong><\/p>\n<p style=\"text-align: justify;\">A Secretaria de Limpeza P\u00fablica e Meio Ambiente promoveu, na manh\u00e3 desta quinta-feira (17), uma capacita\u00e7\u00e3o voltada aos podadores de Dracena com o objetivo de aprimorar o conhecimento t\u00e9cnico dos profissionais que j\u00e1 atuam nessa atividade, al\u00e9m de ser requisito para receber a permiss\u00e3o para realizar podas no munic\u00edpio.<\/p>\n<p style=\"text-align: justify;\">O curso teve in\u00edcio \u00e0s 8h na sede do Conselho Regional de Engenharia e Agronomia de S\u00e3o Paulo (CREA\/SP) e contou com 30 podadores inscritos.<\/p>\n<p style=\"text-align: justify;\">Estiveram presentes a prefeita Geni Lobo; o engenheiro agr\u00f4nomo Jairo Correia; o supervisor do meio ambiente, Andr\u00e9 Cardoso; o vereador Amilton Alencar; o presidente do CREA, Lu\u00eds Zanetti; o engenheiro do CREA, Carlos Crociolli; o encarregado da Neoenergia Elektro, Alessandro Barbieiro e o engenheiro da Neoenergia Elektro, Gilberto Garioto.<\/p>\n<p style=\"text-align: justify;\">Ap\u00f3s a conclus\u00e3o, ser\u00e3o emitidas as permiss\u00f5es para realiza\u00e7\u00e3o de podas no munic\u00edpio.<\/p>\n<p><img loading=\"lazy\" decoding=\"async\" class=\"alignnone size-full wp-image-96836\" src=\"https:\/\/jorgezanoni.com.br\/2019\/wp-content\/uploads\/2025\/07\/meio1-Pequeno.jpg\" alt=\"\" width=\"853\" height=\"480\" srcset=\"https:\/\/jorgezanoni.com.br\/2019\/wp-content\/uploads\/2025\/07\/meio1-Pequeno.jpg 853w, https:\/\/jorgezanoni.com.br\/2019\/wp-content\/uploads\/2025\/07\/meio1-Pequeno-300x169.jpg 300w, https:\/\/jorgezanoni.com.br\/2019\/wp-content\/uploads\/2025\/07\/meio1-Pequeno-768x432.jpg 768w, https:\/\/jorgezanoni.com.br\/2019\/wp-content\/uploads\/2025\/07\/meio1-Pequeno-696x392.jpg 696w, https:\/\/jorgezanoni.com.br\/2019\/wp-content\/uploads\/2025\/07\/meio1-Pequeno-746x420.jpg 746w\" sizes=\"auto, (max-width: 853px) 100vw, 853px\" \/><img loading=\"lazy\" decoding=\"async\" class=\"alignnone size-full wp-image-96837\" src=\"https:\/\/jorgezanoni.com.br\/2019\/wp-content\/uploads\/2025\/07\/meio2-Pequeno.jpg\" alt=\"\" width=\"853\" height=\"480\" srcset=\"https:\/\/jorgezanoni.com.br\/2019\/wp-content\/uploads\/2025\/07\/meio2-Pequeno.jpg 853w, https:\/\/jorgezanoni.com.br\/2019\/wp-content\/uploads\/2025\/07\/meio2-Pequeno-300x169.jpg 300w, https:\/\/jorgezanoni.com.br\/2019\/wp-content\/uploads\/2025\/07\/meio2-Pequeno-768x432.jpg 768w, https:\/\/jorgezanoni.com.br\/2019\/wp-content\/uploads\/2025\/07\/meio2-Pequeno-696x392.jpg 696w, https:\/\/jorgezanoni.com.br\/2019\/wp-content\/uploads\/2025\/07\/meio2-Pequeno-746x420.jpg 746w\" sizes=\"auto, (max-width: 853px) 100vw, 853px\" \/><\/p>\n<p>Fonte: Departamento de Comunica\u00e7\u00e3o\/Prefeitura de Dracena<\/p>\n<p>Fotos: Jorge Zanoni<\/p>\n","protected":false},"excerpt":{"rendered":"<p>Curso teve o objetivo de proporcionar o aprimoramento t\u00e9cnico dos profissionais que j\u00e1 atuam nessa atividade.\u00a0 A Secretaria de Limpeza P\u00fablica e Meio Ambiente promoveu, na manh\u00e3 desta quinta-feira (17), uma capacita\u00e7\u00e3o voltada aos podadores de Dracena com o objetivo de aprimorar o conhecimento t\u00e9cnico dos profissionais que j\u00e1 atuam nessa atividade, al\u00e9m de ser [&hellip;]<\/p>\n","protected":false},"author":1,"featured_media":96835,"comment_status":"closed","ping_status":"open","sticky":false,"template":"","format":"standard","meta":{"footnotes":""},"categories":[176,110],"tags":[],"class_list":["post-96834","post","type-post","status-publish","format-standard","has-post-thumbnail","hentry","category-meioambienteeagricultura","category-noticiasdestaque"],"_links":{"self":[{"href":"https:\/\/jorgezanoni.com.br\/2019\/wp-json\/wp\/v2\/posts\/96834","targetHints":{"allow":["GET"]}}],"collection":[{"href":"https:\/\/jorgezanoni.com.br\/2019\/wp-json\/wp\/v2\/posts"}],"about":[{"href":"https:\/\/jorgezanoni.com.br\/2019\/wp-json\/wp\/v2\/types\/post"}],"author":[{"embeddable":true,"href":"https:\/\/jorgezanoni.com.br\/2019\/wp-json\/wp\/v2\/users\/1"}],"replies":[{"embeddable":true,"href":"https:\/\/jorgezanoni.com.br\/2019\/wp-json\/wp\/v2\/comments?post=96834"}],"version-history":[{"count":1,"href":"https:\/\/jorgezanoni.com.br\/2019\/wp-json\/wp\/v2\/posts\/96834\/revisions"}],"predecessor-version":[{"id":96839,"href":"https:\/\/jorgezanoni.com.br\/2019\/wp-json\/wp\/v2\/posts\/96834\/revisions\/96839"}],"wp:featuredmedia":[{"embeddable":true,"href":"https:\/\/jorgezanoni.com.br\/2019\/wp-json\/wp\/v2\/media\/96835"}],"wp:attachment":[{"href":"https:\/\/jorgezanoni.com.br\/2019\/wp-json\/wp\/v2\/media?parent=96834"}],"wp:term":[{"taxonomy":"category","embeddable":true,"href":"https:\/\/jorgezanoni.com.br\/2019\/wp-json\/wp\/v2\/categories?post=96834"},{"taxonomy":"post_tag","embeddable":true,"href":"https:\/\/jorgezanoni.com.br\/2019\/wp-json\/wp\/v2\/tags?post=96834"}],"curies":[{"name":"wp","href":"https:\/\/api.w.org\/{rel}","templated":true}]}}