{"id":96821,"date":"2025-07-16T21:36:10","date_gmt":"2025-07-16T21:36:10","guid":{"rendered":"https:\/\/jorgezanoni.com.br\/2019\/?p=96821"},"modified":"2025-07-16T21:36:10","modified_gmt":"2025-07-16T21:36:10","slug":"jovens-associados-do-sicredi-sao-premiados-no-maior-evento-de-cooperativismo-de-credito-do-mundo","status":"publish","type":"post","link":"https:\/\/jorgezanoni.com.br\/2019\/jovens-associados-do-sicredi-sao-premiados-no-maior-evento-de-cooperativismo-de-credito-do-mundo\/","title":{"rendered":"Jovens associados do Sicredi s\u00e3o premiados no maior evento de cooperativismo de cr\u00e9dito do mundo"},"content":{"rendered":"<p style=\"text-align: justify;\" align=\"center\"><strong><i>A premia\u00e7\u00e3o, promovida pelo Conselho Mundial das Cooperativas de Cr\u00e9dito (WOCCU), destaca anualmente lideran\u00e7as com potencial de impacto no setor.<\/i><\/strong><\/p>\n<p style=\"text-align: justify;\">Dois jovens brasileiros conquistaram uma premia\u00e7\u00e3o internacional e foram contemplados com bolsa de estudos do World Council Young Credit Union People 2025 (WYCUP) &#8211; Programa Mundial Jovens Profissionais Cooperativas de cr\u00e9dito, cuja realiza\u00e7\u00e3o ocorreu no dia 13 de julho, em Estocolmo, na Su\u00e9cia. Vitor Cor\u00e1 de Cap\u00e3o Bonito do Sul (RS), associado da cooperativa Sicredi Ibiraiaras RS\/MG\u00a0e Milena Parreira, de Ponta Grossa (PR), associada da cooperativa Sicredi Campos Gerais e Grande Curitiba PR\/SP foram reconhecidos por projetos de impacto positivo ligados ao cooperativismo de cr\u00e9dito com potencial de promover transforma\u00e7\u00f5es globais.<\/p>\n<p style=\"text-align: justify;\">Eles est\u00e3o entre os cinco jovens premiados no mundo inteiro e foram os \u00fanicos representantes do Brasil selecionados neste ano. O pr\u00eamio, promovido anualmente pelo Conselho Mundial das Cooperativas de Cr\u00e9dito (WOCCU), envolve uma jornada educativa com atividades de interc\u00e2mbio online e presencial, dentre elas, a viagem \u00e0 Su\u00e9cia. O objetivo \u00e9 identificar e apoiar a pr\u00f3xima gera\u00e7\u00e3o de l\u00edderes cooperativistas ao redor do mundo.<\/p>\n<p style=\"text-align: justify;\">Os dois associados fazem parte do Comit\u00ea Jovem Sicredi, iniciativas voltadas \u00e0 forma\u00e7\u00e3o de lideran\u00e7as engajadas, que incentivam o desenvolvimento pessoal, profissional e comunit\u00e1rio dos participantes, promovendo seu protagonismo social e atua\u00e7\u00e3o como multiplicadores do cooperativismo.<\/p>\n<p style=\"text-align: justify;\"><strong>Impacto Ambiental<\/strong><\/p>\n<p style=\"text-align: justify;\">Vitor Cor\u00e1 se destacou com o projeto Inova\u00e7\u00e3o no Campo, no qual desenvolveu, com apenas R$ 300, um biodigestor que transforma dejetos da pecu\u00e1ria leiteira em biofertilizante, uma alternativa sustent\u00e1vel que pode reduzir em at\u00e9 25% as emiss\u00f5es de gases de efeito estufa na propriedade rural da fam\u00edlia.\u00a0 &#8220;A ideia do projeto j\u00e1 existia, mas faltava o incentivo certo para tir\u00e1-la do papel. Desenvolvemos esse biodigestor de baixo custo, pensado especialmente para a realidade dos pequenos produtores. A partir da mistura de dejetos bovinos com \u00e1gua, conseguimos gerar um biofertilizante que pode ser utilizado diretamente nas lavouras. \u00c9 uma alternativa simples, sustent\u00e1vel e econ\u00f4mica, que alia inova\u00e7\u00e3o e cuidado com o meio ambiente ao dia a dia do campo&#8221;, explicou.<\/p>\n<p style=\"text-align: justify;\">Segundo ele, o cooperativismo esteve presente em sua vida desde muito cedo. &#8220;Minha experi\u00eancia em cooperativas escolares despertou meu interesse pelo cooperativismo, e participar do comit\u00ea jovem do Sicredi foi uma continua\u00e7\u00e3o natural deste envolvimento. Esse espa\u00e7o me proporcionou ainda mais motiva\u00e7\u00e3o e apoio para transformar ideias em solu\u00e7\u00f5es concretas para a comunidade. A expectativa \u00e9 que o projeto ganhe escala ao longo do tempo, beneficiando mais produtores e promovendo pr\u00e1ticas sustent\u00e1veis no campo&#8221;, disse Vitor.<\/p>\n<p style=\"text-align: justify;\"><strong>Impacto Social<\/strong><\/p>\n<p style=\"text-align: justify;\">A trajet\u00f3ria de Milena Parreira \u00e9 marcada por um forte esp\u00edrito de lideran\u00e7a comunit\u00e1ria. Aos 27 anos, ela integra o Comit\u00ea Jovem do Sicredi em Ponta Grossa e liderou, com o apoio de outras tr\u00eas pessoas do comit\u00ea, uma s\u00e9rie de a\u00e7\u00f5es de impacto social em 2024.<\/p>\n<p style=\"text-align: justify;\">Entre as iniciativas, destaca-se a A\u00e7\u00e3o de Natal, que arrecadou caixas de bombons para os garis da cidade, beneficiando cerca de 140 trabalhadores. Muitos deles se emocionaram com o gesto e compartilharam suas hist\u00f3rias de vida durante a entrega. J\u00e1 no Dia das Crian\u00e7as, a equipe levou gibis da Turma da M\u00f4nica e doces para uma escolinha infantil da comunidade, alcan\u00e7ando aproximadamente 120 crian\u00e7as.<\/p>\n<p style=\"text-align: justify;\">Al\u00e9m da alegria da visita, os volunt\u00e1rios explicaram como o potinho entregue, normalmente usados para doces, poderia ser utilizado para guardar &#8220;moedinhas&#8221;, incentivando o h\u00e1bito de poupar desde cedo. As a\u00e7\u00f5es mobilizaram mais de 60 pessoas, com os recursos arrecadados por meio de doa\u00e7\u00f5es da comunidade.<\/p>\n<p style=\"text-align: justify;\">O reconhecimento pelo trabalho chegou de forma inesperada. Sem saber da premia\u00e7\u00e3o, Milena foi surpreendida por associados que prepararam um momento especial para dar a not\u00edcia. &#8220;N\u00e3o tinha visto o e-mail e fui pega totalmente de surpresa pelos associados, que organizaram tudo com muito carinho. Quando me contaram, eu fiquei sem palavras. Foi um momento muito especial de reconhecimento. \u00c9 o tipo de gesto que fortalece ainda mais o meu compromisso com o cooperativismo&#8221;, contou.<\/p>\n<p style=\"text-align: justify;\">A participa\u00e7\u00e3o de Vitor e Milena no WYCUP exemplifica como o incentivo \u00e0 juventude pode fortalecer o cooperativismo. O Sicredi, que faz parte do Pacto Global e alinha suas iniciativas de sustentabilidade aos Objetivos de Desenvolvimento Sustent\u00e1vel da Organiza\u00e7\u00e3o das Na\u00e7\u00f5es Unidas (ONU), reafirma seu compromisso com o desenvolvimento de lideran\u00e7as transformadoras e com o impacto social positivo nas regi\u00f5es onde est\u00e1 presente, ao investir em programas como o Comit\u00ea Jovem.<\/p>\n<p style=\"text-align: justify;\"><strong>Comit\u00ea Jovem<\/strong><\/p>\n<p style=\"text-align: justify;\">O Comit\u00ea Jovem tem como prop\u00f3sito estimular e fortalecer o protagonismo e a lideran\u00e7a de jovens no Sicredi, com foco em seu desenvolvimento educativo. Por meio de iniciativas voltadas ao crescimento pessoal e profissional, o Comit\u00ea busca despertar o interesse desses jovens em participar ativamente de uma institui\u00e7\u00e3o financeira cooperativa, incentivando-os a se tornarem agentes de transforma\u00e7\u00e3o e disseminadores do cooperativismo em suas comunidades. Em 2024, o programa contou com a participa\u00e7\u00e3o de 2.083 jovens, sendo 94 eleitos como Coordenadores de N\u00facleo e 4 como Conselheiros.<\/p>\n<p style=\"text-align: justify;\"><strong><i>Sobre o cooperativismo de cr\u00e9dito<\/i><\/strong><\/p>\n<p style=\"text-align: justify;\"><em>O cooperativismo de cr\u00e9dito \u00e9 um modelo de neg\u00f3cio que est\u00e1 em pleno crescimento no Brasil e hoje j\u00e1 re\u00fane mais de R$3,7 trilh\u00f5es de ativos, segundo dados do Banco Central do Brasil. Em outros pa\u00edses, como os Estados Unidos, por exemplo, a penetra\u00e7\u00e3o do modelo em 2023 passava dos 64%. O movimento mundial j\u00e1 conta com mais de 411 milh\u00f5es de associados, segundo relat\u00f3rio do Conselho Mundial de Cooperativas de Cr\u00e9dito \u2013 Woccu (World Statistical Report, 2023).<\/em><\/p>\n<p style=\"text-align: justify;\"><strong><i>Sobre a Funda\u00e7\u00e3o Sicredi\u00a0<\/i><\/strong><\/p>\n<p style=\"text-align: justify;\"><em>A Funda\u00e7\u00e3o de Desenvolvimento Educacional e Cultural Sicredi, conhecida como Funda\u00e7\u00e3o Sicredi, foi criada em 2005 com o objetivo de preservar a ess\u00eancia do cooperativismo no desenvolvimento do Sicredi. Como uma organiza\u00e7\u00e3o da sociedade civil, a Funda\u00e7\u00e3o Sicredi se dedica \u00e0 estrutura\u00e7\u00e3o e desenvolvimento de programas e iniciativas educacionais, sociais, culturais, ambientais e de desenvolvimento de lideran\u00e7as cooperativistas, implementados pelas Cooperativas em todo o Brasil, voltados a expandir nosso impacto positivo junto aos associados e nas comunidades onde estamos presentes. Site do Sicredi:<a href=\"https:\/\/fundacaosicredi.org.br\/\" target=\"_blank\" rel=\"noopener noreferrer\">\u00a0Clique aqui<\/a>\u00a0\u00a0<\/em><\/p>\n<p style=\"text-align: justify;\"><em>Redes Sociais: |<a href=\"https:\/\/www.instagram.com\/fundacaosicredi\/\" target=\"_blank\" rel=\"noopener noreferrer\">\u00a0Instagram<\/a>\u00a0|<a href=\"https:\/\/www.youtube.com\/@fundacaosicredi\" target=\"_blank\" rel=\"noopener noreferrer\">\u00a0YouTube<\/a>\u00a0|\u00a0<\/em><\/p>\n<p class=\"v1MsoNormal\" style=\"text-align: justify;\"><b><i>Sobre o Sicredi<\/i><\/b><i><\/i><\/p>\n<p class=\"v1MsoNormal\" style=\"text-align: justify;\"><i>O Sicredi \u00e9 uma institui\u00e7\u00e3o financeira cooperativa comprometida com o crescimento de seus associados e com o desenvolvimento das regi\u00f5es onde atua. Possui um modelo de gest\u00e3o que valoriza a participa\u00e7\u00e3o dos mais de 9 milh\u00f5es de associados, que exercem o papel de donos do neg\u00f3cio. Com mais de 2.900 ag\u00eancias, o Sicredi est\u00e1 presente fisicamente em todos os estados brasileiros e no Distrito Federal, disponibilizando uma gama completa de solu\u00e7\u00f5es financeiras e n\u00e3o financeiras.<\/i><\/p>\n<p class=\"v1MsoNormal\"><b><i>Site do Sicredi:\u00a0<a href=\"http:\/\/www.sicredi.com.br\/\" target=\"_blank\" rel=\"noopener noreferrer\">www.sicredi.com.br<\/a><\/i><\/b><\/p>\n<p class=\"v1MsoNormal\"><b><i>Redes Sociais:\u00a0<\/i><\/b><em><b><u><span lang=\"EN-US\"><a href=\"http:\/\/www.facebook.com\/sicredicentrooestepaulista\" target=\"_blank\" rel=\"noopener noreferrer\"><i><span lang=\"PT-BR\">Facebook<\/span><\/i><\/a><\/span><\/u><\/b><\/em><em>\u00a0|<\/em>\u00a0<em><b><u><span lang=\"EN-US\"><a href=\"https:\/\/www.linkedin.com\/company\/sicredi-centro-oeste-paulista\/\" target=\"_blank\" rel=\"noopener noreferrer\"><i><span lang=\"PT-BR\">LinkedIn<\/span><\/i><\/a><\/span><\/u><\/b><\/em><em>\u00a0|<\/em>\u00a0<em><b><u><span lang=\"EN-US\"><a href=\"http:\/\/www.youtube.com\/sicredicentrooestepaulista\" target=\"_blank\" rel=\"noopener noreferrer\"><i><span lang=\"PT-BR\">YouTube<\/span><\/i><\/a><\/span><\/u><\/b><\/em><span lang=\"EN-US\">\u00a0<\/span><em>|\u00a0<\/em><em><b><u><span lang=\"EN-US\"><a href=\"http:\/\/www.instagram.com\/sicredicentrooestepaulista\" target=\"_blank\" rel=\"noopener noreferrer\"><i><span lang=\"PT-BR\">Instagram<\/span><\/i><\/a><\/span><\/u><\/b><\/em><\/p>\n<p>Fonte: Comunica\u00e7\u00e3o e Marketing<\/p>\n","protected":false},"excerpt":{"rendered":"<p>A premia\u00e7\u00e3o, promovida pelo Conselho Mundial das Cooperativas de Cr\u00e9dito (WOCCU), destaca anualmente lideran\u00e7as com potencial de impacto no setor. Dois jovens brasileiros conquistaram uma premia\u00e7\u00e3o internacional e foram contemplados com bolsa de estudos do World Council Young Credit Union People 2025 (WYCUP) &#8211; Programa Mundial Jovens Profissionais Cooperativas de cr\u00e9dito, cuja realiza\u00e7\u00e3o ocorreu no [&hellip;]<\/p>\n","protected":false},"author":1,"featured_media":96822,"comment_status":"closed","ping_status":"open","sticky":false,"template":"","format":"standard","meta":{"footnotes":""},"categories":[110,116],"tags":[],"class_list":["post-96821","post","type-post","status-publish","format-standard","has-post-thumbnail","hentry","category-noticiasdestaque","category-politicaeeconomia"],"_links":{"self":[{"href":"https:\/\/jorgezanoni.com.br\/2019\/wp-json\/wp\/v2\/posts\/96821","targetHints":{"allow":["GET"]}}],"collection":[{"href":"https:\/\/jorgezanoni.com.br\/2019\/wp-json\/wp\/v2\/posts"}],"about":[{"href":"https:\/\/jorgezanoni.com.br\/2019\/wp-json\/wp\/v2\/types\/post"}],"author":[{"embeddable":true,"href":"https:\/\/jorgezanoni.com.br\/2019\/wp-json\/wp\/v2\/users\/1"}],"replies":[{"embeddable":true,"href":"https:\/\/jorgezanoni.com.br\/2019\/wp-json\/wp\/v2\/comments?post=96821"}],"version-history":[{"count":1,"href":"https:\/\/jorgezanoni.com.br\/2019\/wp-json\/wp\/v2\/posts\/96821\/revisions"}],"predecessor-version":[{"id":96823,"href":"https:\/\/jorgezanoni.com.br\/2019\/wp-json\/wp\/v2\/posts\/96821\/revisions\/96823"}],"wp:featuredmedia":[{"embeddable":true,"href":"https:\/\/jorgezanoni.com.br\/2019\/wp-json\/wp\/v2\/media\/96822"}],"wp:attachment":[{"href":"https:\/\/jorgezanoni.com.br\/2019\/wp-json\/wp\/v2\/media?parent=96821"}],"wp:term":[{"taxonomy":"category","embeddable":true,"href":"https:\/\/jorgezanoni.com.br\/2019\/wp-json\/wp\/v2\/categories?post=96821"},{"taxonomy":"post_tag","embeddable":true,"href":"https:\/\/jorgezanoni.com.br\/2019\/wp-json\/wp\/v2\/tags?post=96821"}],"curies":[{"name":"wp","href":"https:\/\/api.w.org\/{rel}","templated":true}]}}