{"id":96784,"date":"2025-07-15T01:24:25","date_gmt":"2025-07-15T01:24:25","guid":{"rendered":"https:\/\/jorgezanoni.com.br\/2019\/?p=96784"},"modified":"2025-07-15T12:35:35","modified_gmt":"2025-07-15T12:35:35","slug":"aniversariantes-do-dia-15-07-25","status":"publish","type":"post","link":"https:\/\/jorgezanoni.com.br\/2019\/aniversariantes-do-dia-15-07-25\/","title":{"rendered":"Aniversariantes do Dia 15\/07\/25"},"content":{"rendered":"<p>O SITE JZ PARABENIZA OS ANIVERSARIANTES DE HOJE:<\/p>\n<p><img loading=\"lazy\" decoding=\"async\" class=\"alignnone size-full wp-image-96785\" src=\"https:\/\/jorgezanoni.com.br\/2019\/wp-content\/uploads\/2025\/07\/Edilene-Francineide-1-Pequeno.jpg\" alt=\"\" width=\"374\" height=\"480\" srcset=\"https:\/\/jorgezanoni.com.br\/2019\/wp-content\/uploads\/2025\/07\/Edilene-Francineide-1-Pequeno.jpg 374w, https:\/\/jorgezanoni.com.br\/2019\/wp-content\/uploads\/2025\/07\/Edilene-Francineide-1-Pequeno-234x300.jpg 234w, https:\/\/jorgezanoni.com.br\/2019\/wp-content\/uploads\/2025\/07\/Edilene-Francineide-1-Pequeno-327x420.jpg 327w\" sizes=\"auto, (max-width: 374px) 100vw, 374px\" \/>Edilene Francineide<\/p>\n<p><img loading=\"lazy\" decoding=\"async\" class=\"alignnone size-full wp-image-96786\" src=\"https:\/\/jorgezanoni.com.br\/2019\/wp-content\/uploads\/2025\/07\/Graziela-Carla-Alves-Pequeno.jpg\" alt=\"\" width=\"384\" height=\"480\" srcset=\"https:\/\/jorgezanoni.com.br\/2019\/wp-content\/uploads\/2025\/07\/Graziela-Carla-Alves-Pequeno.jpg 384w, https:\/\/jorgezanoni.com.br\/2019\/wp-content\/uploads\/2025\/07\/Graziela-Carla-Alves-Pequeno-240x300.jpg 240w, https:\/\/jorgezanoni.com.br\/2019\/wp-content\/uploads\/2025\/07\/Graziela-Carla-Alves-Pequeno-336x420.jpg 336w\" sizes=\"auto, (max-width: 384px) 100vw, 384px\" \/>Graziela Carla Alves<\/p>\n<p><img loading=\"lazy\" decoding=\"async\" class=\"alignnone size-full wp-image-96787\" src=\"https:\/\/jorgezanoni.com.br\/2019\/wp-content\/uploads\/2025\/07\/Joao-Fernandes-Prexe-1-Pequeno.jpg\" alt=\"\" width=\"179\" height=\"243\" \/>Jo\u00e3o Fernandes Prexe<\/p>\n<p><img loading=\"lazy\" decoding=\"async\" class=\"alignnone size-full wp-image-96788\" src=\"https:\/\/jorgezanoni.com.br\/2019\/wp-content\/uploads\/2025\/07\/Leide-Machado-Pequeno.jpg\" alt=\"\" width=\"270\" height=\"480\" srcset=\"https:\/\/jorgezanoni.com.br\/2019\/wp-content\/uploads\/2025\/07\/Leide-Machado-Pequeno.jpg 270w, https:\/\/jorgezanoni.com.br\/2019\/wp-content\/uploads\/2025\/07\/Leide-Machado-Pequeno-169x300.jpg 169w, https:\/\/jorgezanoni.com.br\/2019\/wp-content\/uploads\/2025\/07\/Leide-Machado-Pequeno-236x420.jpg 236w\" sizes=\"auto, (max-width: 270px) 100vw, 270px\" \/>Leide Machado<\/p>\n<p><img loading=\"lazy\" decoding=\"async\" class=\"alignnone size-full wp-image-96789\" src=\"https:\/\/jorgezanoni.com.br\/2019\/wp-content\/uploads\/2025\/07\/Leticia-Abila-Pequeno.jpg\" alt=\"\" width=\"206\" height=\"206\" srcset=\"https:\/\/jorgezanoni.com.br\/2019\/wp-content\/uploads\/2025\/07\/Leticia-Abila-Pequeno.jpg 206w, https:\/\/jorgezanoni.com.br\/2019\/wp-content\/uploads\/2025\/07\/Leticia-Abila-Pequeno-150x150.jpg 150w\" sizes=\"auto, (max-width: 206px) 100vw, 206px\" \/>Leticia Abila<\/p>\n<p><img loading=\"lazy\" decoding=\"async\" class=\"alignnone size-full wp-image-96790\" src=\"https:\/\/jorgezanoni.com.br\/2019\/wp-content\/uploads\/2025\/07\/Malu-Mendes-Pequeno.jpg\" alt=\"\" width=\"478\" height=\"480\" srcset=\"https:\/\/jorgezanoni.com.br\/2019\/wp-content\/uploads\/2025\/07\/Malu-Mendes-Pequeno.jpg 478w, https:\/\/jorgezanoni.com.br\/2019\/wp-content\/uploads\/2025\/07\/Malu-Mendes-Pequeno-300x300.jpg 300w, https:\/\/jorgezanoni.com.br\/2019\/wp-content\/uploads\/2025\/07\/Malu-Mendes-Pequeno-150x150.jpg 150w, https:\/\/jorgezanoni.com.br\/2019\/wp-content\/uploads\/2025\/07\/Malu-Mendes-Pequeno-418x420.jpg 418w\" sizes=\"auto, (max-width: 478px) 100vw, 478px\" \/>Malu Mendes<\/p>\n<p><img loading=\"lazy\" decoding=\"async\" class=\"alignnone size-full wp-image-96791\" src=\"https:\/\/jorgezanoni.com.br\/2019\/wp-content\/uploads\/2025\/07\/Maria-Jose-Araujo-1-Pequeno.jpg\" alt=\"\" width=\"397\" height=\"480\" srcset=\"https:\/\/jorgezanoni.com.br\/2019\/wp-content\/uploads\/2025\/07\/Maria-Jose-Araujo-1-Pequeno.jpg 397w, https:\/\/jorgezanoni.com.br\/2019\/wp-content\/uploads\/2025\/07\/Maria-Jose-Araujo-1-Pequeno-248x300.jpg 248w, https:\/\/jorgezanoni.com.br\/2019\/wp-content\/uploads\/2025\/07\/Maria-Jose-Araujo-1-Pequeno-347x420.jpg 347w\" sizes=\"auto, (max-width: 397px) 100vw, 397px\" \/>Maria Jos\u00e9 Ara\u00fajo<\/p>\n<p><img loading=\"lazy\" decoding=\"async\" class=\"alignnone size-full wp-image-96792\" src=\"https:\/\/jorgezanoni.com.br\/2019\/wp-content\/uploads\/2025\/07\/Talita-Mazzaro-1-Pequeno.jpg\" alt=\"\" width=\"288\" height=\"480\" srcset=\"https:\/\/jorgezanoni.com.br\/2019\/wp-content\/uploads\/2025\/07\/Talita-Mazzaro-1-Pequeno.jpg 288w, https:\/\/jorgezanoni.com.br\/2019\/wp-content\/uploads\/2025\/07\/Talita-Mazzaro-1-Pequeno-180x300.jpg 180w, https:\/\/jorgezanoni.com.br\/2019\/wp-content\/uploads\/2025\/07\/Talita-Mazzaro-1-Pequeno-252x420.jpg 252w\" sizes=\"auto, (max-width: 288px) 100vw, 288px\" \/>Talita Mazzaro<\/p>\n","protected":false},"excerpt":{"rendered":"<p>O SITE JZ PARABENIZA OS ANIVERSARIANTES DE HOJE: Edilene Francineide Graziela Carla Alves Jo\u00e3o Fernandes Prexe Leide Machado Leticia Abila Malu Mendes Maria Jos\u00e9 Ara\u00fajo Talita Mazzaro<\/p>\n","protected":false},"author":1,"featured_media":96792,"comment_status":"closed","ping_status":"open","sticky":false,"template":"","format":"standard","meta":{"footnotes":""},"categories":[174,110],"tags":[],"class_list":["post-96784","post","type-post","status-publish","format-standard","has-post-thumbnail","hentry","category-aniversariantes","category-noticiasdestaque"],"_links":{"self":[{"href":"https:\/\/jorgezanoni.com.br\/2019\/wp-json\/wp\/v2\/posts\/96784","targetHints":{"allow":["GET"]}}],"collection":[{"href":"https:\/\/jorgezanoni.com.br\/2019\/wp-json\/wp\/v2\/posts"}],"about":[{"href":"https:\/\/jorgezanoni.com.br\/2019\/wp-json\/wp\/v2\/types\/post"}],"author":[{"embeddable":true,"href":"https:\/\/jorgezanoni.com.br\/2019\/wp-json\/wp\/v2\/users\/1"}],"replies":[{"embeddable":true,"href":"https:\/\/jorgezanoni.com.br\/2019\/wp-json\/wp\/v2\/comments?post=96784"}],"version-history":[{"count":1,"href":"https:\/\/jorgezanoni.com.br\/2019\/wp-json\/wp\/v2\/posts\/96784\/revisions"}],"predecessor-version":[{"id":96793,"href":"https:\/\/jorgezanoni.com.br\/2019\/wp-json\/wp\/v2\/posts\/96784\/revisions\/96793"}],"wp:featuredmedia":[{"embeddable":true,"href":"https:\/\/jorgezanoni.com.br\/2019\/wp-json\/wp\/v2\/media\/96792"}],"wp:attachment":[{"href":"https:\/\/jorgezanoni.com.br\/2019\/wp-json\/wp\/v2\/media?parent=96784"}],"wp:term":[{"taxonomy":"category","embeddable":true,"href":"https:\/\/jorgezanoni.com.br\/2019\/wp-json\/wp\/v2\/categories?post=96784"},{"taxonomy":"post_tag","embeddable":true,"href":"https:\/\/jorgezanoni.com.br\/2019\/wp-json\/wp\/v2\/tags?post=96784"}],"curies":[{"name":"wp","href":"https:\/\/api.w.org\/{rel}","templated":true}]}}