{"id":96770,"date":"2025-07-14T17:47:47","date_gmt":"2025-07-14T17:47:47","guid":{"rendered":"https:\/\/jorgezanoni.com.br\/2019\/?p=96770"},"modified":"2025-07-14T17:55:28","modified_gmt":"2025-07-14T17:55:28","slug":"segundo-acidente-envolvendo-tres-carros-nesta-segunda-feira-em-dracena","status":"publish","type":"post","link":"https:\/\/jorgezanoni.com.br\/2019\/segundo-acidente-envolvendo-tres-carros-nesta-segunda-feira-em-dracena\/","title":{"rendered":"Segundo acidente envolvendo tr\u00eas carros nesta segunda-feira em Dracena"},"content":{"rendered":"<p style=\"text-align: justify;\"><strong>Acidente foi registrado na esquina das Ruas Edison da Silveira Campos com Euclides da Cunha, por volta de 13:30 H.<\/strong><\/p>\n<p style=\"text-align: justify;\">Segundo informa\u00e7\u00f5es obtidas no local pela reportagem do SITE JZ e TOP TV, um ve\u00edculo Fiat Uno placas mercosul, dirigido por um homem, fazia o sentido centro-bairro pelo Edison que \u00e9 via preferencial, quando teve sua frente interceptada por um Ford Fiesta placas de Dracena dirigido por uma mulher que fazia o sentido centro-bairro pela Euclides. Com o impacto da batida o Fiesta atingiu um ve\u00edculo Fiat P\u00e1lio de uma mulher que havia acabado de estacionar regularmente.<\/p>\n<p style=\"text-align: justify;\">O Uno ainda atingiu o muro de uma resid\u00eancia. Felizmente ningu\u00e9m ficou ferido, apenas danos nos tr\u00eas carros.<\/p>\n<p>Na Rua Edison da Silveira Campos j\u00e1 est\u00e1 aprovado e dever\u00e1 ser instalado em breve, uma Lombofaixa pr\u00f3ximo desse cruzamento.<\/p>\n<p style=\"text-align: justify;\">Corpo de Bombeiros e Pol\u00edcia Militar estiveram no local para as provid\u00eancias de praxe e registro do Boletim de Ocorr\u00eancias.<\/p>\n<p style=\"text-align: justify;\">Pela manh\u00e3 outro acidente envolvendo tr\u00eas ve\u00edculos, foi registrado na esquina da Edison com Vargas.<\/p>\n<p><img loading=\"lazy\" decoding=\"async\" class=\"alignnone size-full wp-image-96771\" src=\"https:\/\/jorgezanoni.com.br\/2019\/wp-content\/uploads\/2025\/07\/1-Pequeno-1-1.jpg\" alt=\"\" width=\"725\" height=\"374\" srcset=\"https:\/\/jorgezanoni.com.br\/2019\/wp-content\/uploads\/2025\/07\/1-Pequeno-1-1.jpg 725w, https:\/\/jorgezanoni.com.br\/2019\/wp-content\/uploads\/2025\/07\/1-Pequeno-1-1-300x155.jpg 300w, https:\/\/jorgezanoni.com.br\/2019\/wp-content\/uploads\/2025\/07\/1-Pequeno-1-1-696x359.jpg 696w\" sizes=\"auto, (max-width: 725px) 100vw, 725px\" \/> <img loading=\"lazy\" decoding=\"async\" class=\"alignnone size-full wp-image-96772\" src=\"https:\/\/jorgezanoni.com.br\/2019\/wp-content\/uploads\/2025\/07\/2-Pequeno-2.jpg\" alt=\"\" width=\"270\" height=\"480\" srcset=\"https:\/\/jorgezanoni.com.br\/2019\/wp-content\/uploads\/2025\/07\/2-Pequeno-2.jpg 270w, https:\/\/jorgezanoni.com.br\/2019\/wp-content\/uploads\/2025\/07\/2-Pequeno-2-169x300.jpg 169w, https:\/\/jorgezanoni.com.br\/2019\/wp-content\/uploads\/2025\/07\/2-Pequeno-2-236x420.jpg 236w\" sizes=\"auto, (max-width: 270px) 100vw, 270px\" \/> <img loading=\"lazy\" decoding=\"async\" class=\"alignnone size-full wp-image-96773\" src=\"https:\/\/jorgezanoni.com.br\/2019\/wp-content\/uploads\/2025\/07\/3-Pequeno-3.jpg\" alt=\"\" width=\"270\" height=\"480\" srcset=\"https:\/\/jorgezanoni.com.br\/2019\/wp-content\/uploads\/2025\/07\/3-Pequeno-3.jpg 270w, https:\/\/jorgezanoni.com.br\/2019\/wp-content\/uploads\/2025\/07\/3-Pequeno-3-169x300.jpg 169w, https:\/\/jorgezanoni.com.br\/2019\/wp-content\/uploads\/2025\/07\/3-Pequeno-3-236x420.jpg 236w\" sizes=\"auto, (max-width: 270px) 100vw, 270px\" \/> <img loading=\"lazy\" decoding=\"async\" class=\"alignnone size-full wp-image-96774\" src=\"https:\/\/jorgezanoni.com.br\/2019\/wp-content\/uploads\/2025\/07\/4-Pequeno-2.jpg\" alt=\"\" width=\"270\" height=\"480\" srcset=\"https:\/\/jorgezanoni.com.br\/2019\/wp-content\/uploads\/2025\/07\/4-Pequeno-2.jpg 270w, https:\/\/jorgezanoni.com.br\/2019\/wp-content\/uploads\/2025\/07\/4-Pequeno-2-169x300.jpg 169w, https:\/\/jorgezanoni.com.br\/2019\/wp-content\/uploads\/2025\/07\/4-Pequeno-2-236x420.jpg 236w\" sizes=\"auto, (max-width: 270px) 100vw, 270px\" \/> <img loading=\"lazy\" decoding=\"async\" class=\"alignnone size-full wp-image-96775\" src=\"https:\/\/jorgezanoni.com.br\/2019\/wp-content\/uploads\/2025\/07\/5-Pequeno-3.jpg\" alt=\"\" width=\"270\" height=\"480\" srcset=\"https:\/\/jorgezanoni.com.br\/2019\/wp-content\/uploads\/2025\/07\/5-Pequeno-3.jpg 270w, https:\/\/jorgezanoni.com.br\/2019\/wp-content\/uploads\/2025\/07\/5-Pequeno-3-169x300.jpg 169w, https:\/\/jorgezanoni.com.br\/2019\/wp-content\/uploads\/2025\/07\/5-Pequeno-3-236x420.jpg 236w\" sizes=\"auto, (max-width: 270px) 100vw, 270px\" \/> <img loading=\"lazy\" decoding=\"async\" class=\"alignnone size-full wp-image-96776\" src=\"https:\/\/jorgezanoni.com.br\/2019\/wp-content\/uploads\/2025\/07\/6-Pequeno-1-1.jpg\" alt=\"\" width=\"816\" height=\"480\" srcset=\"https:\/\/jorgezanoni.com.br\/2019\/wp-content\/uploads\/2025\/07\/6-Pequeno-1-1.jpg 816w, https:\/\/jorgezanoni.com.br\/2019\/wp-content\/uploads\/2025\/07\/6-Pequeno-1-1-300x176.jpg 300w, https:\/\/jorgezanoni.com.br\/2019\/wp-content\/uploads\/2025\/07\/6-Pequeno-1-1-768x452.jpg 768w, https:\/\/jorgezanoni.com.br\/2019\/wp-content\/uploads\/2025\/07\/6-Pequeno-1-1-696x409.jpg 696w, https:\/\/jorgezanoni.com.br\/2019\/wp-content\/uploads\/2025\/07\/6-Pequeno-1-1-714x420.jpg 714w\" sizes=\"auto, (max-width: 816px) 100vw, 816px\" \/> <img loading=\"lazy\" decoding=\"async\" class=\"alignnone size-full wp-image-96777\" src=\"https:\/\/jorgezanoni.com.br\/2019\/wp-content\/uploads\/2025\/07\/7-Pequeno-3.jpg\" alt=\"\" width=\"853\" height=\"480\" srcset=\"https:\/\/jorgezanoni.com.br\/2019\/wp-content\/uploads\/2025\/07\/7-Pequeno-3.jpg 853w, https:\/\/jorgezanoni.com.br\/2019\/wp-content\/uploads\/2025\/07\/7-Pequeno-3-300x169.jpg 300w, https:\/\/jorgezanoni.com.br\/2019\/wp-content\/uploads\/2025\/07\/7-Pequeno-3-768x432.jpg 768w, https:\/\/jorgezanoni.com.br\/2019\/wp-content\/uploads\/2025\/07\/7-Pequeno-3-696x392.jpg 696w, https:\/\/jorgezanoni.com.br\/2019\/wp-content\/uploads\/2025\/07\/7-Pequeno-3-746x420.jpg 746w\" sizes=\"auto, (max-width: 853px) 100vw, 853px\" \/><\/p>\n<p>Jorge Zanoni<\/p>\n<p>&nbsp;<\/p>\n","protected":false},"excerpt":{"rendered":"<p>Acidente foi registrado na esquina das Ruas Edison da Silveira Campos com Euclides da Cunha, por volta de 13:30 H. Segundo informa\u00e7\u00f5es obtidas no local pela reportagem do SITE JZ e TOP TV, um ve\u00edculo Fiat Uno placas mercosul, dirigido por um homem, fazia o sentido centro-bairro pelo Edison que \u00e9 via preferencial, quando teve [&hellip;]<\/p>\n","protected":false},"author":1,"featured_media":96778,"comment_status":"closed","ping_status":"open","sticky":false,"template":"","format":"standard","meta":{"footnotes":""},"categories":[170,110],"tags":[],"class_list":["post-96770","post","type-post","status-publish","format-standard","has-post-thumbnail","hentry","category-acidentes","category-noticiasdestaque"],"_links":{"self":[{"href":"https:\/\/jorgezanoni.com.br\/2019\/wp-json\/wp\/v2\/posts\/96770","targetHints":{"allow":["GET"]}}],"collection":[{"href":"https:\/\/jorgezanoni.com.br\/2019\/wp-json\/wp\/v2\/posts"}],"about":[{"href":"https:\/\/jorgezanoni.com.br\/2019\/wp-json\/wp\/v2\/types\/post"}],"author":[{"embeddable":true,"href":"https:\/\/jorgezanoni.com.br\/2019\/wp-json\/wp\/v2\/users\/1"}],"replies":[{"embeddable":true,"href":"https:\/\/jorgezanoni.com.br\/2019\/wp-json\/wp\/v2\/comments?post=96770"}],"version-history":[{"count":4,"href":"https:\/\/jorgezanoni.com.br\/2019\/wp-json\/wp\/v2\/posts\/96770\/revisions"}],"predecessor-version":[{"id":96783,"href":"https:\/\/jorgezanoni.com.br\/2019\/wp-json\/wp\/v2\/posts\/96770\/revisions\/96783"}],"wp:featuredmedia":[{"embeddable":true,"href":"https:\/\/jorgezanoni.com.br\/2019\/wp-json\/wp\/v2\/media\/96778"}],"wp:attachment":[{"href":"https:\/\/jorgezanoni.com.br\/2019\/wp-json\/wp\/v2\/media?parent=96770"}],"wp:term":[{"taxonomy":"category","embeddable":true,"href":"https:\/\/jorgezanoni.com.br\/2019\/wp-json\/wp\/v2\/categories?post=96770"},{"taxonomy":"post_tag","embeddable":true,"href":"https:\/\/jorgezanoni.com.br\/2019\/wp-json\/wp\/v2\/tags?post=96770"}],"curies":[{"name":"wp","href":"https:\/\/api.w.org\/{rel}","templated":true}]}}