{"id":9675,"date":"2019-10-25T22:32:19","date_gmt":"2019-10-25T22:32:19","guid":{"rendered":"https:\/\/jorgezanoni.com.br\/2019\/?p=9675"},"modified":"2019-10-25T22:32:19","modified_gmt":"2019-10-25T22:32:19","slug":"mais-dois-casos-de-sarampo-e-registrado-em-dracena-dessa-vez-um-casal-de-26-anos","status":"publish","type":"post","link":"https:\/\/jorgezanoni.com.br\/2019\/mais-dois-casos-de-sarampo-e-registrado-em-dracena-dessa-vez-um-casal-de-26-anos\/","title":{"rendered":"Mais dois casos de Sarampo \u00e9 registrado em Dracena, dessa vez um casal de 26 anos"},"content":{"rendered":"<p style=\"text-align: justify;\"><strong>COMUNICADO \u2013 Secretaria de Sa\u00fade e Higiene P\u00fablica<\/strong><\/p>\n<p style=\"text-align: justify;\">A Prefeitura de Dracena, por meio da Secretaria de Sa\u00fade e Higiene P\u00fablica, comunica que na data de hoje (25), recebeu dois resultados de exames que apontaram POSITIVO para Sarampo.<\/p>\n<p style=\"text-align: justify;\">O primeiro caso confirmado \u00e9 de uma mulher de 26 anos que foi notificada no in\u00edcio do m\u00eas de outubro, desde ent\u00e3o, ela est\u00e1 sendo acompanhada pela unidade de sa\u00fade e j\u00e1 n\u00e3o apresenta nenhum sintoma.<\/p>\n<div class=\"text_exposed_show\">\n<p style=\"text-align: justify;\">O segundo caso confirmado hoje, \u00e9 do marido da mulher citada acima, ele tamb\u00e9m tem 26 anos e est\u00e1 sendo acompanhado pela unidade local de sa\u00fade. Segundo a Vigil\u00e2ncia Epidemiol\u00f3gica, a pasta j\u00e1 tomou todas as medidas que s\u00e3o orientadas pelo Minist\u00e9rio da Sa\u00fade e consistem na imuniza\u00e7\u00e3o de todos aqueles que tiveram algum tipo de contato com a pessoa, verifica\u00e7\u00e3o das carteiras de vacina\u00e7\u00e3o, imuniza\u00e7\u00e3o de quem n\u00e3o havia tomado a vacina, al\u00e9m do acompanhamento durante o per\u00edodo de 30 dias.<\/p>\n<p style=\"text-align: justify;\">A campanha nacional de vacina\u00e7\u00e3o segue at\u00e9 esta sexta-feira (25), por\u00e9m, a Prefeitura afirmou que, mesmo com o fim da campanha, as doses das vacinas continuar\u00e3o \u00e0 disposi\u00e7\u00e3o dos mun\u00edcipes.<\/p>\n<p style=\"text-align: justify;\">Portanto, dos cinco resultados de exames que chegaram hoje do Instituto Adolfo Lutz, tr\u00eas deram negativo para Sarampo e dois foram positivos. Ao todo, Dracena registrou at\u00e9 o presente momento tr\u00eas casos confirmados de Sarampo.<\/p>\n<p>Fonte: Diretoria de Comunica\u00e7\u00e3o<\/p>\n<\/div>\n","protected":false},"excerpt":{"rendered":"<p>COMUNICADO \u2013 Secretaria de Sa\u00fade e Higiene P\u00fablica A Prefeitura de Dracena, por meio da Secretaria de Sa\u00fade e Higiene P\u00fablica, comunica que na data de hoje (25), recebeu dois resultados de exames que apontaram POSITIVO para Sarampo. O primeiro caso confirmado \u00e9 de uma mulher de 26 anos que foi notificada no in\u00edcio do [&hellip;]<\/p>\n","protected":false},"author":1,"featured_media":9676,"comment_status":"closed","ping_status":"open","sticky":false,"template":"","format":"standard","meta":{"footnotes":""},"categories":[110,122,1],"tags":[],"class_list":["post-9675","post","type-post","status-publish","format-standard","has-post-thumbnail","hentry","category-noticiasdestaque","category-saudeeducacaoeconcurso","category-uncategorized"],"_links":{"self":[{"href":"https:\/\/jorgezanoni.com.br\/2019\/wp-json\/wp\/v2\/posts\/9675","targetHints":{"allow":["GET"]}}],"collection":[{"href":"https:\/\/jorgezanoni.com.br\/2019\/wp-json\/wp\/v2\/posts"}],"about":[{"href":"https:\/\/jorgezanoni.com.br\/2019\/wp-json\/wp\/v2\/types\/post"}],"author":[{"embeddable":true,"href":"https:\/\/jorgezanoni.com.br\/2019\/wp-json\/wp\/v2\/users\/1"}],"replies":[{"embeddable":true,"href":"https:\/\/jorgezanoni.com.br\/2019\/wp-json\/wp\/v2\/comments?post=9675"}],"version-history":[{"count":0,"href":"https:\/\/jorgezanoni.com.br\/2019\/wp-json\/wp\/v2\/posts\/9675\/revisions"}],"wp:featuredmedia":[{"embeddable":true,"href":"https:\/\/jorgezanoni.com.br\/2019\/wp-json\/wp\/v2\/media\/9676"}],"wp:attachment":[{"href":"https:\/\/jorgezanoni.com.br\/2019\/wp-json\/wp\/v2\/media?parent=9675"}],"wp:term":[{"taxonomy":"category","embeddable":true,"href":"https:\/\/jorgezanoni.com.br\/2019\/wp-json\/wp\/v2\/categories?post=9675"},{"taxonomy":"post_tag","embeddable":true,"href":"https:\/\/jorgezanoni.com.br\/2019\/wp-json\/wp\/v2\/tags?post=9675"}],"curies":[{"name":"wp","href":"https:\/\/api.w.org\/{rel}","templated":true}]}}