{"id":96636,"date":"2025-07-07T23:35:41","date_gmt":"2025-07-07T23:35:41","guid":{"rendered":"https:\/\/jorgezanoni.com.br\/2019\/?p=96636"},"modified":"2025-07-08T16:44:42","modified_gmt":"2025-07-08T16:44:42","slug":"aniversariantes-do-dia-08-07-25","status":"publish","type":"post","link":"https:\/\/jorgezanoni.com.br\/2019\/aniversariantes-do-dia-08-07-25\/","title":{"rendered":"Aniversariantes do Dia 08\/07\/25"},"content":{"rendered":"<p>O SITE JZ PARABENIZA OS ANIVERSARIANTES DE HOJE:<\/p>\n<p><img loading=\"lazy\" decoding=\"async\" class=\"alignnone size-full wp-image-96637\" src=\"https:\/\/jorgezanoni.com.br\/2019\/wp-content\/uploads\/2025\/07\/Adri-Domingues-1-Pequeno.jpg\" alt=\"\" width=\"265\" height=\"418\" srcset=\"https:\/\/jorgezanoni.com.br\/2019\/wp-content\/uploads\/2025\/07\/Adri-Domingues-1-Pequeno.jpg 265w, https:\/\/jorgezanoni.com.br\/2019\/wp-content\/uploads\/2025\/07\/Adri-Domingues-1-Pequeno-190x300.jpg 190w\" sizes=\"auto, (max-width: 265px) 100vw, 265px\" \/>Adri Domingues<\/p>\n<p><img loading=\"lazy\" decoding=\"async\" class=\"alignnone size-full wp-image-96654\" src=\"https:\/\/jorgezanoni.com.br\/2019\/wp-content\/uploads\/2025\/07\/Amysa-Mariana-Pequeno.jpg\" alt=\"\" width=\"270\" height=\"480\" srcset=\"https:\/\/jorgezanoni.com.br\/2019\/wp-content\/uploads\/2025\/07\/Amysa-Mariana-Pequeno.jpg 270w, https:\/\/jorgezanoni.com.br\/2019\/wp-content\/uploads\/2025\/07\/Amysa-Mariana-Pequeno-169x300.jpg 169w, https:\/\/jorgezanoni.com.br\/2019\/wp-content\/uploads\/2025\/07\/Amysa-Mariana-Pequeno-236x420.jpg 236w\" sizes=\"auto, (max-width: 270px) 100vw, 270px\" \/>Amysa Mariana<\/p>\n<p><img loading=\"lazy\" decoding=\"async\" class=\"alignnone size-full wp-image-96638\" src=\"https:\/\/jorgezanoni.com.br\/2019\/wp-content\/uploads\/2025\/07\/Beatriz-Nolon-1-Pequeno.jpg\" alt=\"\" width=\"455\" height=\"480\" srcset=\"https:\/\/jorgezanoni.com.br\/2019\/wp-content\/uploads\/2025\/07\/Beatriz-Nolon-1-Pequeno.jpg 455w, https:\/\/jorgezanoni.com.br\/2019\/wp-content\/uploads\/2025\/07\/Beatriz-Nolon-1-Pequeno-284x300.jpg 284w, https:\/\/jorgezanoni.com.br\/2019\/wp-content\/uploads\/2025\/07\/Beatriz-Nolon-1-Pequeno-398x420.jpg 398w\" sizes=\"auto, (max-width: 455px) 100vw, 455px\" \/>Beatriz Nolon<\/p>\n<p><img loading=\"lazy\" decoding=\"async\" class=\"alignnone size-full wp-image-96639\" src=\"https:\/\/jorgezanoni.com.br\/2019\/wp-content\/uploads\/2025\/07\/Cicera-Menezes-1-Pequeno.jpg\" alt=\"\" width=\"405\" height=\"480\" srcset=\"https:\/\/jorgezanoni.com.br\/2019\/wp-content\/uploads\/2025\/07\/Cicera-Menezes-1-Pequeno.jpg 405w, https:\/\/jorgezanoni.com.br\/2019\/wp-content\/uploads\/2025\/07\/Cicera-Menezes-1-Pequeno-253x300.jpg 253w, https:\/\/jorgezanoni.com.br\/2019\/wp-content\/uploads\/2025\/07\/Cicera-Menezes-1-Pequeno-354x420.jpg 354w\" sizes=\"auto, (max-width: 405px) 100vw, 405px\" \/>Cicera Menezes<\/p>\n<p><img loading=\"lazy\" decoding=\"async\" class=\"alignnone size-full wp-image-96640\" src=\"https:\/\/jorgezanoni.com.br\/2019\/wp-content\/uploads\/2025\/07\/Edvaldo-Azevedo-Pretinha-netos-Samuel-Jose-Rafael-e-Laura-com-um-Mes-de-vida-32-anos-der-1-Pequeno.jpg\" alt=\"\" width=\"377\" height=\"480\" srcset=\"https:\/\/jorgezanoni.com.br\/2019\/wp-content\/uploads\/2025\/07\/Edvaldo-Azevedo-Pretinha-netos-Samuel-Jose-Rafael-e-Laura-com-um-Mes-de-vida-32-anos-der-1-Pequeno.jpg 377w, https:\/\/jorgezanoni.com.br\/2019\/wp-content\/uploads\/2025\/07\/Edvaldo-Azevedo-Pretinha-netos-Samuel-Jose-Rafael-e-Laura-com-um-Mes-de-vida-32-anos-der-1-Pequeno-236x300.jpg 236w, https:\/\/jorgezanoni.com.br\/2019\/wp-content\/uploads\/2025\/07\/Edvaldo-Azevedo-Pretinha-netos-Samuel-Jose-Rafael-e-Laura-com-um-Mes-de-vida-32-anos-der-1-Pequeno-330x420.jpg 330w\" sizes=\"auto, (max-width: 377px) 100vw, 377px\" \/>Edvaldo Azevedo (Pretinha) com 32 anos de DER. Netos Samuel, Jos\u00e9, Rafael e Laura com um m\u00eas de vida.<\/p>\n<p><img loading=\"lazy\" decoding=\"async\" class=\"alignnone size-full wp-image-96641\" src=\"https:\/\/jorgezanoni.com.br\/2019\/wp-content\/uploads\/2025\/07\/Gilmara-Bazote-Parizotto-1-Pequeno.jpg\" alt=\"\" width=\"392\" height=\"480\" srcset=\"https:\/\/jorgezanoni.com.br\/2019\/wp-content\/uploads\/2025\/07\/Gilmara-Bazote-Parizotto-1-Pequeno.jpg 392w, https:\/\/jorgezanoni.com.br\/2019\/wp-content\/uploads\/2025\/07\/Gilmara-Bazote-Parizotto-1-Pequeno-245x300.jpg 245w, https:\/\/jorgezanoni.com.br\/2019\/wp-content\/uploads\/2025\/07\/Gilmara-Bazote-Parizotto-1-Pequeno-343x420.jpg 343w\" sizes=\"auto, (max-width: 392px) 100vw, 392px\" \/>Gilmara Bazote Parizotto<\/p>\n<p><img loading=\"lazy\" decoding=\"async\" class=\"alignnone size-full wp-image-96642\" src=\"https:\/\/jorgezanoni.com.br\/2019\/wp-content\/uploads\/2025\/07\/Ivone-Sales-1-Pequeno.jpg\" alt=\"\" width=\"391\" height=\"480\" srcset=\"https:\/\/jorgezanoni.com.br\/2019\/wp-content\/uploads\/2025\/07\/Ivone-Sales-1-Pequeno.jpg 391w, https:\/\/jorgezanoni.com.br\/2019\/wp-content\/uploads\/2025\/07\/Ivone-Sales-1-Pequeno-244x300.jpg 244w, https:\/\/jorgezanoni.com.br\/2019\/wp-content\/uploads\/2025\/07\/Ivone-Sales-1-Pequeno-342x420.jpg 342w\" sizes=\"auto, (max-width: 391px) 100vw, 391px\" \/>Ivone Sales<\/p>\n<p><img loading=\"lazy\" decoding=\"async\" class=\"alignnone size-full wp-image-96643\" src=\"https:\/\/jorgezanoni.com.br\/2019\/wp-content\/uploads\/2025\/07\/Juliana-Correa-1-Pequeno.jpg\" alt=\"\" width=\"414\" height=\"480\" srcset=\"https:\/\/jorgezanoni.com.br\/2019\/wp-content\/uploads\/2025\/07\/Juliana-Correa-1-Pequeno.jpg 414w, https:\/\/jorgezanoni.com.br\/2019\/wp-content\/uploads\/2025\/07\/Juliana-Correa-1-Pequeno-259x300.jpg 259w, https:\/\/jorgezanoni.com.br\/2019\/wp-content\/uploads\/2025\/07\/Juliana-Correa-1-Pequeno-362x420.jpg 362w\" sizes=\"auto, (max-width: 414px) 100vw, 414px\" \/>Juliana Corr\u00eaa<\/p>\n<p><img loading=\"lazy\" decoding=\"async\" class=\"alignnone size-full wp-image-96644\" src=\"https:\/\/jorgezanoni.com.br\/2019\/wp-content\/uploads\/2025\/07\/Kelli-Perez-Pequeno.jpg\" alt=\"\" width=\"475\" height=\"480\" srcset=\"https:\/\/jorgezanoni.com.br\/2019\/wp-content\/uploads\/2025\/07\/Kelli-Perez-Pequeno.jpg 475w, https:\/\/jorgezanoni.com.br\/2019\/wp-content\/uploads\/2025\/07\/Kelli-Perez-Pequeno-297x300.jpg 297w, https:\/\/jorgezanoni.com.br\/2019\/wp-content\/uploads\/2025\/07\/Kelli-Perez-Pequeno-416x420.jpg 416w\" sizes=\"auto, (max-width: 475px) 100vw, 475px\" \/>Kelli Perez<\/p>\n<p><img loading=\"lazy\" decoding=\"async\" class=\"alignnone size-full wp-image-96645\" src=\"https:\/\/jorgezanoni.com.br\/2019\/wp-content\/uploads\/2025\/07\/Lea-Bazotte-Mazzo-1-Pequeno.jpg\" alt=\"\" width=\"306\" height=\"480\" srcset=\"https:\/\/jorgezanoni.com.br\/2019\/wp-content\/uploads\/2025\/07\/Lea-Bazotte-Mazzo-1-Pequeno.jpg 306w, https:\/\/jorgezanoni.com.br\/2019\/wp-content\/uploads\/2025\/07\/Lea-Bazotte-Mazzo-1-Pequeno-191x300.jpg 191w, https:\/\/jorgezanoni.com.br\/2019\/wp-content\/uploads\/2025\/07\/Lea-Bazotte-Mazzo-1-Pequeno-268x420.jpg 268w\" sizes=\"auto, (max-width: 306px) 100vw, 306px\" \/>L\u00e9a Bazotte Mazzo<\/p>\n<p><img loading=\"lazy\" decoding=\"async\" class=\"alignnone size-full wp-image-96646\" src=\"https:\/\/jorgezanoni.com.br\/2019\/wp-content\/uploads\/2025\/07\/Lu-Batista-1-Pequeno.jpg\" alt=\"\" width=\"367\" height=\"480\" srcset=\"https:\/\/jorgezanoni.com.br\/2019\/wp-content\/uploads\/2025\/07\/Lu-Batista-1-Pequeno.jpg 367w, https:\/\/jorgezanoni.com.br\/2019\/wp-content\/uploads\/2025\/07\/Lu-Batista-1-Pequeno-229x300.jpg 229w, https:\/\/jorgezanoni.com.br\/2019\/wp-content\/uploads\/2025\/07\/Lu-Batista-1-Pequeno-321x420.jpg 321w\" sizes=\"auto, (max-width: 367px) 100vw, 367px\" \/>Lu Batista<\/p>\n<p><img loading=\"lazy\" decoding=\"async\" class=\"alignnone size-full wp-image-96647\" src=\"https:\/\/jorgezanoni.com.br\/2019\/wp-content\/uploads\/2025\/07\/Moacir-Puga-1-Pequeno.jpg\" alt=\"\" width=\"446\" height=\"480\" srcset=\"https:\/\/jorgezanoni.com.br\/2019\/wp-content\/uploads\/2025\/07\/Moacir-Puga-1-Pequeno.jpg 446w, https:\/\/jorgezanoni.com.br\/2019\/wp-content\/uploads\/2025\/07\/Moacir-Puga-1-Pequeno-279x300.jpg 279w, https:\/\/jorgezanoni.com.br\/2019\/wp-content\/uploads\/2025\/07\/Moacir-Puga-1-Pequeno-390x420.jpg 390w\" sizes=\"auto, (max-width: 446px) 100vw, 446px\" \/>Moacir Puga<\/p>\n<p><img loading=\"lazy\" decoding=\"async\" class=\"alignnone size-full wp-image-96648\" src=\"https:\/\/jorgezanoni.com.br\/2019\/wp-content\/uploads\/2025\/07\/Paulo-Lelis-1-Pequeno.jpg\" alt=\"\" width=\"314\" height=\"480\" srcset=\"https:\/\/jorgezanoni.com.br\/2019\/wp-content\/uploads\/2025\/07\/Paulo-Lelis-1-Pequeno.jpg 314w, https:\/\/jorgezanoni.com.br\/2019\/wp-content\/uploads\/2025\/07\/Paulo-Lelis-1-Pequeno-196x300.jpg 196w, https:\/\/jorgezanoni.com.br\/2019\/wp-content\/uploads\/2025\/07\/Paulo-Lelis-1-Pequeno-275x420.jpg 275w\" sizes=\"auto, (max-width: 314px) 100vw, 314px\" \/>Paulo L\u00e9lis<\/p>\n<p><img loading=\"lazy\" decoding=\"async\" class=\"alignnone size-full wp-image-96649\" src=\"https:\/\/jorgezanoni.com.br\/2019\/wp-content\/uploads\/2025\/07\/Vaanderli-Quirino-1-Pequeno.jpg\" alt=\"\" width=\"471\" height=\"480\" srcset=\"https:\/\/jorgezanoni.com.br\/2019\/wp-content\/uploads\/2025\/07\/Vaanderli-Quirino-1-Pequeno.jpg 471w, https:\/\/jorgezanoni.com.br\/2019\/wp-content\/uploads\/2025\/07\/Vaanderli-Quirino-1-Pequeno-294x300.jpg 294w, https:\/\/jorgezanoni.com.br\/2019\/wp-content\/uploads\/2025\/07\/Vaanderli-Quirino-1-Pequeno-356x364.jpg 356w, https:\/\/jorgezanoni.com.br\/2019\/wp-content\/uploads\/2025\/07\/Vaanderli-Quirino-1-Pequeno-412x420.jpg 412w\" sizes=\"auto, (max-width: 471px) 100vw, 471px\" \/>Vanderli Quirino<\/p>\n<p><img loading=\"lazy\" decoding=\"async\" class=\"alignnone size-full wp-image-96650\" src=\"https:\/\/jorgezanoni.com.br\/2019\/wp-content\/uploads\/2025\/07\/Valderci-Pessoa-1-Pequeno.jpg\" alt=\"\" width=\"230\" height=\"480\" srcset=\"https:\/\/jorgezanoni.com.br\/2019\/wp-content\/uploads\/2025\/07\/Valderci-Pessoa-1-Pequeno.jpg 230w, https:\/\/jorgezanoni.com.br\/2019\/wp-content\/uploads\/2025\/07\/Valderci-Pessoa-1-Pequeno-144x300.jpg 144w, https:\/\/jorgezanoni.com.br\/2019\/wp-content\/uploads\/2025\/07\/Valderci-Pessoa-1-Pequeno-201x420.jpg 201w\" sizes=\"auto, (max-width: 230px) 100vw, 230px\" \/>Valderci Pessoa<\/p>\n","protected":false},"excerpt":{"rendered":"<p>O SITE JZ PARABENIZA OS ANIVERSARIANTES DE HOJE: Adri Domingues Amysa Mariana Beatriz Nolon Cicera Menezes Edvaldo Azevedo (Pretinha) com 32 anos de DER. Netos Samuel, Jos\u00e9, Rafael e Laura com um m\u00eas de vida. Gilmara Bazote Parizotto Ivone Sales Juliana Corr\u00eaa Kelli Perez L\u00e9a Bazotte Mazzo Lu Batista Moacir Puga Paulo L\u00e9lis Vanderli Quirino [&hellip;]<\/p>\n","protected":false},"author":1,"featured_media":96645,"comment_status":"closed","ping_status":"open","sticky":false,"template":"","format":"standard","meta":{"footnotes":""},"categories":[174,110],"tags":[],"class_list":["post-96636","post","type-post","status-publish","format-standard","has-post-thumbnail","hentry","category-aniversariantes","category-noticiasdestaque"],"_links":{"self":[{"href":"https:\/\/jorgezanoni.com.br\/2019\/wp-json\/wp\/v2\/posts\/96636","targetHints":{"allow":["GET"]}}],"collection":[{"href":"https:\/\/jorgezanoni.com.br\/2019\/wp-json\/wp\/v2\/posts"}],"about":[{"href":"https:\/\/jorgezanoni.com.br\/2019\/wp-json\/wp\/v2\/types\/post"}],"author":[{"embeddable":true,"href":"https:\/\/jorgezanoni.com.br\/2019\/wp-json\/wp\/v2\/users\/1"}],"replies":[{"embeddable":true,"href":"https:\/\/jorgezanoni.com.br\/2019\/wp-json\/wp\/v2\/comments?post=96636"}],"version-history":[{"count":3,"href":"https:\/\/jorgezanoni.com.br\/2019\/wp-json\/wp\/v2\/posts\/96636\/revisions"}],"predecessor-version":[{"id":96656,"href":"https:\/\/jorgezanoni.com.br\/2019\/wp-json\/wp\/v2\/posts\/96636\/revisions\/96656"}],"wp:featuredmedia":[{"embeddable":true,"href":"https:\/\/jorgezanoni.com.br\/2019\/wp-json\/wp\/v2\/media\/96645"}],"wp:attachment":[{"href":"https:\/\/jorgezanoni.com.br\/2019\/wp-json\/wp\/v2\/media?parent=96636"}],"wp:term":[{"taxonomy":"category","embeddable":true,"href":"https:\/\/jorgezanoni.com.br\/2019\/wp-json\/wp\/v2\/categories?post=96636"},{"taxonomy":"post_tag","embeddable":true,"href":"https:\/\/jorgezanoni.com.br\/2019\/wp-json\/wp\/v2\/tags?post=96636"}],"curies":[{"name":"wp","href":"https:\/\/api.w.org\/{rel}","templated":true}]}}