{"id":9647,"date":"2019-10-25T17:28:41","date_gmt":"2019-10-25T17:28:41","guid":{"rendered":"https:\/\/jorgezanoni.com.br\/2019\/?p=9647"},"modified":"2019-10-25T17:28:41","modified_gmt":"2019-10-25T17:28:41","slug":"mae-que-tentou-matar-a-filha-em-junqueiropolis-ficara-internada-no-manicomio-judiciario","status":"publish","type":"post","link":"https:\/\/jorgezanoni.com.br\/2019\/mae-que-tentou-matar-a-filha-em-junqueiropolis-ficara-internada-no-manicomio-judiciario\/","title":{"rendered":"M\u00e3e que tentou matar a filha em Junqueir\u00f3polis, ficar\u00e1 internada no Manic\u00f4mio Judici\u00e1rio"},"content":{"rendered":"<p style=\"text-align: justify;\">M\u00c3E QUE TENTOU MATAR A FILHA FICAR\u00c1 INTERNADA NO MANIC\u00d4MIO JUDICI\u00c1RIO<\/p>\n<p style=\"text-align: justify;\">Por senten\u00e7a datada de 23 de outubro de 2019, a Justi\u00e7a reconheceu a inimputabilidade de MNLV e ela n\u00e3o ir\u00e1 a j\u00fari popular.<\/p>\n<p style=\"text-align: justify;\">Ela estava sendo processada por tentar contra a vida da pr\u00f3pria filha, uma beb\u00ea de 6 meses de vida, fato esse ocorrido no interior da Santa Casa local, em mar\u00e7o de 2019.<\/p>\n<p style=\"text-align: justify;\">A senten\u00e7a se baseou em laudo de exame de insanidade mental, que concluiu que ao tempo do crime, a m\u00e3e apresentava doen\u00e7a mental que a comprometia sua capacidade de entendimento.<\/p>\n<p style=\"text-align: justify;\">Diante dessa conclus\u00e3o, a legisla\u00e7\u00e3o vigente determina que, nesse caso, o r\u00e9u n\u00e3o cumprir\u00e1 pena e, sim, medida de seguran\u00e7a.<\/p>\n<p style=\"text-align: justify;\">Como se trata de um crime grav\u00edssimo, a medida imposta foi a de interna\u00e7\u00e3o, que dever\u00e1 ser cumprida em um dos hospitais psiqui\u00e1tricos do sistema penitenci\u00e1rio do Estado.<\/p>\n<p style=\"text-align: justify;\">Por se tratar de medida de seguran\u00e7a, n\u00e3o h\u00e1 tempo previamente estabelecido. O juiz apenas fixou o prazo m\u00ednimo, que \u00e9 de 3 anos. Depois desse per\u00edodo, ela ter\u00e1 sua periculosidade reavaliada e poder\u00e1 continuar ou n\u00e3o internada.<\/p>\n<p style=\"text-align: justify;\">Em um caso de homic\u00eddio ocorrido em Junqueir\u00f3polis no ano de 1994, depois de confirmada a inimputabilidade do acusado, ele permaneceu por 15 anos cumprindo medida de interna\u00e7\u00e3o no manic\u00f4mio de Franco da Rocha.<\/p>\n<p style=\"text-align: justify;\">A filha dela continua acolhida por determina\u00e7\u00e3o da Justi\u00e7a e assim permanecer\u00e1 at\u00e9 que a a\u00e7\u00e3o de destitui\u00e7\u00e3o do poder familiar tenha desfecho.<\/p>\n<p style=\"text-align: justify;\">Foto: Arquivo\/Junqueir\u00f3polis em Dia<br \/>\nFonte: Promotoria de Junqueir\u00f3polis<\/p>\n","protected":false},"excerpt":{"rendered":"<p>M\u00c3E QUE TENTOU MATAR A FILHA FICAR\u00c1 INTERNADA NO MANIC\u00d4MIO JUDICI\u00c1RIO Por senten\u00e7a datada de 23 de outubro de 2019, a Justi\u00e7a reconheceu a inimputabilidade de MNLV e ela n\u00e3o ir\u00e1 a j\u00fari popular. Ela estava sendo processada por tentar contra a vida da pr\u00f3pria filha, uma beb\u00ea de 6 meses de vida, fato esse [&hellip;]<\/p>\n","protected":false},"author":1,"featured_media":9648,"comment_status":"closed","ping_status":"open","sticky":false,"template":"","format":"standard","meta":{"footnotes":""},"categories":[120,110],"tags":[],"class_list":["post-9647","post","type-post","status-publish","format-standard","has-post-thumbnail","hentry","category-justicahabitacaotecnologia","category-noticiasdestaque"],"_links":{"self":[{"href":"https:\/\/jorgezanoni.com.br\/2019\/wp-json\/wp\/v2\/posts\/9647","targetHints":{"allow":["GET"]}}],"collection":[{"href":"https:\/\/jorgezanoni.com.br\/2019\/wp-json\/wp\/v2\/posts"}],"about":[{"href":"https:\/\/jorgezanoni.com.br\/2019\/wp-json\/wp\/v2\/types\/post"}],"author":[{"embeddable":true,"href":"https:\/\/jorgezanoni.com.br\/2019\/wp-json\/wp\/v2\/users\/1"}],"replies":[{"embeddable":true,"href":"https:\/\/jorgezanoni.com.br\/2019\/wp-json\/wp\/v2\/comments?post=9647"}],"version-history":[{"count":0,"href":"https:\/\/jorgezanoni.com.br\/2019\/wp-json\/wp\/v2\/posts\/9647\/revisions"}],"wp:featuredmedia":[{"embeddable":true,"href":"https:\/\/jorgezanoni.com.br\/2019\/wp-json\/wp\/v2\/media\/9648"}],"wp:attachment":[{"href":"https:\/\/jorgezanoni.com.br\/2019\/wp-json\/wp\/v2\/media?parent=9647"}],"wp:term":[{"taxonomy":"category","embeddable":true,"href":"https:\/\/jorgezanoni.com.br\/2019\/wp-json\/wp\/v2\/categories?post=9647"},{"taxonomy":"post_tag","embeddable":true,"href":"https:\/\/jorgezanoni.com.br\/2019\/wp-json\/wp\/v2\/tags?post=9647"}],"curies":[{"name":"wp","href":"https:\/\/api.w.org\/{rel}","templated":true}]}}