{"id":9642,"date":"2019-10-25T16:42:50","date_gmt":"2019-10-25T16:42:50","guid":{"rendered":"https:\/\/jorgezanoni.com.br\/2019\/?p=9642"},"modified":"2019-10-25T16:42:50","modified_gmt":"2019-10-25T16:42:50","slug":"casa-dos-velhos-completa-51-anos-de-atividades-em-dracena","status":"publish","type":"post","link":"https:\/\/jorgezanoni.com.br\/2019\/casa-dos-velhos-completa-51-anos-de-atividades-em-dracena\/","title":{"rendered":"Casa dos Velhos completa 51 anos de atividades em Dracena"},"content":{"rendered":"<h2 class=\"jeg_post_subtitle\" style=\"text-align: justify;\"><strong>A entidade necessita de colabora\u00e7\u00e3o para custear obras de melhorias atendendo as legisla\u00e7\u00f5es vigentes.<\/strong><\/h2>\n<p><img loading=\"lazy\" decoding=\"async\" class=\"alignnone size-full wp-image-9643\" src=\"https:\/\/jorgezanoni.com.br\/2019\/wp-content\/uploads\/2019\/10\/casa1.jpg\" alt=\"\" width=\"750\" height=\"500\" srcset=\"https:\/\/jorgezanoni.com.br\/2019\/wp-content\/uploads\/2019\/10\/casa1.jpg 750w, https:\/\/jorgezanoni.com.br\/2019\/wp-content\/uploads\/2019\/10\/casa1-300x200.jpg 300w, https:\/\/jorgezanoni.com.br\/2019\/wp-content\/uploads\/2019\/10\/casa1-696x464.jpg 696w, https:\/\/jorgezanoni.com.br\/2019\/wp-content\/uploads\/2019\/10\/casa1-630x420.jpg 630w\" sizes=\"auto, (max-width: 750px) 100vw, 750px\" \/><\/p>\n<p style=\"text-align: justify;\">A Casa dos Velhos \u2018Obra Unida da Sociedade de S\u00e3o Vicente de Paulo\u2019, de Dracena comemorou no \u00faltimo dia 13 deste m\u00eas, 51 anos de atividades.<\/p>\n<p style=\"text-align: justify;\">Instalada em sede pr\u00f3pria, a entidade filantr\u00f3pica, sem fins lucrativos, tem capacidade para atender 40 idosos de ambos os sexos, a partir dos 60 anos de idade, em per\u00edodo integral.<\/p>\n<p style=\"text-align: justify;\">A diretoria informa que atualmente a Institui\u00e7\u00e3o de Longa Perman\u00eancia Para Idosos (ILPI) est\u00e1 com 38 idosos acolhidos, sendo 18 mulheres e 20 homens. Outros dois idosos est\u00e3o em processo de acolhimento.<\/p>\n<p style=\"text-align: justify;\">A prioridade \u00e9 pelo atendimento aos idosos moradores na cidade.<\/p>\n<p style=\"text-align: justify;\">Para atender as legisla\u00e7\u00f5es vigentes, a Casa dos Velhos necessita que seja reformada a ala masculina, instalado piso antiderrapante na ala feminina e da colabora\u00e7\u00e3o da comunidade para que a m\u00e3o-de-obra contratada seja custeada. Tamb\u00e9m necessita de fraldas geri\u00e1tricas.<\/p>\n<p style=\"text-align: justify;\">Quem tiver interesse em colaborar pode entrar em contato pessoalmente na institui\u00e7\u00e3o ou atrav\u00e9s do telefone.<\/p>\n<p style=\"text-align: justify;\"><strong>\u2018DIA DO BEM SEGURO\u2019<\/strong><\/p>\n<p style=\"text-align: justify;\">Na noite de hoje, 24, o Sindicato dos Empres\u00e1rios e Profissionais Aut\u00f4nomos da Corretagem e da Distribui\u00e7\u00e3o de Seguros do Estado de S\u00e3o Paulo, o SINCOR-SP, promove o \u2018Dia do Bem Seguro\u2019.<\/p>\n<p style=\"text-align: justify;\">Os corretores de seguros da Nova Alta Paulista realizam jantar beneficente na Cacha\u00e7aria \u00c1gua Doce e todo o resultado da venda de convites ser\u00e1 revertido \u00e0 entidade, informa os organizadores.<\/p>\n<p style=\"text-align: justify;\"><strong>CASA DOS VELHOS<\/strong><\/p>\n<p><img loading=\"lazy\" decoding=\"async\" class=\"alignnone size-full wp-image-9644\" src=\"https:\/\/jorgezanoni.com.br\/2019\/wp-content\/uploads\/2019\/10\/casa2.jpg\" alt=\"\" width=\"683\" height=\"1024\" srcset=\"https:\/\/jorgezanoni.com.br\/2019\/wp-content\/uploads\/2019\/10\/casa2.jpg 683w, https:\/\/jorgezanoni.com.br\/2019\/wp-content\/uploads\/2019\/10\/casa2-200x300.jpg 200w, https:\/\/jorgezanoni.com.br\/2019\/wp-content\/uploads\/2019\/10\/casa2-280x420.jpg 280w\" sizes=\"auto, (max-width: 683px) 100vw, 683px\" \/><\/p>\n<p style=\"text-align: justify;\">A manuten\u00e7\u00e3o da institui\u00e7\u00e3o ocorre com recursos advindos de promo\u00e7\u00f5es, telemarketing, doa\u00e7\u00f5es de pessoas f\u00edsicas e jur\u00eddicas, repasses municipal, estadual e federal e dos idosos acolhidos que possuam renda.<\/p>\n<p style=\"text-align: justify;\">O presidente atual \u00e9 Am\u00e9rico Zambo; o vice-presidente Valmir Gomes da Silva; o 1\u00ba tesoureiro: Sebasti\u00e3o Bombarde e o 2\u00ba tesoureiro: Jos\u00e9 Mauro Salsman.<\/p>\n<p style=\"text-align: justify;\">Para a assist\u00eancia aos idosos conta com equipe formada por fisioterapeuta, assistente social, enfermeira, psic\u00f3loga, nutricionista, cinco auxiliares de enfermagem, quatro cuidadores de idosos, quatro servi\u00e7os gerais, duas cozinheiras, supervisora de telemarketing, mensageiro e auxiliar de escrit\u00f3rio.<\/p>\n<p style=\"text-align: justify;\">A entidade est\u00e1 localizada \u00e0 Rua Frederico Ozanan, 2.681, Jardim Jussara e telefone para contato \u00e9 (18) 3821-1053.<\/p>\n<p style=\"text-align: justify;\">Fonte: Portal Regional<\/p>\n","protected":false},"excerpt":{"rendered":"<p>A entidade necessita de colabora\u00e7\u00e3o para custear obras de melhorias atendendo as legisla\u00e7\u00f5es vigentes. A Casa dos Velhos \u2018Obra Unida da Sociedade de S\u00e3o Vicente de Paulo\u2019, de Dracena comemorou no \u00faltimo dia 13 deste m\u00eas, 51 anos de atividades. Instalada em sede pr\u00f3pria, a entidade filantr\u00f3pica, sem fins lucrativos, tem capacidade para atender 40 [&hellip;]<\/p>\n","protected":false},"author":1,"featured_media":9645,"comment_status":"closed","ping_status":"open","sticky":false,"template":"","format":"standard","meta":{"footnotes":""},"categories":[110,118],"tags":[],"class_list":["post-9642","post","type-post","status-publish","format-standard","has-post-thumbnail","hentry","category-noticiasdestaque","category-religiaoesolidariedade"],"_links":{"self":[{"href":"https:\/\/jorgezanoni.com.br\/2019\/wp-json\/wp\/v2\/posts\/9642","targetHints":{"allow":["GET"]}}],"collection":[{"href":"https:\/\/jorgezanoni.com.br\/2019\/wp-json\/wp\/v2\/posts"}],"about":[{"href":"https:\/\/jorgezanoni.com.br\/2019\/wp-json\/wp\/v2\/types\/post"}],"author":[{"embeddable":true,"href":"https:\/\/jorgezanoni.com.br\/2019\/wp-json\/wp\/v2\/users\/1"}],"replies":[{"embeddable":true,"href":"https:\/\/jorgezanoni.com.br\/2019\/wp-json\/wp\/v2\/comments?post=9642"}],"version-history":[{"count":0,"href":"https:\/\/jorgezanoni.com.br\/2019\/wp-json\/wp\/v2\/posts\/9642\/revisions"}],"wp:featuredmedia":[{"embeddable":true,"href":"https:\/\/jorgezanoni.com.br\/2019\/wp-json\/wp\/v2\/media\/9645"}],"wp:attachment":[{"href":"https:\/\/jorgezanoni.com.br\/2019\/wp-json\/wp\/v2\/media?parent=9642"}],"wp:term":[{"taxonomy":"category","embeddable":true,"href":"https:\/\/jorgezanoni.com.br\/2019\/wp-json\/wp\/v2\/categories?post=9642"},{"taxonomy":"post_tag","embeddable":true,"href":"https:\/\/jorgezanoni.com.br\/2019\/wp-json\/wp\/v2\/tags?post=9642"}],"curies":[{"name":"wp","href":"https:\/\/api.w.org\/{rel}","templated":true}]}}