{"id":9638,"date":"2019-10-25T12:27:26","date_gmt":"2019-10-25T12:27:26","guid":{"rendered":"https:\/\/jorgezanoni.com.br\/2019\/?p=9638"},"modified":"2019-10-25T12:27:58","modified_gmt":"2019-10-25T12:27:58","slug":"hoje-25-de-outubro-e-o-dia-do-dentista","status":"publish","type":"post","link":"https:\/\/jorgezanoni.com.br\/2019\/hoje-25-de-outubro-e-o-dia-do-dentista\/","title":{"rendered":"Hoje, 25 de outubro \u00e9 o &#8220;Dia do Dentista&#8221;. Veja a entrevista com o Dr. Cl\u00e1udio Roberto Cedroni"},"content":{"rendered":"<p style=\"text-align: justify;\">O Site JZ entrevistou o Dr. Cl\u00e1udio Roberto Cedroni, vice-presidente da APCD (Associa\u00e7\u00e3o Paulista de Cirurgi\u00f5es Dentistas) de Dracena. Pedimos licen\u00e7a para em nome dele homenagear a todos o Dentistas de Dracena e regi\u00e3o.<\/p>\n<p style=\"text-align: justify;\">Servi\u00e7o: O Dr. Cl\u00e1udio Cedroni atende na rua Vendramim, 341, fone: 3822-6552<\/p>\n<div id=\"fb-root\"><\/div>\n<p><script async=\"1\" defer=\"1\" crossorigin=\"anonymous\" src=\"https:\/\/connect.facebook.net\/en_US\/sdk.js#xfbml=1&amp;version=v4.0\"><\/script><\/p>\n<div class=\"fb-video\" data-href=\"https:\/\/www.facebook.com\/jorgezanonidracena\/videos\/762373044208951\/\" data-width=\"696\">\n<blockquote cite=\"https:\/\/www.facebook.com\/jorgezanonidracena\/videos\/762373044208951\/\" class=\"fb-xfbml-parse-ignore\"><p><a href=\"https:\/\/www.facebook.com\/jorgezanonidracena\/videos\/762373044208951\/\">Dr. Cl\u00e1udio Roberto Cedroni fala sobre o &quot;Dia do Dentista&quot;. 25\/10\/19<\/a><\/p>\n<p>Dr. Cl\u00e1udio Roberto Cedroni fala sobre o &quot;Dia do Dentista&quot;. 25\/10\/19<\/p>\n<p>Posted by <a href=\"https:\/\/www.facebook.com\/jorgezanonidracena\/\">Jorge Zanoni<\/a> on Friday, October 25, 2019<\/p><\/blockquote>\n<\/div>\n<p style=\"text-align: justify;\">O\u00a0<strong>Dia do Dentista Brasileiro<\/strong>\u00a0\u00e9 comemorado anualmente no dia\u00a0<strong>25 de outubro<\/strong>.<\/p>\n<p style=\"text-align: justify;\">A data celebra o profissional dedicado aos cuidados e sa\u00fade da boca humana, tratando desde c\u00e1ries a problemas mais graves. O dia \u00e9 dedicado a conscientizar a sociedade da import\u00e2ncia de manter uma boa higiene bucal, para isso, em 25 de outubro tamb\u00e9m \u00e9 celebrado o\u00a0<strong>Dia Nacional da Sa\u00fade Bucal<\/strong>.<\/p>\n<h2 style=\"text-align: justify;\">Mensagens para o Dia do Dentista<\/h2>\n<p style=\"text-align: justify;\"><em>&#8220;Parab\u00e9ns a toda classe que cuida com tanto esmero da nossa denti\u00e7\u00e3o.<\/em><\/p>\n<p style=\"text-align: justify;\"><em>Somos eternamente agradecidos por ter esse profissional pronto a nos tirar a dor de um dente que nos mata, principalmente, \u00e0 noite.<\/em><\/p>\n<p style=\"text-align: justify;\"><em>H\u00e1 uma maneira bonita de homenage\u00e1-los, fazendo visitas peri\u00f3dicas, evitando as poss\u00edveis encrencas noturnas e tratamentos de canais dolorosos.<\/em><\/p>\n<p style=\"text-align: justify;\"><em>Todo profissional da \u00e1rea n\u00e3o gosta de dentes malcuidados.<\/em><\/p>\n<p style=\"text-align: justify;\"><em>Geralmente, um dente a menos, um piv\u00f4 a mais, c\u00e1ries profundas s\u00e3o sinais de fraqueza no pobre e corro\u00eddo personagem.<\/em><\/p>\n<p style=\"text-align: justify;\"><em>Ent\u00e3o, fa\u00e7a regularmente o seu check-up e sorria sempre no dia 25 de outubro, na data de quem sempre cuida da sua denti\u00e7\u00e3o.<\/em><\/p>\n<p style=\"text-align: justify;\"><em>Um viva a todos os Odont\u00f3logos do mundo inteiro&#8221;<\/em><\/p>\n<p style=\"text-align: justify;\"><em>&#8220;Que as suas m\u00e3os consigam, cada dia mais fazerem as pessoas sorrirem. Parab\u00e9ns pelo seu dia!&#8221;<\/em><\/p>\n<p style=\"text-align: justify;\"><em>&#8220;Produzir um sorriso \u00e9 multiplicar a felicidade. Parab\u00e9ns para todos os Dentistas do Brasil!&#8221;<\/em><\/p>\n<h2 style=\"text-align: justify;\">Origem do Dia do Dentista no Brasil<\/h2>\n<p style=\"text-align: justify;\">No dia 25 de outubro de 1884, o\u00a0<strong>Decreto de Lei n\u00ba 9.311<\/strong>, criou os primeiros cursos de gradua\u00e7\u00e3o em Odontologia no Brasil, nos estados da Bahia e Rio de Janeiro.<\/p>\n<p style=\"text-align: justify;\">Mais tarde, o Conselho Federal de Odontologia oficializou a data como o Dia Nacional do Cirurgi\u00e3o-Dentista.<\/p>\n<p style=\"text-align: justify;\">Assim, a escolha desta data para celebrar o Dia do Dentista \u00e9 uma homenagem a cria\u00e7\u00e3o do curso de Odontologia no pa\u00eds.<\/p>\n<h2 style=\"text-align: justify;\">Dia Mundial do Dentista<\/h2>\n<p style=\"text-align: justify;\">O\u00a0<strong>Dia Mundial do Dentista<\/strong>\u00a0\u00e9 comemorado dia\u00a0<strong>3 de outubro<\/strong>.<\/p>\n<p style=\"text-align: justify;\">A data surgiu por causa da cria\u00e7\u00e3o do primeiro curso de forma\u00e7\u00e3o para odont\u00f3logos, em 1840, em Baltimore, nos Estados Unidos da Am\u00e9rica.<\/p>\n<p>Fonte: https:\/\/www.calendarr.com\/brasil\/dia-do-dentista\/<\/p>\n","protected":false},"excerpt":{"rendered":"<p>O Site JZ entrevistou o Dr. Cl\u00e1udio Roberto Cedroni, vice-presidente da APCD (Associa\u00e7\u00e3o Paulista de Cirurgi\u00f5es Dentistas) de Dracena. Pedimos licen\u00e7a para em nome dele homenagear a todos o Dentistas de Dracena e regi\u00e3o. Servi\u00e7o: O Dr. Cl\u00e1udio Cedroni atende na rua Vendramim, 341, fone: 3822-6552 Dr. Cl\u00e1udio Roberto Cedroni fala sobre o &quot;Dia do [&hellip;]<\/p>\n","protected":false},"author":1,"featured_media":9639,"comment_status":"closed","ping_status":"open","sticky":false,"template":"","format":"video","meta":{"footnotes":""},"categories":[169],"tags":[],"class_list":["post-9638","post","type-post","status-publish","format-video","has-post-thumbnail","hentry","category-videos","post_format-post-format-video"],"_links":{"self":[{"href":"https:\/\/jorgezanoni.com.br\/2019\/wp-json\/wp\/v2\/posts\/9638","targetHints":{"allow":["GET"]}}],"collection":[{"href":"https:\/\/jorgezanoni.com.br\/2019\/wp-json\/wp\/v2\/posts"}],"about":[{"href":"https:\/\/jorgezanoni.com.br\/2019\/wp-json\/wp\/v2\/types\/post"}],"author":[{"embeddable":true,"href":"https:\/\/jorgezanoni.com.br\/2019\/wp-json\/wp\/v2\/users\/1"}],"replies":[{"embeddable":true,"href":"https:\/\/jorgezanoni.com.br\/2019\/wp-json\/wp\/v2\/comments?post=9638"}],"version-history":[{"count":0,"href":"https:\/\/jorgezanoni.com.br\/2019\/wp-json\/wp\/v2\/posts\/9638\/revisions"}],"wp:featuredmedia":[{"embeddable":true,"href":"https:\/\/jorgezanoni.com.br\/2019\/wp-json\/wp\/v2\/media\/9639"}],"wp:attachment":[{"href":"https:\/\/jorgezanoni.com.br\/2019\/wp-json\/wp\/v2\/media?parent=9638"}],"wp:term":[{"taxonomy":"category","embeddable":true,"href":"https:\/\/jorgezanoni.com.br\/2019\/wp-json\/wp\/v2\/categories?post=9638"},{"taxonomy":"post_tag","embeddable":true,"href":"https:\/\/jorgezanoni.com.br\/2019\/wp-json\/wp\/v2\/tags?post=9638"}],"curies":[{"name":"wp","href":"https:\/\/api.w.org\/{rel}","templated":true}]}}