{"id":96365,"date":"2025-07-05T13:20:02","date_gmt":"2025-07-05T13:20:02","guid":{"rendered":"https:\/\/jorgezanoni.com.br\/2019\/?p=96365"},"modified":"2025-07-05T22:06:27","modified_gmt":"2025-07-05T22:06:27","slug":"mulher-fica-ferida-em-acidente-entre-carro-e-moto-na-vila-barros-em-dracena","status":"publish","type":"post","link":"https:\/\/jorgezanoni.com.br\/2019\/mulher-fica-ferida-em-acidente-entre-carro-e-moto-na-vila-barros-em-dracena\/","title":{"rendered":"Mulher fica ferida em acidente entre carro e moto na Vila Barros em Dracena"},"content":{"rendered":"<p style=\"text-align: justify;\"><strong>Acidente aconteceu no final da tarde desta sexta-feira, na esquina das Ruas Monte Castelo com Antonio Rodrigues de Barros. Sol pode ter prejudicado a vis\u00e3o do motorista.<\/strong><\/p>\n<p style=\"text-align: justify;\">Segundo informa\u00e7\u00f5es obtidas no local pela reportagem do SITE JZ e TOP TV, a condutora de uma motocicleta placa de Dracena, seguia pela Rua Monte Castelo no sentido centro-bairro, quando um ve\u00edculo Gol placas mercosul, dirigido por um homem n\u00e3o teria obedecido o sinal de pare no sentido Jardim Vera Cruz ao Jardim Santa Clara, acontecendo a colis\u00e3o.<\/p>\n<p style=\"text-align: justify;\">Com o impacto da batida a mulher que est\u00e1 gr\u00e1vida, foi arremessada ao solo e teve ferimentos com poss\u00edvel fratura em um dos p\u00e9s.<\/p>\n<p style=\"text-align: justify;\">Ela foi socorrida por uma Unidade de Resgate do Corpo de Bombeiros ao Pronto Atendimento Municipal, o condutor do carro nada sofreu.<\/p>\n<p style=\"text-align: justify;\">As Pol\u00edcias Militar e T\u00e9cnica compareceram ao local para o registro do Boletim de Ocorr\u00eancias e apura\u00e7\u00e3o de dados que v\u00e3o apontar as causas do acidente.<\/p>\n<p><img loading=\"lazy\" decoding=\"async\" class=\"alignnone size-full wp-image-96367\" src=\"https:\/\/jorgezanoni.com.br\/2019\/wp-content\/uploads\/2025\/07\/dc815f3f-3c97-4eba-98e8-2c3f9b5b6f67-Pequeno.jpg\" alt=\"\" width=\"853\" height=\"480\" srcset=\"https:\/\/jorgezanoni.com.br\/2019\/wp-content\/uploads\/2025\/07\/dc815f3f-3c97-4eba-98e8-2c3f9b5b6f67-Pequeno.jpg 853w, https:\/\/jorgezanoni.com.br\/2019\/wp-content\/uploads\/2025\/07\/dc815f3f-3c97-4eba-98e8-2c3f9b5b6f67-Pequeno-300x169.jpg 300w, https:\/\/jorgezanoni.com.br\/2019\/wp-content\/uploads\/2025\/07\/dc815f3f-3c97-4eba-98e8-2c3f9b5b6f67-Pequeno-768x432.jpg 768w, https:\/\/jorgezanoni.com.br\/2019\/wp-content\/uploads\/2025\/07\/dc815f3f-3c97-4eba-98e8-2c3f9b5b6f67-Pequeno-696x392.jpg 696w, https:\/\/jorgezanoni.com.br\/2019\/wp-content\/uploads\/2025\/07\/dc815f3f-3c97-4eba-98e8-2c3f9b5b6f67-Pequeno-746x420.jpg 746w\" sizes=\"auto, (max-width: 853px) 100vw, 853px\" \/> <img loading=\"lazy\" decoding=\"async\" class=\"alignnone size-full wp-image-96368\" src=\"https:\/\/jorgezanoni.com.br\/2019\/wp-content\/uploads\/2025\/07\/z-acid-Pequeno.jpg\" alt=\"\" width=\"361\" height=\"480\" srcset=\"https:\/\/jorgezanoni.com.br\/2019\/wp-content\/uploads\/2025\/07\/z-acid-Pequeno.jpg 361w, https:\/\/jorgezanoni.com.br\/2019\/wp-content\/uploads\/2025\/07\/z-acid-Pequeno-226x300.jpg 226w, https:\/\/jorgezanoni.com.br\/2019\/wp-content\/uploads\/2025\/07\/z-acid-Pequeno-316x420.jpg 316w\" sizes=\"auto, (max-width: 361px) 100vw, 361px\" \/> <img loading=\"lazy\" decoding=\"async\" class=\"alignnone size-full wp-image-96369\" src=\"https:\/\/jorgezanoni.com.br\/2019\/wp-content\/uploads\/2025\/07\/z-acid-2-Pequeno.jpg\" alt=\"\" width=\"361\" height=\"480\" srcset=\"https:\/\/jorgezanoni.com.br\/2019\/wp-content\/uploads\/2025\/07\/z-acid-2-Pequeno.jpg 361w, https:\/\/jorgezanoni.com.br\/2019\/wp-content\/uploads\/2025\/07\/z-acid-2-Pequeno-226x300.jpg 226w, https:\/\/jorgezanoni.com.br\/2019\/wp-content\/uploads\/2025\/07\/z-acid-2-Pequeno-316x420.jpg 316w\" sizes=\"auto, (max-width: 361px) 100vw, 361px\" \/><\/p>\n<p>Jorge Zanoni<\/p>\n<p>&nbsp;<\/p>\n","protected":false},"excerpt":{"rendered":"<p>Acidente aconteceu no final da tarde desta sexta-feira, na esquina das Ruas Monte Castelo com Antonio Rodrigues de Barros. Sol pode ter prejudicado a vis\u00e3o do motorista. Segundo informa\u00e7\u00f5es obtidas no local pela reportagem do SITE JZ e TOP TV, a condutora de uma motocicleta placa de Dracena, seguia pela Rua Monte Castelo no sentido [&hellip;]<\/p>\n","protected":false},"author":1,"featured_media":96366,"comment_status":"closed","ping_status":"open","sticky":false,"template":"","format":"standard","meta":{"footnotes":""},"categories":[170,110],"tags":[],"class_list":["post-96365","post","type-post","status-publish","format-standard","has-post-thumbnail","hentry","category-acidentes","category-noticiasdestaque"],"_links":{"self":[{"href":"https:\/\/jorgezanoni.com.br\/2019\/wp-json\/wp\/v2\/posts\/96365","targetHints":{"allow":["GET"]}}],"collection":[{"href":"https:\/\/jorgezanoni.com.br\/2019\/wp-json\/wp\/v2\/posts"}],"about":[{"href":"https:\/\/jorgezanoni.com.br\/2019\/wp-json\/wp\/v2\/types\/post"}],"author":[{"embeddable":true,"href":"https:\/\/jorgezanoni.com.br\/2019\/wp-json\/wp\/v2\/users\/1"}],"replies":[{"embeddable":true,"href":"https:\/\/jorgezanoni.com.br\/2019\/wp-json\/wp\/v2\/comments?post=96365"}],"version-history":[{"count":3,"href":"https:\/\/jorgezanoni.com.br\/2019\/wp-json\/wp\/v2\/posts\/96365\/revisions"}],"predecessor-version":[{"id":96392,"href":"https:\/\/jorgezanoni.com.br\/2019\/wp-json\/wp\/v2\/posts\/96365\/revisions\/96392"}],"wp:featuredmedia":[{"embeddable":true,"href":"https:\/\/jorgezanoni.com.br\/2019\/wp-json\/wp\/v2\/media\/96366"}],"wp:attachment":[{"href":"https:\/\/jorgezanoni.com.br\/2019\/wp-json\/wp\/v2\/media?parent=96365"}],"wp:term":[{"taxonomy":"category","embeddable":true,"href":"https:\/\/jorgezanoni.com.br\/2019\/wp-json\/wp\/v2\/categories?post=96365"},{"taxonomy":"post_tag","embeddable":true,"href":"https:\/\/jorgezanoni.com.br\/2019\/wp-json\/wp\/v2\/tags?post=96365"}],"curies":[{"name":"wp","href":"https:\/\/api.w.org\/{rel}","templated":true}]}}