{"id":9635,"date":"2019-10-25T12:10:46","date_gmt":"2019-10-25T12:10:46","guid":{"rendered":"https:\/\/jorgezanoni.com.br\/2019\/?p=9635"},"modified":"2019-10-25T12:10:46","modified_gmt":"2019-10-25T12:10:46","slug":"pausa-para-um-momento-de-reflexao-aniversario-tem-que-ser-comemorado-sim","status":"publish","type":"post","link":"https:\/\/jorgezanoni.com.br\/2019\/pausa-para-um-momento-de-reflexao-aniversario-tem-que-ser-comemorado-sim\/","title":{"rendered":"Pausa para um momento de reflex\u00e3o, anivers\u00e1rio tem que ser comemorado sim"},"content":{"rendered":"<p style=\"text-align: justify;\"><strong>Hoje \u00e9 dia de dar uma pausa, parar que seja apenas por dez minutos. Refletir, silenciar, agradecer e comemorar, afinal para se fazer anivers\u00e1rio demoramos um ano.<\/strong><\/p>\n<p style=\"text-align: justify;\">Mais um ano se passando na minha vida. Mais uma vez comemorando anivers\u00e1rio, n\u00e3o me sinto mais velho, apenas mais experiente.<\/p>\n<p style=\"text-align: justify;\">Nem sempre as coisas s\u00e3o como desejamos, nem acontecem como sonhamos. Mas tudo tem uma raz\u00e3o de ser. Na vida n\u00e3o adianta apenas sonhar e desejar. \u00c9 preciso lutar, batalhar, e estar pronto para quando a sorte passar por n\u00f3s.<\/p>\n<p>Este ano que passou na minha vida foi um ano especial, como todos os outros foram especiais, me fez perceber que n\u00e3o tenho tempo a perder. Pois o tempo \u00e9 o que de mais valioso temos na vida. O ano \u00e9 especial seja de coisas boas ou ru\u00edns, basta saber como voc\u00ea encara e assimila cada situa\u00e7\u00e3o.<\/p>\n<p style=\"text-align: justify;\">Agrade\u00e7o por tudo o que vivi, pois o que n\u00e3o deixou uma boa recorda\u00e7\u00e3o, deixou uma li\u00e7\u00e3o e experi\u00eancia. E as li\u00e7\u00f5es, assim como as recorda\u00e7\u00f5es, levo comigo para o resto da vida, e far\u00e3o parte de mim sempre. Isso \u00e9 crescimento, conhecimento, e \u00e9 de cada um, ningu\u00e9m tira de voc\u00ea, \u00e9 s\u00f3 seu.<\/p>\n<p style=\"text-align: justify;\">Obrigado por mais um ano vivido, pela oportunidade de viver mais um ano para fazer tudo aquilo que n\u00e3o fiz at\u00e9 agora. E que este ano seja de realiza\u00e7\u00f5es e muitas felicidades. Sempre dizemos, o importante \u00e9 ter sa\u00fade, o resto corremos atr\u00e1s.<\/p>\n<p style=\"text-align: justify;\">Dizem que quando rezamos estamos fazendo pedidos a Deus, e quando meditamos estamos agradecendo. Hoje eu me ajoelho e medito silenciosamente, agradecendo ao Senhor pela minha vida.<\/p>\n<p>Deus, eu sei que muitas vezes reclamo, muitas vezes me sinto triste e insatisfeito, frequentemente me esque\u00e7o do maior milagre que \u00e9 estar vivo. Se eu tenho vida e sa\u00fade, eu tenho tudo e sou capaz de tudo.<\/p>\n<p>A vida foi entregue a mim, tenho uma d\u00e1diva a pulsar em meu peito. Se n\u00e3o me sinto feliz, cabe a mim encontrar o caminho da felicidade. Ningu\u00e9m pode buscar por mim, s\u00f3 eu mesmo. Ent\u00e3o porque ficar parado?<\/p>\n<p>\u00c9 com esta consci\u00eancia que Te agrade\u00e7o, meu Deus, por mais um ano de vida, por mais um ano de aprendizado e por todo o crescimento que eu adquiri. Eu n\u00e3o vou Te fazer nenhum pedido, vou apenas agradecer e dizer muito obrigado pelo que tem me oferecido, e olha que n\u00e3o \u00e9 pouco.<\/p>\n<p style=\"text-align: justify;\">Al\u00e9m do grande Deus, quero agradecer a fam\u00edlia que me deu, esposa, filhos e neta, irm\u00e3os, cunhados, sobrinhos, tios, tias, primos, amigos, colegas, olha quanta gente para agradecer, j\u00e1 pararam para pensar como sou querido?<\/p>\n<p style=\"text-align: justify;\">N\u00e3o poderia deixar de agradecer tamb\u00e9m a todos aqueles que fazem eu meu encher de \u00e2nimo a cada dia, para fazer do meu trabalho o motivo de levar informa\u00e7\u00e3o a todos os queridos internautas que desde cedo acompanham as not\u00edcias do site www.jorgezanoni.com.br &#8220;A Not\u00edcia com Credibilidade&#8221;. Acreditem, voc\u00eas s\u00e3o a mola propulsora do meu dia a dia. Agradecemo tamb\u00e9m meus parceiros, colaboradores e patrocinadores.<\/p>\n<p style=\"text-align: justify;\">A palavra que resume tudo isso, talvez sega GRATID\u00c3O!!!<\/p>\n<p style=\"text-align: justify;\">Beijos no cora\u00e7\u00e3o de cada um!!!<\/p>\n<p style=\"text-align: justify;\">Jorge Zanoni<\/p>\n<p style=\"text-align: justify;\">\n","protected":false},"excerpt":{"rendered":"<p>Hoje \u00e9 dia de dar uma pausa, parar que seja apenas por dez minutos. Refletir, silenciar, agradecer e comemorar, afinal para se fazer anivers\u00e1rio demoramos um ano. Mais um ano se passando na minha vida. Mais uma vez comemorando anivers\u00e1rio, n\u00e3o me sinto mais velho, apenas mais experiente. Nem sempre as coisas s\u00e3o como desejamos, [&hellip;]<\/p>\n","protected":false},"author":1,"featured_media":9636,"comment_status":"closed","ping_status":"open","sticky":false,"template":"","format":"standard","meta":{"footnotes":""},"categories":[114,110],"tags":[],"class_list":["post-9635","post","type-post","status-publish","format-standard","has-post-thumbnail","hentry","category-geralecomercio","category-noticiasdestaque"],"_links":{"self":[{"href":"https:\/\/jorgezanoni.com.br\/2019\/wp-json\/wp\/v2\/posts\/9635","targetHints":{"allow":["GET"]}}],"collection":[{"href":"https:\/\/jorgezanoni.com.br\/2019\/wp-json\/wp\/v2\/posts"}],"about":[{"href":"https:\/\/jorgezanoni.com.br\/2019\/wp-json\/wp\/v2\/types\/post"}],"author":[{"embeddable":true,"href":"https:\/\/jorgezanoni.com.br\/2019\/wp-json\/wp\/v2\/users\/1"}],"replies":[{"embeddable":true,"href":"https:\/\/jorgezanoni.com.br\/2019\/wp-json\/wp\/v2\/comments?post=9635"}],"version-history":[{"count":0,"href":"https:\/\/jorgezanoni.com.br\/2019\/wp-json\/wp\/v2\/posts\/9635\/revisions"}],"wp:featuredmedia":[{"embeddable":true,"href":"https:\/\/jorgezanoni.com.br\/2019\/wp-json\/wp\/v2\/media\/9636"}],"wp:attachment":[{"href":"https:\/\/jorgezanoni.com.br\/2019\/wp-json\/wp\/v2\/media?parent=9635"}],"wp:term":[{"taxonomy":"category","embeddable":true,"href":"https:\/\/jorgezanoni.com.br\/2019\/wp-json\/wp\/v2\/categories?post=9635"},{"taxonomy":"post_tag","embeddable":true,"href":"https:\/\/jorgezanoni.com.br\/2019\/wp-json\/wp\/v2\/tags?post=9635"}],"curies":[{"name":"wp","href":"https:\/\/api.w.org\/{rel}","templated":true}]}}