{"id":96346,"date":"2025-07-04T19:12:01","date_gmt":"2025-07-04T19:12:01","guid":{"rendered":"https:\/\/jorgezanoni.com.br\/2019\/?p=96346"},"modified":"2025-07-04T19:12:01","modified_gmt":"2025-07-04T19:12:01","slug":"dia-internacional-das-cooperativas-roberto-rodrigues-aponta-cooperativismo-como-solucao-para-desafios-globais","status":"publish","type":"post","link":"https:\/\/jorgezanoni.com.br\/2019\/dia-internacional-das-cooperativas-roberto-rodrigues-aponta-cooperativismo-como-solucao-para-desafios-globais\/","title":{"rendered":"Dia Internacional das Cooperativas: Roberto Rodrigues aponta cooperativismo como solu\u00e7\u00e3o para desafios globais"},"content":{"rendered":"<p style=\"text-align: justify;\" align=\"center\"><strong><i>Durante Summit Governan\u00e7a Sicredi, o ex-ministro e ex-presidente da Alian\u00e7a Cooperativa Internacional, reconheceu maturidade e for\u00e7a do movimento que j\u00e1 re\u00fane mais de 1 bilh\u00e3o de pessoas no mundo.<\/i><\/strong><\/p>\n<p style=\"text-align: justify;\">Em um mundo em constante transforma\u00e7\u00e3o e diante de desafios econ\u00f4micos, sociais e ambientais cada vez mais complexos, o cooperativismo se firma como um pilar essencial para promover justi\u00e7a social, resili\u00eancia econ\u00f4mica e desenvolvimento sustent\u00e1vel. Hoje, o movimento re\u00fane mais de 3 milh\u00f5es de cooperativas no mundo, conectando cerca de 1 bilh\u00e3o de pessoas. No Brasil, os n\u00fameros tamb\u00e9m impressionam: segundo o Anu\u00e1rio do Cooperativismo Brasileiro 2024, o pa\u00eds alcan\u00e7ou 23,45 milh\u00f5es de cooperados, gerou mais de 550 mil empregos e movimentou R$ 692 bilh\u00f5es em 2023, com ativos totais que superam R$ 1,16 trilh\u00e3o. Inspirado por esses resultados, Roberto Rodrigues \u2014 reconhecido pela ONU como embaixador do cooperativismo \u2014 destacou o papel estrat\u00e9gico do movimento durante o\u00a0<em>Summit Governan\u00e7a Sicredi 2025<\/em>, realizado nos dias 2 e 3 de julho, em Foz do Igua\u00e7u (PR). Para ele, esse modelo vai al\u00e9m da gera\u00e7\u00e3o de resultados econ\u00f4micos, pois contribui diretamente para a estabilidade social e o fortalecimento de v\u00ednculos locais.<\/p>\n<p style=\"text-align: justify;\">Essa for\u00e7a transformadora ganha ainda mais relev\u00e2ncia em 2025, quando o Dia Internacional das Cooperativas, celebrado em 5 de julho, acontece em paralelo ao Ano Internacional das Cooperativas, proclamado pela ONU. No Brasil, a data marca o in\u00edcio de uma mobiliza\u00e7\u00e3o nacional liderada pelo Sistema OCB, que busca ampliar a visibilidade do setor e mostrar como as cooperativas t\u00eam papel ativo no desenvolvimento de milhares de munic\u00edpios. Como ressaltou o ex-presidente da Organiza\u00e7\u00e3o das Cooperativas Brasileiras (OCB) e da Alian\u00e7a Cooperativa Internacional (ACI), Roberto Rodrigues, o cooperativismo brasileiro vive um momento decisivo para fortalecer seu protagonismo diante das incertezas globais. &#8220;Hoje, o cooperativismo brasileiro \u00e9 admirado, respeitado e amado pelo mundo todo. Isso mostra que o pa\u00eds tem uma capacidade extraordin\u00e1ria de liderar quando h\u00e1 vontade, decis\u00e3o e determina\u00e7\u00e3o&#8221;, avaliou.<\/p>\n<p style=\"text-align: justify;\">Durante sua participa\u00e7\u00e3o no\u00a0<em>Summit Governan\u00e7a Sicredi 2025<\/em>, Rodrigues destacou que o reconhecimento da ONU representa uma oportunidade estrat\u00e9gica para o setor cooperativista. O ex-ministro da Agricultura, Pecu\u00e1ria e Abastecimento lembrou que vivemos um per\u00edodo de intensas transforma\u00e7\u00f5es no panorama internacional, com mudan\u00e7as geopol\u00edticas, polariza\u00e7\u00e3o e o enfraquecimento de institui\u00e7\u00f5es tradicionais. Como exemplo, apontou que a perda de protagonismo da Europa pode abrir novas oportunidades para o Brasil, especialmente no agroneg\u00f3cio, em um cen\u00e1rio global marcado por inseguran\u00e7a alimentar, transi\u00e7\u00e3o energ\u00e9tica, mudan\u00e7as clim\u00e1ticas e desigualdade social. &#8220;Isso s\u00f3 pode ser combatido com o cooperativismo, que \u00e9 a organiza\u00e7\u00e3o da sociedade civil capaz de solucionar tudo isso. Afinal, as cooperativas s\u00e3o o maior instrumento de paz e democracia, pois inclui quem est\u00e1 exclu\u00eddo e garante alimento, energia, emprego, renda e muitas outras coisas&#8221;, apontou.<\/p>\n<p style=\"text-align: justify;\"><strong>Um modelo que transforma realidades<\/strong><\/p>\n<p style=\"text-align: justify;\">O cooperativismo de cr\u00e9dito vive um momento de expans\u00e3o no Brasil, se consolidando como uma das for\u00e7as mais din\u00e2micas do Sistema Financeiro Nacional. De acordo com o relat\u00f3rio do Banco Central, o setor registrou um crescimento de 10% no n\u00famero de associados em 2024, totalizando 19,2 milh\u00f5es de cooperados em todo o pa\u00eds, com ativos totais crescento 21% e atingindo R$ 885,3 bilh\u00f5es. Esse avan\u00e7o reflete n\u00e3o apenas a confian\u00e7a crescente da popula\u00e7\u00e3o nesse modelo, mas tamb\u00e9m sua capacidade de promover inclus\u00e3o financeira em regi\u00f5es muitas vezes desassistidas pelos bancos tradicionais. Como primeira institui\u00e7\u00e3o financeira cooperativa da Am\u00e9rica Latina, o Sicredi integra esse cen\u00e1rio e j\u00e1 ultrapassa a marca de 9 milh\u00f5es de associados no pa\u00eds. Ao valorizar o relacionamento pr\u00f3ximo, a participa\u00e7\u00e3o ativa dos cooperados e o compromisso com o desenvolvimento das comunidades, a institui\u00e7\u00e3o consolida sua relev\u00e2ncia no fortalecimento do cooperativismo e no crescimento sustent\u00e1vel das comunidades em que atua.<\/p>\n<p style=\"text-align: justify;\">Esse olhar para dentro, que valoriza ra\u00edzes firmes sem perder de vista a necessidade de adapta\u00e7\u00e3o, reflete a longa trajet\u00f3ria do cooperativismo brasileiro, que, ao longo de d\u00e9cadas, superou desafios regulat\u00f3rios e estruturais para se consolidar como um dos pilares do desenvolvimento rural e econ\u00f4mico do pa\u00eds. Com sua experi\u00eancia de mais de 50 anos atuando no setor, Roberto Rodrigues conhece bem as dificuldades enfrentadas no passado, quando o cr\u00e9dito cooperativo era um conceito distante, limitado por regras r\u00edgidas que dificultavam o acesso ao sistema financeiro formal. Hoje, esse modelo evoluiu para uma rede robusta, que amplia oportunidades, estimula a participa\u00e7\u00e3o cidad\u00e3 e contribui para o fortalecimento de v\u00ednculos locais, especialmente em regi\u00f5es onde a presen\u00e7a institucional faz diferen\u00e7a no cotidiano das pessoas.<\/p>\n<p style=\"text-align: justify;\">Para Roberto Rodrigues, o cooperativismo est\u00e1 diante de uma oportunidade hist\u00f3rica: consolidar seu papel como agente transformador em um mundo cada vez mais complexo e desigual. &#8220;O jovem, por defini\u00e7\u00e3o, \u00e9 idealista, sonha com um mundo melhor e carrega no seu DNA valores que se alinham profundamente com os princ\u00edpios do cooperativismo. Se conseguirmos mostrar a essa nova gera\u00e7\u00e3o que as cooperativas s\u00e3o um instrumento real de mudan\u00e7a e inclus\u00e3o, teremos mais jovens engajados. E \u00e9 justamente a juventude que garante a continuidade e o futuro do sistema&#8221;, finalizou.<\/p>\n<p class=\"v1MsoNormal\" style=\"text-align: justify;\"><b><i>Sobre o Sicredi<\/i><\/b><i><\/i><\/p>\n<p class=\"v1MsoNormal\" style=\"text-align: justify;\"><i>O Sicredi \u00e9 uma institui\u00e7\u00e3o financeira cooperativa comprometida com o crescimento de seus associados e com o desenvolvimento das regi\u00f5es onde atua. Possui um modelo de gest\u00e3o que valoriza a participa\u00e7\u00e3o dos mais de 9 milh\u00f5es de associados, que exercem o papel de donos do neg\u00f3cio. Com mais de 2.900 ag\u00eancias, o Sicredi est\u00e1 presente fisicamente em todos os estados brasileiros e no Distrito Federal, disponibilizando uma gama completa de solu\u00e7\u00f5es financeiras e n\u00e3o financeiras.<\/i><\/p>\n<p class=\"v1MsoNormal\"><b><i>Site do Sicredi:\u00a0<a href=\"http:\/\/www.sicredi.com.br\/\" target=\"_blank\" rel=\"noopener noreferrer\">www.sicredi.com.br<\/a><\/i><\/b><\/p>\n<p class=\"v1MsoNormal\"><b><i>Redes Sociais:\u00a0<\/i><\/b><em><b><u><span lang=\"EN-US\"><a href=\"http:\/\/www.facebook.com\/sicredicentrooestepaulista\" target=\"_blank\" rel=\"noopener noreferrer\"><i><span lang=\"PT-BR\">Facebook<\/span><\/i><\/a><\/span><\/u><\/b><\/em><em>\u00a0|<\/em>\u00a0<em><b><u><span lang=\"EN-US\"><a href=\"https:\/\/www.linkedin.com\/company\/sicredi-centro-oeste-paulista\/\" target=\"_blank\" rel=\"noopener noreferrer\"><i><span lang=\"PT-BR\">LinkedIn<\/span><\/i><\/a><\/span><\/u><\/b><\/em><em>\u00a0|<\/em>\u00a0<em><b><u><span lang=\"EN-US\"><a href=\"http:\/\/www.youtube.com\/sicredicentrooestepaulista\" target=\"_blank\" rel=\"noopener noreferrer\"><i><span lang=\"PT-BR\">YouTube<\/span><\/i><\/a><\/span><\/u><\/b><\/em><span lang=\"EN-US\">\u00a0<\/span><em>|\u00a0<\/em><em><b><u><span lang=\"EN-US\"><a href=\"http:\/\/www.instagram.com\/sicredicentrooestepaulista\" target=\"_blank\" rel=\"noopener noreferrer\"><i><span lang=\"PT-BR\">Instagram<\/span><\/i><\/a><\/span><\/u><\/b><\/em><\/p>\n<p><img loading=\"lazy\" decoding=\"async\" class=\"alignnone size-full wp-image-96347\" src=\"https:\/\/jorgezanoni.com.br\/2019\/wp-content\/uploads\/2025\/07\/Ex-ministro-destacou-cooperativismo-como-resposta-a-exclusao-social-as-desigualdades-e-aos-desafios-do-desenvolvimento-sustentavel-Pequeno.jpg\" alt=\"\" width=\"720\" height=\"480\" srcset=\"https:\/\/jorgezanoni.com.br\/2019\/wp-content\/uploads\/2025\/07\/Ex-ministro-destacou-cooperativismo-como-resposta-a-exclusao-social-as-desigualdades-e-aos-desafios-do-desenvolvimento-sustentavel-Pequeno.jpg 720w, https:\/\/jorgezanoni.com.br\/2019\/wp-content\/uploads\/2025\/07\/Ex-ministro-destacou-cooperativismo-como-resposta-a-exclusao-social-as-desigualdades-e-aos-desafios-do-desenvolvimento-sustentavel-Pequeno-300x200.jpg 300w, https:\/\/jorgezanoni.com.br\/2019\/wp-content\/uploads\/2025\/07\/Ex-ministro-destacou-cooperativismo-como-resposta-a-exclusao-social-as-desigualdades-e-aos-desafios-do-desenvolvimento-sustentavel-Pequeno-696x464.jpg 696w, https:\/\/jorgezanoni.com.br\/2019\/wp-content\/uploads\/2025\/07\/Ex-ministro-destacou-cooperativismo-como-resposta-a-exclusao-social-as-desigualdades-e-aos-desafios-do-desenvolvimento-sustentavel-Pequeno-630x420.jpg 630w\" sizes=\"auto, (max-width: 720px) 100vw, 720px\" \/>Fonte: Comunica\u00e7\u00e3o e Marketing<\/p>\n<p>&nbsp;<\/p>\n<p class=\"v1MsoNormal\">\n","protected":false},"excerpt":{"rendered":"<p>Durante Summit Governan\u00e7a Sicredi, o ex-ministro e ex-presidente da Alian\u00e7a Cooperativa Internacional, reconheceu maturidade e for\u00e7a do movimento que j\u00e1 re\u00fane mais de 1 bilh\u00e3o de pessoas no mundo. Em um mundo em constante transforma\u00e7\u00e3o e diante de desafios econ\u00f4micos, sociais e ambientais cada vez mais complexos, o cooperativismo se firma como um pilar essencial [&hellip;]<\/p>\n","protected":false},"author":1,"featured_media":96348,"comment_status":"closed","ping_status":"open","sticky":false,"template":"","format":"standard","meta":{"footnotes":""},"categories":[110,116],"tags":[],"class_list":["post-96346","post","type-post","status-publish","format-standard","has-post-thumbnail","hentry","category-noticiasdestaque","category-politicaeeconomia"],"_links":{"self":[{"href":"https:\/\/jorgezanoni.com.br\/2019\/wp-json\/wp\/v2\/posts\/96346","targetHints":{"allow":["GET"]}}],"collection":[{"href":"https:\/\/jorgezanoni.com.br\/2019\/wp-json\/wp\/v2\/posts"}],"about":[{"href":"https:\/\/jorgezanoni.com.br\/2019\/wp-json\/wp\/v2\/types\/post"}],"author":[{"embeddable":true,"href":"https:\/\/jorgezanoni.com.br\/2019\/wp-json\/wp\/v2\/users\/1"}],"replies":[{"embeddable":true,"href":"https:\/\/jorgezanoni.com.br\/2019\/wp-json\/wp\/v2\/comments?post=96346"}],"version-history":[{"count":1,"href":"https:\/\/jorgezanoni.com.br\/2019\/wp-json\/wp\/v2\/posts\/96346\/revisions"}],"predecessor-version":[{"id":96349,"href":"https:\/\/jorgezanoni.com.br\/2019\/wp-json\/wp\/v2\/posts\/96346\/revisions\/96349"}],"wp:featuredmedia":[{"embeddable":true,"href":"https:\/\/jorgezanoni.com.br\/2019\/wp-json\/wp\/v2\/media\/96348"}],"wp:attachment":[{"href":"https:\/\/jorgezanoni.com.br\/2019\/wp-json\/wp\/v2\/media?parent=96346"}],"wp:term":[{"taxonomy":"category","embeddable":true,"href":"https:\/\/jorgezanoni.com.br\/2019\/wp-json\/wp\/v2\/categories?post=96346"},{"taxonomy":"post_tag","embeddable":true,"href":"https:\/\/jorgezanoni.com.br\/2019\/wp-json\/wp\/v2\/tags?post=96346"}],"curies":[{"name":"wp","href":"https:\/\/api.w.org\/{rel}","templated":true}]}}