{"id":96339,"date":"2025-07-04T16:26:23","date_gmt":"2025-07-04T16:26:23","guid":{"rendered":"https:\/\/jorgezanoni.com.br\/2019\/?p=96339"},"modified":"2025-07-04T16:26:23","modified_gmt":"2025-07-04T16:26:23","slug":"policia-civil-prende-tres-pessoas-jovens-e-desarticula-ponto-de-trafico-de-drogas-em-dracena","status":"publish","type":"post","link":"https:\/\/jorgezanoni.com.br\/2019\/policia-civil-prende-tres-pessoas-jovens-e-desarticula-ponto-de-trafico-de-drogas-em-dracena\/","title":{"rendered":"Pol\u00edcia Civil prende tr\u00eas pessoas (jovens) e desarticula Ponto de Tr\u00e1fico de Drogas em Dracena"},"content":{"rendered":"<div style=\"text-align: justify;\"><strong>A\u00e7\u00e3o integrada entre DIG, DISE e GOE resulta em flagrante de tr\u00e1fico, apreens\u00f5es e fechamento de local usado como \u201cbiqueira\u201d no bairro Jardim Vera Cruz.<\/strong><\/div>\n<div style=\"text-align: justify;\"><\/div>\n<div style=\"text-align: justify;\">A Pol\u00edcia Civil do Estado de S\u00e3o Paulo, por interm\u00e9dio das Unidades Especializadas da Delegacia de Investiga\u00e7\u00f5es Gerais (DIG) e da Delegacia de Investiga\u00e7\u00f5es sobre Entorpecentes (DISE) de Dracena, com apoio do Grupo de Opera\u00e7\u00f5es Especiais (GOE), realizou nesta quinta-feira (3), uma a\u00e7\u00e3o de repress\u00e3o ao tr\u00e1fico de drogas em Dracena. Tr\u00eas suspeitos, dois de 18 anos e um de 19 anos, foram presos em flagrante por envolvimento com a venda il\u00edcita de entorpecentes, no interior de uma resid\u00eancia localizada na Rua Araguaia, bairro Jardim Vera Cruz, que vinha sendo usada como ponto de distribui\u00e7\u00e3o de drogas, popularmente conhecido como \u201cbiqueira\u201d.<\/div>\n<div style=\"text-align: justify;\"><\/div>\n<div style=\"text-align: justify;\">Durante a opera\u00e7\u00e3o, que contou com trabalho pr\u00e9vio de intelig\u00eancia e monitoramento, os policiais civis apreenderam diversas evid\u00eancias que confirmam a atividade criminosa. Foram localizados e recolhidos no im\u00f3vel: por\u00e7\u00f5es de crack e coca\u00edna, algumas j\u00e1 embaladas individualmente e prontas para venda; uma balan\u00e7a de precis\u00e3o; um simulacro de arma de fogo tipo pistola; sete aparelhos celulares; um notebook; uma televis\u00e3o de 32 polegadas; diversos sacos pl\u00e1sticos utilizados no fracionamento de drogas; e uma quantia em dinheiro trocado, com notas de valores variados.<\/div>\n<div style=\"text-align: justify;\"><\/div>\n<div style=\"text-align: justify;\">Vale destacar que dois dos detidos j\u00e1 possu\u00edam passagens anteriores por tr\u00e1fico de drogas e estavam em liberdade provis\u00f3ria, o que evidencia a reincid\u00eancia na pr\u00e1tica criminosa. A investiga\u00e7\u00e3o conduzida pelas equipes da DIG e da DISE apontou intensa movimenta\u00e7\u00e3o de usu\u00e1rios na frente do im\u00f3vel, corroborando com as informa\u00e7\u00f5es de que ali funcionava um ponto ativo de venda de entorpecentes.<\/div>\n<div style=\"text-align: justify;\"><\/div>\n<div style=\"text-align: justify;\">Peritos da Pol\u00edcia Cient\u00edfica estiveram no local para elabora\u00e7\u00e3o de laudo t\u00e9cnico, confirmando as condi\u00e7\u00f5es t\u00edpicas de uma central de mercancia de drogas. Todo o material apreendido ser\u00e1 encaminhado ao Instituto de Criminal\u00edstica (IC) para an\u00e1lise pericial.<\/div>\n<div style=\"text-align: justify;\"><\/div>\n<div style=\"text-align: justify;\">Os tr\u00eas indiv\u00edduos foram conduzidos \u00e0 sede das Unidades Especializadas, onde tiveram a pris\u00e3o em flagrante ratificada pelos crimes de tr\u00e1fico de drogas (art. 33 da Lei 11.343\/06) e associa\u00e7\u00e3o para o tr\u00e1fico (art. 35 da mesma legisla\u00e7\u00e3o). A autoridade policial tamb\u00e9m destacou que, em raz\u00e3o da localiza\u00e7\u00e3o do im\u00f3vel, nas proximidades de uma institui\u00e7\u00e3o de ensino, poder\u00e1 haver o agravamento da pena, conforme prev\u00ea a legisla\u00e7\u00e3o antidrogas, por facilitar a exposi\u00e7\u00e3o de adolescentes e jovens ao consumo e \u00e0 depend\u00eancia qu\u00edmica.<\/div>\n<div style=\"text-align: justify;\"><\/div>\n<div style=\"text-align: justify;\">Os presos permanecem \u00e0 disposi\u00e7\u00e3o da Justi\u00e7a e foram encaminhados para audi\u00eancia de cust\u00f3dia.<\/div>\n<div><\/div>\n<div><img loading=\"lazy\" decoding=\"async\" class=\"alignnone size-full wp-image-96340\" src=\"https:\/\/jorgezanoni.com.br\/2019\/wp-content\/uploads\/2025\/07\/zz-Pequeno.jpg\" alt=\"\" width=\"711\" height=\"480\" srcset=\"https:\/\/jorgezanoni.com.br\/2019\/wp-content\/uploads\/2025\/07\/zz-Pequeno.jpg 711w, https:\/\/jorgezanoni.com.br\/2019\/wp-content\/uploads\/2025\/07\/zz-Pequeno-300x203.jpg 300w, https:\/\/jorgezanoni.com.br\/2019\/wp-content\/uploads\/2025\/07\/zz-Pequeno-696x470.jpg 696w, https:\/\/jorgezanoni.com.br\/2019\/wp-content\/uploads\/2025\/07\/zz-Pequeno-622x420.jpg 622w\" sizes=\"auto, (max-width: 711px) 100vw, 711px\" \/> <img loading=\"lazy\" decoding=\"async\" class=\"alignnone size-full wp-image-96342\" src=\"https:\/\/jorgezanoni.com.br\/2019\/wp-content\/uploads\/2025\/07\/zz2-Pequeno.jpg\" alt=\"\" width=\"854\" height=\"480\" srcset=\"https:\/\/jorgezanoni.com.br\/2019\/wp-content\/uploads\/2025\/07\/zz2-Pequeno.jpg 854w, https:\/\/jorgezanoni.com.br\/2019\/wp-content\/uploads\/2025\/07\/zz2-Pequeno-300x169.jpg 300w, https:\/\/jorgezanoni.com.br\/2019\/wp-content\/uploads\/2025\/07\/zz2-Pequeno-768x432.jpg 768w, https:\/\/jorgezanoni.com.br\/2019\/wp-content\/uploads\/2025\/07\/zz2-Pequeno-696x391.jpg 696w, https:\/\/jorgezanoni.com.br\/2019\/wp-content\/uploads\/2025\/07\/zz2-Pequeno-747x420.jpg 747w\" sizes=\"auto, (max-width: 854px) 100vw, 854px\" \/> <img loading=\"lazy\" decoding=\"async\" class=\"alignnone size-full wp-image-96343\" src=\"https:\/\/jorgezanoni.com.br\/2019\/wp-content\/uploads\/2025\/07\/zz3-Pequeno.jpg\" alt=\"\" width=\"638\" height=\"480\" srcset=\"https:\/\/jorgezanoni.com.br\/2019\/wp-content\/uploads\/2025\/07\/zz3-Pequeno.jpg 638w, https:\/\/jorgezanoni.com.br\/2019\/wp-content\/uploads\/2025\/07\/zz3-Pequeno-300x226.jpg 300w, https:\/\/jorgezanoni.com.br\/2019\/wp-content\/uploads\/2025\/07\/zz3-Pequeno-80x60.jpg 80w, https:\/\/jorgezanoni.com.br\/2019\/wp-content\/uploads\/2025\/07\/zz3-Pequeno-265x198.jpg 265w, https:\/\/jorgezanoni.com.br\/2019\/wp-content\/uploads\/2025\/07\/zz3-Pequeno-558x420.jpg 558w\" sizes=\"auto, (max-width: 638px) 100vw, 638px\" \/> <img loading=\"lazy\" decoding=\"async\" class=\"alignnone size-full wp-image-96344\" src=\"https:\/\/jorgezanoni.com.br\/2019\/wp-content\/uploads\/2025\/07\/zz4-Pequeno.jpg\" alt=\"\" width=\"714\" height=\"480\" srcset=\"https:\/\/jorgezanoni.com.br\/2019\/wp-content\/uploads\/2025\/07\/zz4-Pequeno.jpg 714w, https:\/\/jorgezanoni.com.br\/2019\/wp-content\/uploads\/2025\/07\/zz4-Pequeno-300x202.jpg 300w, https:\/\/jorgezanoni.com.br\/2019\/wp-content\/uploads\/2025\/07\/zz4-Pequeno-696x468.jpg 696w, https:\/\/jorgezanoni.com.br\/2019\/wp-content\/uploads\/2025\/07\/zz4-Pequeno-625x420.jpg 625w\" sizes=\"auto, (max-width: 714px) 100vw, 714px\" \/><\/div>\n<div><\/div>\n<div>Fonte: Comunica\u00e7\u00e3o Social Pol\u00edcia Civil<\/div>\n","protected":false},"excerpt":{"rendered":"<p>A\u00e7\u00e3o integrada entre DIG, DISE e GOE resulta em flagrante de tr\u00e1fico, apreens\u00f5es e fechamento de local usado como \u201cbiqueira\u201d no bairro Jardim Vera Cruz. A Pol\u00edcia Civil do Estado de S\u00e3o Paulo, por interm\u00e9dio das Unidades Especializadas da Delegacia de Investiga\u00e7\u00f5es Gerais (DIG) e da Delegacia de Investiga\u00e7\u00f5es sobre Entorpecentes (DISE) de Dracena, com [&hellip;]<\/p>\n","protected":false},"author":1,"featured_media":96341,"comment_status":"closed","ping_status":"open","sticky":false,"template":"","format":"standard","meta":{"footnotes":""},"categories":[110,2],"tags":[],"class_list":["post-96339","post","type-post","status-publish","format-standard","has-post-thumbnail","hentry","category-noticiasdestaque","category-policial"],"_links":{"self":[{"href":"https:\/\/jorgezanoni.com.br\/2019\/wp-json\/wp\/v2\/posts\/96339","targetHints":{"allow":["GET"]}}],"collection":[{"href":"https:\/\/jorgezanoni.com.br\/2019\/wp-json\/wp\/v2\/posts"}],"about":[{"href":"https:\/\/jorgezanoni.com.br\/2019\/wp-json\/wp\/v2\/types\/post"}],"author":[{"embeddable":true,"href":"https:\/\/jorgezanoni.com.br\/2019\/wp-json\/wp\/v2\/users\/1"}],"replies":[{"embeddable":true,"href":"https:\/\/jorgezanoni.com.br\/2019\/wp-json\/wp\/v2\/comments?post=96339"}],"version-history":[{"count":1,"href":"https:\/\/jorgezanoni.com.br\/2019\/wp-json\/wp\/v2\/posts\/96339\/revisions"}],"predecessor-version":[{"id":96345,"href":"https:\/\/jorgezanoni.com.br\/2019\/wp-json\/wp\/v2\/posts\/96339\/revisions\/96345"}],"wp:featuredmedia":[{"embeddable":true,"href":"https:\/\/jorgezanoni.com.br\/2019\/wp-json\/wp\/v2\/media\/96341"}],"wp:attachment":[{"href":"https:\/\/jorgezanoni.com.br\/2019\/wp-json\/wp\/v2\/media?parent=96339"}],"wp:term":[{"taxonomy":"category","embeddable":true,"href":"https:\/\/jorgezanoni.com.br\/2019\/wp-json\/wp\/v2\/categories?post=96339"},{"taxonomy":"post_tag","embeddable":true,"href":"https:\/\/jorgezanoni.com.br\/2019\/wp-json\/wp\/v2\/tags?post=96339"}],"curies":[{"name":"wp","href":"https:\/\/api.w.org\/{rel}","templated":true}]}}