{"id":96336,"date":"2025-07-04T16:13:42","date_gmt":"2025-07-04T16:13:42","guid":{"rendered":"https:\/\/jorgezanoni.com.br\/2019\/?p=96336"},"modified":"2025-07-04T16:13:42","modified_gmt":"2025-07-04T16:13:42","slug":"policia-civil-captura-procurado-pela-justica-por-furtos-reiterados-em-dracena","status":"publish","type":"post","link":"https:\/\/jorgezanoni.com.br\/2019\/policia-civil-captura-procurado-pela-justica-por-furtos-reiterados-em-dracena\/","title":{"rendered":"Pol\u00edcia Civil captura procurado pela justi\u00e7a por furtos reiterados em Dracena"},"content":{"rendered":"<p style=\"text-align: justify;\"><strong>A\u00e7\u00e3o coordenada pelos 1\u00ba e 2\u00ba Distritos Policiais resulta na pris\u00e3o preventiva de homem com vasto hist\u00f3rico criminal.<\/strong><\/p>\n<p style=\"text-align: justify;\">A Pol\u00edcia Civil do Estado de S\u00e3o Paulo, por interm\u00e9dio das Unidades Agrupadas do 1\u00ba e 2\u00ba Distritos Policiais de Dracena, cumpriu, nesta sexta-feira (4), um mandado de pris\u00e3o preventiva expedido pela 2\u00aa Vara Criminal da Comarca local, em desfavor de um homem de 43 anos, investigado por sucessivos crimes de furto.<\/p>\n<p style=\"text-align: justify;\">A a\u00e7\u00e3o policial ocorreu no bairro Jardim Brasil\u00e2ndia, na rua \u00c9rico Ver\u00edssimo, onde os agentes lograram \u00eaxito em localizar o procurado. O suspeito foi abordado e detido sem oferecer resist\u00eancia. A a\u00e7\u00e3o \u00e9 resultado direto de trabalho investigativo minucioso desenvolvido pelas equipes das Unidades Agrupadas, no curso de inqu\u00e9rito policial instaurado para apurar a pr\u00e1tica de diversos furtos, alguns deles com caracter\u00edsticas de reincid\u00eancia e agravados pelo fato de terem como v\u00edtimas os pr\u00f3prios pais do autor.<\/p>\n<p style=\"text-align: justify;\">Com base nas evid\u00eancias colhidas, a Autoridade Policial representou pela pris\u00e3o preventiva do investigado, pleito este acolhido pelo Minist\u00e9rio P\u00fablico e deferido pelo Poder Judici\u00e1rio. A medida visa n\u00e3o apenas a responsabiliza\u00e7\u00e3o penal do indiv\u00edduo, mas tamb\u00e9m a interrup\u00e7\u00e3o do ciclo delitivo, proporcionando maior seguran\u00e7a \u00e0 comunidade local.<\/p>\n<p style=\"text-align: justify;\">Ap\u00f3s a captura, o preso foi conduzido \u00e0 Central de Pol\u00edcia Judici\u00e1ria (CPJ) de Dracena, onde foi formalizado o cumprimento da ordem judicial e lavrado o respectivo boletim de ocorr\u00eancia. O detido passar\u00e1 por audi\u00eancia de cust\u00f3dia e, na sequ\u00eancia, ser\u00e1 encaminhado ao sistema prisional, onde permanecer\u00e1 \u00e0 disposi\u00e7\u00e3o da Justi\u00e7a.<\/p>\n<p style=\"text-align: justify;\">O capturado possui uma extensa ficha criminal, com antecedentes pelos crimes de furto, amea\u00e7a, dano, desobedi\u00eancia, tr\u00e1fico de drogas e recepta\u00e7\u00e3o, o que evidencia seu envolvimento continuado com a pr\u00e1tica de delitos e refor\u00e7a a import\u00e2ncia da a\u00e7\u00e3o policial para a repress\u00e3o qualificada \u00e0 criminalidade.<\/p>\n<p style=\"text-align: justify;\">A Pol\u00edcia Civil continua no seu compromisso de promover a justi\u00e7a, a ordem p\u00fablica e a seguran\u00e7a da popula\u00e7\u00e3o, atuando de forma estrat\u00e9gica e com base na legalidade.<\/p>\n<p>Fonte: Comunica\u00e7\u00e3o Social Pol\u00edcia Civil<\/p>\n","protected":false},"excerpt":{"rendered":"<p>A\u00e7\u00e3o coordenada pelos 1\u00ba e 2\u00ba Distritos Policiais resulta na pris\u00e3o preventiva de homem com vasto hist\u00f3rico criminal. A Pol\u00edcia Civil do Estado de S\u00e3o Paulo, por interm\u00e9dio das Unidades Agrupadas do 1\u00ba e 2\u00ba Distritos Policiais de Dracena, cumpriu, nesta sexta-feira (4), um mandado de pris\u00e3o preventiva expedido pela 2\u00aa Vara Criminal da Comarca [&hellip;]<\/p>\n","protected":false},"author":1,"featured_media":96337,"comment_status":"closed","ping_status":"open","sticky":false,"template":"","format":"standard","meta":{"footnotes":""},"categories":[110,2],"tags":[],"class_list":["post-96336","post","type-post","status-publish","format-standard","has-post-thumbnail","hentry","category-noticiasdestaque","category-policial"],"_links":{"self":[{"href":"https:\/\/jorgezanoni.com.br\/2019\/wp-json\/wp\/v2\/posts\/96336","targetHints":{"allow":["GET"]}}],"collection":[{"href":"https:\/\/jorgezanoni.com.br\/2019\/wp-json\/wp\/v2\/posts"}],"about":[{"href":"https:\/\/jorgezanoni.com.br\/2019\/wp-json\/wp\/v2\/types\/post"}],"author":[{"embeddable":true,"href":"https:\/\/jorgezanoni.com.br\/2019\/wp-json\/wp\/v2\/users\/1"}],"replies":[{"embeddable":true,"href":"https:\/\/jorgezanoni.com.br\/2019\/wp-json\/wp\/v2\/comments?post=96336"}],"version-history":[{"count":1,"href":"https:\/\/jorgezanoni.com.br\/2019\/wp-json\/wp\/v2\/posts\/96336\/revisions"}],"predecessor-version":[{"id":96338,"href":"https:\/\/jorgezanoni.com.br\/2019\/wp-json\/wp\/v2\/posts\/96336\/revisions\/96338"}],"wp:featuredmedia":[{"embeddable":true,"href":"https:\/\/jorgezanoni.com.br\/2019\/wp-json\/wp\/v2\/media\/96337"}],"wp:attachment":[{"href":"https:\/\/jorgezanoni.com.br\/2019\/wp-json\/wp\/v2\/media?parent=96336"}],"wp:term":[{"taxonomy":"category","embeddable":true,"href":"https:\/\/jorgezanoni.com.br\/2019\/wp-json\/wp\/v2\/categories?post=96336"},{"taxonomy":"post_tag","embeddable":true,"href":"https:\/\/jorgezanoni.com.br\/2019\/wp-json\/wp\/v2\/tags?post=96336"}],"curies":[{"name":"wp","href":"https:\/\/api.w.org\/{rel}","templated":true}]}}