{"id":96183,"date":"2025-07-01T00:17:03","date_gmt":"2025-07-01T00:17:03","guid":{"rendered":"https:\/\/jorgezanoni.com.br\/2019\/?p=96183"},"modified":"2025-07-01T14:36:28","modified_gmt":"2025-07-01T14:36:28","slug":"homem-fica-ferido-em-acidente-entre-carro-e-moto-no-jardim-das-palmeiras","status":"publish","type":"post","link":"https:\/\/jorgezanoni.com.br\/2019\/homem-fica-ferido-em-acidente-entre-carro-e-moto-no-jardim-das-palmeiras\/","title":{"rendered":"Homem fica ferido em acidente entre carro e moto no Jardim das Palmeiras"},"content":{"rendered":"<p style=\"text-align: justify;\"><strong>Acidente aconteceu no in\u00edcio da noite desta segunda-feira (30) na Alameda Fran\u00e7a, Jardim das Palmeiras II, em Dracena.<\/strong><\/p>\n<p style=\"text-align: justify;\">Segundo informa\u00e7\u00f5es obtidas no local pela reportagem do SITE JZ e TOP TV, colidiram lateralmente, um ve\u00edculo HB20 placas de Dracena e uma Motocicleta placa de Dracena.<\/p>\n<p style=\"text-align: justify;\">O condutor do carro nada sofreu, j\u00e1 o motociclista teve ferimentos no joelho e foi socorrido ao Pronto Atendimento do Bairro S\u00e3o Crist\u00f3v\u00e3o, por uma Unidade de Resgate do Corpo de Bombeiros.<\/p>\n<p style=\"text-align: justify;\">No momento do fechamento desta mat\u00e9ria, o motociclista passava por Raio-X.<\/p>\n<p style=\"text-align: justify;\">As Pol\u00edcias Militar e T\u00e9cnica, compareceram ao local para colher dados, registrar o B.O e apurar as causas do acidente.<\/p>\n<p><img loading=\"lazy\" decoding=\"async\" class=\"alignnone size-full wp-image-96184\" src=\"https:\/\/jorgezanoni.com.br\/2019\/wp-content\/uploads\/2025\/06\/Ac-Pequeno.jpg\" alt=\"\" width=\"853\" height=\"480\" srcset=\"https:\/\/jorgezanoni.com.br\/2019\/wp-content\/uploads\/2025\/06\/Ac-Pequeno.jpg 853w, https:\/\/jorgezanoni.com.br\/2019\/wp-content\/uploads\/2025\/06\/Ac-Pequeno-300x169.jpg 300w, https:\/\/jorgezanoni.com.br\/2019\/wp-content\/uploads\/2025\/06\/Ac-Pequeno-768x432.jpg 768w, https:\/\/jorgezanoni.com.br\/2019\/wp-content\/uploads\/2025\/06\/Ac-Pequeno-696x392.jpg 696w, https:\/\/jorgezanoni.com.br\/2019\/wp-content\/uploads\/2025\/06\/Ac-Pequeno-746x420.jpg 746w\" sizes=\"auto, (max-width: 853px) 100vw, 853px\" \/> <img loading=\"lazy\" decoding=\"async\" class=\"alignnone size-full wp-image-96185\" src=\"https:\/\/jorgezanoni.com.br\/2019\/wp-content\/uploads\/2025\/06\/ac1-Pequeno.jpg\" alt=\"\" width=\"853\" height=\"480\" srcset=\"https:\/\/jorgezanoni.com.br\/2019\/wp-content\/uploads\/2025\/06\/ac1-Pequeno.jpg 853w, https:\/\/jorgezanoni.com.br\/2019\/wp-content\/uploads\/2025\/06\/ac1-Pequeno-300x169.jpg 300w, https:\/\/jorgezanoni.com.br\/2019\/wp-content\/uploads\/2025\/06\/ac1-Pequeno-768x432.jpg 768w, https:\/\/jorgezanoni.com.br\/2019\/wp-content\/uploads\/2025\/06\/ac1-Pequeno-696x392.jpg 696w, https:\/\/jorgezanoni.com.br\/2019\/wp-content\/uploads\/2025\/06\/ac1-Pequeno-746x420.jpg 746w\" sizes=\"auto, (max-width: 853px) 100vw, 853px\" \/> <img loading=\"lazy\" decoding=\"async\" class=\"alignnone size-full wp-image-96186\" src=\"https:\/\/jorgezanoni.com.br\/2019\/wp-content\/uploads\/2025\/06\/ac2-Pequeno.jpg\" alt=\"\" width=\"853\" height=\"480\" srcset=\"https:\/\/jorgezanoni.com.br\/2019\/wp-content\/uploads\/2025\/06\/ac2-Pequeno.jpg 853w, https:\/\/jorgezanoni.com.br\/2019\/wp-content\/uploads\/2025\/06\/ac2-Pequeno-300x169.jpg 300w, https:\/\/jorgezanoni.com.br\/2019\/wp-content\/uploads\/2025\/06\/ac2-Pequeno-768x432.jpg 768w, https:\/\/jorgezanoni.com.br\/2019\/wp-content\/uploads\/2025\/06\/ac2-Pequeno-696x392.jpg 696w, https:\/\/jorgezanoni.com.br\/2019\/wp-content\/uploads\/2025\/06\/ac2-Pequeno-746x420.jpg 746w\" sizes=\"auto, (max-width: 853px) 100vw, 853px\" \/> <img loading=\"lazy\" decoding=\"async\" class=\"alignnone size-full wp-image-96187\" src=\"https:\/\/jorgezanoni.com.br\/2019\/wp-content\/uploads\/2025\/06\/ac3-Pequeno.jpg\" alt=\"\" width=\"853\" height=\"480\" srcset=\"https:\/\/jorgezanoni.com.br\/2019\/wp-content\/uploads\/2025\/06\/ac3-Pequeno.jpg 853w, https:\/\/jorgezanoni.com.br\/2019\/wp-content\/uploads\/2025\/06\/ac3-Pequeno-300x169.jpg 300w, https:\/\/jorgezanoni.com.br\/2019\/wp-content\/uploads\/2025\/06\/ac3-Pequeno-768x432.jpg 768w, https:\/\/jorgezanoni.com.br\/2019\/wp-content\/uploads\/2025\/06\/ac3-Pequeno-696x392.jpg 696w, https:\/\/jorgezanoni.com.br\/2019\/wp-content\/uploads\/2025\/06\/ac3-Pequeno-746x420.jpg 746w\" sizes=\"auto, (max-width: 853px) 100vw, 853px\" \/> <img loading=\"lazy\" decoding=\"async\" class=\"alignnone size-full wp-image-96188\" src=\"https:\/\/jorgezanoni.com.br\/2019\/wp-content\/uploads\/2025\/06\/ac4-Pequeno.jpg\" alt=\"\" width=\"853\" height=\"480\" srcset=\"https:\/\/jorgezanoni.com.br\/2019\/wp-content\/uploads\/2025\/06\/ac4-Pequeno.jpg 853w, https:\/\/jorgezanoni.com.br\/2019\/wp-content\/uploads\/2025\/06\/ac4-Pequeno-300x169.jpg 300w, https:\/\/jorgezanoni.com.br\/2019\/wp-content\/uploads\/2025\/06\/ac4-Pequeno-768x432.jpg 768w, https:\/\/jorgezanoni.com.br\/2019\/wp-content\/uploads\/2025\/06\/ac4-Pequeno-696x392.jpg 696w, https:\/\/jorgezanoni.com.br\/2019\/wp-content\/uploads\/2025\/06\/ac4-Pequeno-746x420.jpg 746w\" sizes=\"auto, (max-width: 853px) 100vw, 853px\" \/>Jorge Zanoni<\/p>\n","protected":false},"excerpt":{"rendered":"<p>Acidente aconteceu no in\u00edcio da noite desta segunda-feira (30) na Alameda Fran\u00e7a, Jardim das Palmeiras II, em Dracena. Segundo informa\u00e7\u00f5es obtidas no local pela reportagem do SITE JZ e TOP TV, colidiram lateralmente, um ve\u00edculo HB20 placas de Dracena e uma Motocicleta placa de Dracena. O condutor do carro nada sofreu, j\u00e1 o motociclista teve [&hellip;]<\/p>\n","protected":false},"author":1,"featured_media":96187,"comment_status":"closed","ping_status":"open","sticky":false,"template":"","format":"standard","meta":{"footnotes":""},"categories":[170,110],"tags":[],"class_list":["post-96183","post","type-post","status-publish","format-standard","has-post-thumbnail","hentry","category-acidentes","category-noticiasdestaque"],"_links":{"self":[{"href":"https:\/\/jorgezanoni.com.br\/2019\/wp-json\/wp\/v2\/posts\/96183","targetHints":{"allow":["GET"]}}],"collection":[{"href":"https:\/\/jorgezanoni.com.br\/2019\/wp-json\/wp\/v2\/posts"}],"about":[{"href":"https:\/\/jorgezanoni.com.br\/2019\/wp-json\/wp\/v2\/types\/post"}],"author":[{"embeddable":true,"href":"https:\/\/jorgezanoni.com.br\/2019\/wp-json\/wp\/v2\/users\/1"}],"replies":[{"embeddable":true,"href":"https:\/\/jorgezanoni.com.br\/2019\/wp-json\/wp\/v2\/comments?post=96183"}],"version-history":[{"count":2,"href":"https:\/\/jorgezanoni.com.br\/2019\/wp-json\/wp\/v2\/posts\/96183\/revisions"}],"predecessor-version":[{"id":96191,"href":"https:\/\/jorgezanoni.com.br\/2019\/wp-json\/wp\/v2\/posts\/96183\/revisions\/96191"}],"wp:featuredmedia":[{"embeddable":true,"href":"https:\/\/jorgezanoni.com.br\/2019\/wp-json\/wp\/v2\/media\/96187"}],"wp:attachment":[{"href":"https:\/\/jorgezanoni.com.br\/2019\/wp-json\/wp\/v2\/media?parent=96183"}],"wp:term":[{"taxonomy":"category","embeddable":true,"href":"https:\/\/jorgezanoni.com.br\/2019\/wp-json\/wp\/v2\/categories?post=96183"},{"taxonomy":"post_tag","embeddable":true,"href":"https:\/\/jorgezanoni.com.br\/2019\/wp-json\/wp\/v2\/tags?post=96183"}],"curies":[{"name":"wp","href":"https:\/\/api.w.org\/{rel}","templated":true}]}}