{"id":9617,"date":"2019-10-24T23:58:12","date_gmt":"2019-10-24T23:58:12","guid":{"rendered":"https:\/\/jorgezanoni.com.br\/2019\/?p=9617"},"modified":"2019-10-24T23:58:12","modified_gmt":"2019-10-24T23:58:12","slug":"bebe-de-01-ano-e-diagnosticado-com-sarampo-em-adamantina","status":"publish","type":"post","link":"https:\/\/jorgezanoni.com.br\/2019\/bebe-de-01-ano-e-diagnosticado-com-sarampo-em-adamantina\/","title":{"rendered":"Beb\u00ea de 01 ano \u00e9 diagnosticado com sarampo em Adamantina"},"content":{"rendered":"<p style=\"text-align: justify;\">A Prefeitura de Adamantina, por meio da Secretaria de Sa\u00fade, informa que foi registrado um caso de sarampo na cidade em uma crian\u00e7a de 12 meses.<\/p>\n<p style=\"text-align: justify;\">A pasta j\u00e1 tomou todas as medidas que s\u00e3o orientadas pelo Minist\u00e9rio da Sa\u00fade e consistem na imuniza\u00e7\u00e3o de todos aqueles que tiveram algum tipo de contato com a crian\u00e7a, verifica\u00e7\u00e3o das carteiras de vacina\u00e7\u00e3o, aqueles que ainda n\u00e3o haviam tomado \u00e0 vacina foram vacinados e est\u00e1 sendo realizado o acompanhamento durante o per\u00edodo de 30 dias.<\/p>\n<p style=\"text-align: justify;\">Na cidade, existem quatro casos suspeitos sendo dois negativos, um positivo e um aguardando resultado. A campanha nacional de vacina\u00e7\u00e3o segue at\u00e9 amanh\u00e3, por\u00e9m a Prefeitura refor\u00e7a que mesmo com o fim da campanha, as doses das vacinas continuam \u00e0 disposi\u00e7\u00e3o dos mun\u00edcipes.<\/p>\n<p style=\"text-align: justify;\">Assessoria de Imprensa &#8211; Foto Ilustrativa<\/p>\n<p style=\"text-align: justify;\">Fonte: adamantinanet.com.br<\/p>\n","protected":false},"excerpt":{"rendered":"<p>A Prefeitura de Adamantina, por meio da Secretaria de Sa\u00fade, informa que foi registrado um caso de sarampo na cidade em uma crian\u00e7a de 12 meses. A pasta j\u00e1 tomou todas as medidas que s\u00e3o orientadas pelo Minist\u00e9rio da Sa\u00fade e consistem na imuniza\u00e7\u00e3o de todos aqueles que tiveram algum tipo de contato com a [&hellip;]<\/p>\n","protected":false},"author":1,"featured_media":9618,"comment_status":"closed","ping_status":"open","sticky":false,"template":"","format":"standard","meta":{"footnotes":""},"categories":[110,122],"tags":[],"class_list":["post-9617","post","type-post","status-publish","format-standard","has-post-thumbnail","hentry","category-noticiasdestaque","category-saudeeducacaoeconcurso"],"_links":{"self":[{"href":"https:\/\/jorgezanoni.com.br\/2019\/wp-json\/wp\/v2\/posts\/9617","targetHints":{"allow":["GET"]}}],"collection":[{"href":"https:\/\/jorgezanoni.com.br\/2019\/wp-json\/wp\/v2\/posts"}],"about":[{"href":"https:\/\/jorgezanoni.com.br\/2019\/wp-json\/wp\/v2\/types\/post"}],"author":[{"embeddable":true,"href":"https:\/\/jorgezanoni.com.br\/2019\/wp-json\/wp\/v2\/users\/1"}],"replies":[{"embeddable":true,"href":"https:\/\/jorgezanoni.com.br\/2019\/wp-json\/wp\/v2\/comments?post=9617"}],"version-history":[{"count":0,"href":"https:\/\/jorgezanoni.com.br\/2019\/wp-json\/wp\/v2\/posts\/9617\/revisions"}],"wp:featuredmedia":[{"embeddable":true,"href":"https:\/\/jorgezanoni.com.br\/2019\/wp-json\/wp\/v2\/media\/9618"}],"wp:attachment":[{"href":"https:\/\/jorgezanoni.com.br\/2019\/wp-json\/wp\/v2\/media?parent=9617"}],"wp:term":[{"taxonomy":"category","embeddable":true,"href":"https:\/\/jorgezanoni.com.br\/2019\/wp-json\/wp\/v2\/categories?post=9617"},{"taxonomy":"post_tag","embeddable":true,"href":"https:\/\/jorgezanoni.com.br\/2019\/wp-json\/wp\/v2\/tags?post=9617"}],"curies":[{"name":"wp","href":"https:\/\/api.w.org\/{rel}","templated":true}]}}