{"id":96162,"date":"2025-06-29T19:17:23","date_gmt":"2025-06-29T19:17:23","guid":{"rendered":"https:\/\/jorgezanoni.com.br\/2019\/?p=96162"},"modified":"2025-06-29T19:22:20","modified_gmt":"2025-06-29T19:22:20","slug":"jovem-morador-de-ouro-verde-morre-em-acidente-de-moto-proximo-da-penitenciaria-de-dracena","status":"publish","type":"post","link":"https:\/\/jorgezanoni.com.br\/2019\/jovem-morador-de-ouro-verde-morre-em-acidente-de-moto-proximo-da-penitenciaria-de-dracena\/","title":{"rendered":"Jovem morador de Ouro Verde morre em acidente de moto pr\u00f3ximo da Penitenci\u00e1ria de Dracena"},"content":{"rendered":"<p style=\"text-align: justify;\"><strong>Acidente teria acontecido na noite de ontem e corpo encontrado na manh\u00e3 de hoje por populares.<\/strong><\/p>\n<p style=\"text-align: justify;\">Segundo informa\u00e7\u00f5es obtidas junto a Pol\u00edcia Militar de Adamantina, o sinistro que vitimou fatalmente E. F. S. L. de 25 anos, morador de Ouro Verde, foi registrado na manh\u00e3 deste domingo (29), por volta das 09 H. no acesso da Rodovia Eng. Byron de Azevedo Nogueira, SPA 127, a 200 mts. do trevo de acesso do trevo de Ouro Verde, da Rodovia General Euclides de Oliveira Figueiredo, SP-563.<\/p>\n<p style=\"text-align: justify;\">No decorrer da Opera\u00e7\u00e3o Impacto, o Policiamento Rodovi\u00e1rio foi acionado para o registro de um sinistro de tr\u00e2nsito com v\u00edtima, do tipo tombamento, envolvendo um motocicleta Honda\/CG 150 Titan, com placas de Ouro Verde\/SP, onde o ve\u00edculo transitava no sentido Dracena\/SP \u00e0 Ouro Verde\/SP e, por motivos a serem esclarecidos o condutor perdeu o controle da dire\u00e7\u00e3o da motocicleta e tombou as margens da rodovia.<\/p>\n<p style=\"text-align: justify;\">O corpo do jovem foi removido ao IML de Dracena onde passaria por per\u00edcia e ap\u00f3s liberado aos familiares para vel\u00f3rio e sepultamento.<\/p>\n<p><img loading=\"lazy\" decoding=\"async\" class=\"alignnone size-full wp-image-96164\" src=\"https:\/\/jorgezanoni.com.br\/2019\/wp-content\/uploads\/2025\/06\/O-.V-0-Pequeno.jpg\" alt=\"\" width=\"853\" height=\"480\" srcset=\"https:\/\/jorgezanoni.com.br\/2019\/wp-content\/uploads\/2025\/06\/O-.V-0-Pequeno.jpg 853w, https:\/\/jorgezanoni.com.br\/2019\/wp-content\/uploads\/2025\/06\/O-.V-0-Pequeno-300x169.jpg 300w, https:\/\/jorgezanoni.com.br\/2019\/wp-content\/uploads\/2025\/06\/O-.V-0-Pequeno-768x432.jpg 768w, https:\/\/jorgezanoni.com.br\/2019\/wp-content\/uploads\/2025\/06\/O-.V-0-Pequeno-696x392.jpg 696w, https:\/\/jorgezanoni.com.br\/2019\/wp-content\/uploads\/2025\/06\/O-.V-0-Pequeno-746x420.jpg 746w\" sizes=\"auto, (max-width: 853px) 100vw, 853px\" \/><\/p>\n<p style=\"text-align: justify;\">OPM: 2\u00ba BPRv &#8211; 2\u00aa Cia. &#8211;\u00a03\u00b0 Pel, 2\u00aa Cia do 2\u00b0 BPRv.<\/p>\n<p style=\"text-align: justify;\">POL\u00cdCIA MILITAR, RUMO AOS 200 ANOS! VAMOS TODOS JUNTOS. NINGU\u00c9M FICA PARA TR\u00c1S!<\/p>\n<p>Jorge Zanoni<\/p>\n","protected":false},"excerpt":{"rendered":"<p>Acidente teria acontecido na noite de ontem e corpo encontrado na manh\u00e3 de hoje por populares. Segundo informa\u00e7\u00f5es obtidas junto a Pol\u00edcia Militar de Adamantina, o sinistro que vitimou fatalmente E. F. S. L. de 25 anos, morador de Ouro Verde, foi registrado na manh\u00e3 deste domingo (29), por volta das 09 H. no acesso [&hellip;]<\/p>\n","protected":false},"author":1,"featured_media":96163,"comment_status":"closed","ping_status":"open","sticky":false,"template":"","format":"standard","meta":{"footnotes":""},"categories":[170,110],"tags":[],"class_list":["post-96162","post","type-post","status-publish","format-standard","has-post-thumbnail","hentry","category-acidentes","category-noticiasdestaque"],"_links":{"self":[{"href":"https:\/\/jorgezanoni.com.br\/2019\/wp-json\/wp\/v2\/posts\/96162","targetHints":{"allow":["GET"]}}],"collection":[{"href":"https:\/\/jorgezanoni.com.br\/2019\/wp-json\/wp\/v2\/posts"}],"about":[{"href":"https:\/\/jorgezanoni.com.br\/2019\/wp-json\/wp\/v2\/types\/post"}],"author":[{"embeddable":true,"href":"https:\/\/jorgezanoni.com.br\/2019\/wp-json\/wp\/v2\/users\/1"}],"replies":[{"embeddable":true,"href":"https:\/\/jorgezanoni.com.br\/2019\/wp-json\/wp\/v2\/comments?post=96162"}],"version-history":[{"count":2,"href":"https:\/\/jorgezanoni.com.br\/2019\/wp-json\/wp\/v2\/posts\/96162\/revisions"}],"predecessor-version":[{"id":96166,"href":"https:\/\/jorgezanoni.com.br\/2019\/wp-json\/wp\/v2\/posts\/96162\/revisions\/96166"}],"wp:featuredmedia":[{"embeddable":true,"href":"https:\/\/jorgezanoni.com.br\/2019\/wp-json\/wp\/v2\/media\/96163"}],"wp:attachment":[{"href":"https:\/\/jorgezanoni.com.br\/2019\/wp-json\/wp\/v2\/media?parent=96162"}],"wp:term":[{"taxonomy":"category","embeddable":true,"href":"https:\/\/jorgezanoni.com.br\/2019\/wp-json\/wp\/v2\/categories?post=96162"},{"taxonomy":"post_tag","embeddable":true,"href":"https:\/\/jorgezanoni.com.br\/2019\/wp-json\/wp\/v2\/tags?post=96162"}],"curies":[{"name":"wp","href":"https:\/\/api.w.org\/{rel}","templated":true}]}}