{"id":96131,"date":"2025-06-27T21:21:05","date_gmt":"2025-06-27T21:21:05","guid":{"rendered":"https:\/\/jorgezanoni.com.br\/2019\/?p=96131"},"modified":"2025-06-27T21:22:54","modified_gmt":"2025-06-27T21:22:54","slug":"homem-cai-dentro-de-maquina-moedora-de-ceramina-e-morre-em-panorama","status":"publish","type":"post","link":"https:\/\/jorgezanoni.com.br\/2019\/homem-cai-dentro-de-maquina-moedora-de-ceramina-e-morre-em-panorama\/","title":{"rendered":"Homem cai dentro de m\u00e1quina moedora de cer\u00e2mina e morre em Panorama"},"content":{"rendered":"<p style=\"text-align: justify;\"><strong>Informa\u00e7\u00f5es prestadas pelo Corpo de Bombeiros de Dracena que esteve no local, \u00e9 que por volta de 16:42 H desta sexta-feira (27), foram chamados para o socorro a uma pessoa presa em m\u00e1quina.<\/strong><\/p>\n<p style=\"text-align: justify;\">A ocorr\u00eancia que foi registrada como acidente pessoal, aconteceu em uma Cer\u00e2mica localizada na Estrada Aldo Bruno S\/N\u00ba na cidade de Panorama.<\/p>\n<p style=\"text-align: justify;\">O Corpo de Bombeiros atuou com duas viaturas e seis bombeiros, mas infelizmente foi constatado o \u00f3bito no local, ficando a v\u00edtima dilacerada.<\/p>\n<p style=\"text-align: justify;\">A ocorr\u00eancia contou com apoio de m\u00e9dico da Santa Casa, Ambul\u00e2ncia, Pol\u00edcia Militar de Panorama e Per\u00edcia T\u00e9cnica.<\/p>\n<p>O oficial da \u00e1era do CB \u00e9 1\u00ba Ten PM Danilo<\/p>\n<p>Fonte: 14GB &#8211; 3\u00baSGB \u2013 EB MIRANTE<\/p>\n<p>Informa\u00e7\u00e3o do Panorama Not\u00edcias \u00e9 que a v\u00edtima \u00e9 conhecida por Nic\u00e3o.<\/p>\n<p>Jorge Zanoni<\/p>\n","protected":false},"excerpt":{"rendered":"<p>Informa\u00e7\u00f5es prestadas pelo Corpo de Bombeiros de Dracena que esteve no local, \u00e9 que por volta de 16:42 H desta sexta-feira (27), foram chamados para o socorro a uma pessoa presa em m\u00e1quina. A ocorr\u00eancia que foi registrada como acidente pessoal, aconteceu em uma Cer\u00e2mica localizada na Estrada Aldo Bruno S\/N\u00ba na cidade de Panorama. [&hellip;]<\/p>\n","protected":false},"author":1,"featured_media":96132,"comment_status":"closed","ping_status":"open","sticky":false,"template":"","format":"standard","meta":{"footnotes":""},"categories":[170,110,2],"tags":[],"class_list":["post-96131","post","type-post","status-publish","format-standard","has-post-thumbnail","hentry","category-acidentes","category-noticiasdestaque","category-policial"],"_links":{"self":[{"href":"https:\/\/jorgezanoni.com.br\/2019\/wp-json\/wp\/v2\/posts\/96131","targetHints":{"allow":["GET"]}}],"collection":[{"href":"https:\/\/jorgezanoni.com.br\/2019\/wp-json\/wp\/v2\/posts"}],"about":[{"href":"https:\/\/jorgezanoni.com.br\/2019\/wp-json\/wp\/v2\/types\/post"}],"author":[{"embeddable":true,"href":"https:\/\/jorgezanoni.com.br\/2019\/wp-json\/wp\/v2\/users\/1"}],"replies":[{"embeddable":true,"href":"https:\/\/jorgezanoni.com.br\/2019\/wp-json\/wp\/v2\/comments?post=96131"}],"version-history":[{"count":1,"href":"https:\/\/jorgezanoni.com.br\/2019\/wp-json\/wp\/v2\/posts\/96131\/revisions"}],"predecessor-version":[{"id":96133,"href":"https:\/\/jorgezanoni.com.br\/2019\/wp-json\/wp\/v2\/posts\/96131\/revisions\/96133"}],"wp:featuredmedia":[{"embeddable":true,"href":"https:\/\/jorgezanoni.com.br\/2019\/wp-json\/wp\/v2\/media\/96132"}],"wp:attachment":[{"href":"https:\/\/jorgezanoni.com.br\/2019\/wp-json\/wp\/v2\/media?parent=96131"}],"wp:term":[{"taxonomy":"category","embeddable":true,"href":"https:\/\/jorgezanoni.com.br\/2019\/wp-json\/wp\/v2\/categories?post=96131"},{"taxonomy":"post_tag","embeddable":true,"href":"https:\/\/jorgezanoni.com.br\/2019\/wp-json\/wp\/v2\/tags?post=96131"}],"curies":[{"name":"wp","href":"https:\/\/api.w.org\/{rel}","templated":true}]}}