{"id":96127,"date":"2025-06-27T13:14:02","date_gmt":"2025-06-27T13:14:02","guid":{"rendered":"https:\/\/jorgezanoni.com.br\/2019\/?p=96127"},"modified":"2025-06-27T13:18:53","modified_gmt":"2025-06-27T13:18:53","slug":"acao-rapida-da-policia-militar-resulta-na-prisao-de-dois-autores-de-furto-na-rodovia-sp-294-km-671-praca-de-pedagio-sta-mercedes","status":"publish","type":"post","link":"https:\/\/jorgezanoni.com.br\/2019\/acao-rapida-da-policia-militar-resulta-na-prisao-de-dois-autores-de-furto-na-rodovia-sp-294-km-671-praca-de-pedagio-sta-mercedes\/","title":{"rendered":"A\u00e7\u00e3o r\u00e1pida da Pol\u00edcia Militar resulta na pris\u00e3o de dois autores de furto na Rodovia SP-294 KM 671 (Pra\u00e7a de Ped\u00e1gio Sta. Mercedes)"},"content":{"rendered":"<p style=\"text-align: justify;\">Na madrugada desta quinta-feira (27), por volta da 01h39min, policiais militares do 25\u00ba Batalh\u00e3o de Pol\u00edcia Militar do Interior realizavam patrulhamento preventivo no munic\u00edpio de Tupi Paulista quando foram acionados diretamente por uma v\u00edtima relatando o furto de seu ve\u00edculo Ford Versailles, ocorrido instantes antes em frente \u00e0 sua resid\u00eancia. De imediato, a equipe iniciou patrulhamento com vistas ao autom\u00f3vel subtra\u00eddo. Durante dilig\u00eancias pela Rodovia SP-294, nas proximidades da pra\u00e7a de ped\u00e1gio de Santa Mercedes\/SP, os policiais visualizaram um ve\u00edculo Fiat Uno transitando em zigue-zague, ocupado por dois indiv\u00edduos \u2014 homens de 26 e 24 anos \u2014 j\u00e1 conhecidos nos meios policiais. A abordagem foi realizada de forma segura na pra\u00e7a de ped\u00e1gio. Durante entrevista individualizada, um dos abordados confessou que seu comparsa havia furtado o Ford Versailles, o qual apresentou falha mec\u00e2nica e foi abandonado em uma via de Tupi Paulista. Na sequ\u00eancia, o segundo indiv\u00edduo confirmou os fatos e indicou a localiza\u00e7\u00e3o exata do ve\u00edculo. A equipe policial localizou o autom\u00f3vel, acionou a per\u00edcia t\u00e9cnica e a v\u00edtima compareceu ao local para reconhecimento do bem. Diante dos fatos, os dois autores foram conduzidos ao Plant\u00e3o Policial de Dracena, onde permaneceram \u00e0 disposi\u00e7\u00e3o da Justi\u00e7a ap\u00f3s autua\u00e7\u00e3o em flagrante por furto qualificado.<\/p>\n<p><img loading=\"lazy\" decoding=\"async\" class=\"alignnone size-full wp-image-96129\" src=\"https:\/\/jorgezanoni.com.br\/2019\/wp-content\/uploads\/2025\/06\/pedagio-Pequeno.jpg\" alt=\"\" width=\"854\" height=\"393\" srcset=\"https:\/\/jorgezanoni.com.br\/2019\/wp-content\/uploads\/2025\/06\/pedagio-Pequeno.jpg 854w, https:\/\/jorgezanoni.com.br\/2019\/wp-content\/uploads\/2025\/06\/pedagio-Pequeno-300x138.jpg 300w, https:\/\/jorgezanoni.com.br\/2019\/wp-content\/uploads\/2025\/06\/pedagio-Pequeno-768x353.jpg 768w, https:\/\/jorgezanoni.com.br\/2019\/wp-content\/uploads\/2025\/06\/pedagio-Pequeno-696x320.jpg 696w\" sizes=\"auto, (max-width: 854px) 100vw, 854px\" \/><\/p>\n<p>Fonte: Comunica\u00e7\u00e3o Social Pol\u00edcia Militar<\/p>\n","protected":false},"excerpt":{"rendered":"<p>Na madrugada desta quinta-feira (27), por volta da 01h39min, policiais militares do 25\u00ba Batalh\u00e3o de Pol\u00edcia Militar do Interior realizavam patrulhamento preventivo no munic\u00edpio de Tupi Paulista quando foram acionados diretamente por uma v\u00edtima relatando o furto de seu ve\u00edculo Ford Versailles, ocorrido instantes antes em frente \u00e0 sua resid\u00eancia. De imediato, a equipe iniciou [&hellip;]<\/p>\n","protected":false},"author":1,"featured_media":96128,"comment_status":"closed","ping_status":"open","sticky":false,"template":"","format":"standard","meta":{"footnotes":""},"categories":[110,2],"tags":[],"class_list":["post-96127","post","type-post","status-publish","format-standard","has-post-thumbnail","hentry","category-noticiasdestaque","category-policial"],"_links":{"self":[{"href":"https:\/\/jorgezanoni.com.br\/2019\/wp-json\/wp\/v2\/posts\/96127","targetHints":{"allow":["GET"]}}],"collection":[{"href":"https:\/\/jorgezanoni.com.br\/2019\/wp-json\/wp\/v2\/posts"}],"about":[{"href":"https:\/\/jorgezanoni.com.br\/2019\/wp-json\/wp\/v2\/types\/post"}],"author":[{"embeddable":true,"href":"https:\/\/jorgezanoni.com.br\/2019\/wp-json\/wp\/v2\/users\/1"}],"replies":[{"embeddable":true,"href":"https:\/\/jorgezanoni.com.br\/2019\/wp-json\/wp\/v2\/comments?post=96127"}],"version-history":[{"count":1,"href":"https:\/\/jorgezanoni.com.br\/2019\/wp-json\/wp\/v2\/posts\/96127\/revisions"}],"predecessor-version":[{"id":96130,"href":"https:\/\/jorgezanoni.com.br\/2019\/wp-json\/wp\/v2\/posts\/96127\/revisions\/96130"}],"wp:featuredmedia":[{"embeddable":true,"href":"https:\/\/jorgezanoni.com.br\/2019\/wp-json\/wp\/v2\/media\/96128"}],"wp:attachment":[{"href":"https:\/\/jorgezanoni.com.br\/2019\/wp-json\/wp\/v2\/media?parent=96127"}],"wp:term":[{"taxonomy":"category","embeddable":true,"href":"https:\/\/jorgezanoni.com.br\/2019\/wp-json\/wp\/v2\/categories?post=96127"},{"taxonomy":"post_tag","embeddable":true,"href":"https:\/\/jorgezanoni.com.br\/2019\/wp-json\/wp\/v2\/tags?post=96127"}],"curies":[{"name":"wp","href":"https:\/\/api.w.org\/{rel}","templated":true}]}}